{"id":311991,"date":"2025-08-01T23:57:11","date_gmt":"2025-08-01T23:57:11","guid":{"rendered":"https:\/\/www.europesays.com\/de\/311991\/"},"modified":"2025-08-01T23:57:11","modified_gmt":"2025-08-01T23:57:11","slug":"nach-starkregen-langer-stau-auf-suedtangente-karlsruhe","status":"publish","type":"post","link":"https:\/\/www.europesays.com\/de\/311991\/","title":{"rendered":"Nach Starkregen: Langer Stau auf S\u00fcdtangente &#8211; Karlsruhe"},"content":{"rendered":"<p><b\/> Ein starkes Unwetter mit intensiven Regenf\u00e4llen hat am fr\u00fchen Freitagnachmittag insbesondere die Karlsruher Stadtteile Knielingen und Neureut getroffen. Die Feuerwehr <a class=\"rtr-entity\" data-rtr-entity=\"Karlsruhe\" data-rtr-id=\"80c7016b06fa35b3df6c5c0b41fd6df26fb493b1\" data-rtr-score=\"55.461095100864554\" data-rtr-etype=\"location\" data-rtr-index=\"5\" href=\"https:\/\/www.rheinpfalz.de\/themen\/karlsruhe?utm_source=rheinpfalz.de&amp;utm_medium=tms&amp;utm_campaign=intext\" rel=\"nofollow noopener\" target=\"_blank\">Karlsruhe<\/a> verzeichnete laut einer ersten Meldung \u00fcber 100 Eins\u00e4tze, wobei der Gro\u00dfteil auf vollgelaufene Keller und Wasseransammlungen in Geb\u00e4uden zur\u00fcckzuf\u00fchren ist.<\/p>\n<p>Neben den zahlreichen vollgelaufenen Kellern kam es zu mehreren Eins\u00e4tzen mit Einschr\u00e4nkungen f\u00fcr den Stra\u00dfenverkehr: Auf der S\u00fcdtangente st\u00fcrzte ein gr\u00f6\u00dferer Baum quer \u00fcber eine Fahrbahn und blockierte eine komplette Spur. F\u00fcr die sichere Entfernung des Baumes musste die Fahrbahn im betroffenen Abschnitt kurzfristig voll gesperrt werden. Dies f\u00fchrte vor\u00fcbergehend zu erheblichen Verkehrsbehinderungen. Um 15.45 Uhr werden vom Verkehrsfunk noch Verz\u00f6gerungen in Fahrtrichtung Pfalz von etwa  30 Minuten gemeldet. <\/p>\n<p>In der Honsellstra\u00dfe stand die Fahrbahn unter bis zu 40 Zentimetern Wasser. Einsatzkr\u00e4fte mussten dort verstopfte Stra\u00dfeneinl\u00e4ufe \u00f6ffnen, um den Wasserabfluss wiederherzustellen.<\/p>\n<p>Aufgrund des au\u00dfergew\u00f6hnlich hohen Notrufaufkommens wurde die Integrierte Leitstelle Karlsruhe personell verst\u00e4rkt. Zus\u00e4tzliche Disponentinnen und Disponenten aus der Bereitschaft wurden kurzfristig aktiviert, um die Vielzahl an Notrufen entgegenzunehmen und zu koordinieren, hei\u00dft es von der Branddirektion der Stadt Karlsruhe. <\/p>\n","protected":false},"excerpt":{"rendered":"Ein starkes Unwetter mit intensiven Regenf\u00e4llen hat am fr\u00fchen Freitagnachmittag insbesondere die Karlsruher Stadtteile Knielingen und Neureut getroffen.&hellip;\n","protected":false},"author":2,"featured_media":311992,"comment_status":"","ping_status":"","sticky":false,"template":"","format":"standard","meta":{"footnotes":""},"categories":[1844],"tags":[1634,3364,29,985,30,8903,4060,85802],"class_list":{"0":"post-311991","1":"post","2":"type-post","3":"status-publish","4":"format-standard","5":"has-post-thumbnail","7":"category-karlsruhe","8":"tag-baden-wuerttemberg","9":"tag-de","10":"tag-deutschland","11":"tag-feuerwehr","12":"tag-germany","13":"tag-karlsruhe","14":"tag-lokal","15":"tag-suedtangente"},"share_on_mastodon":{"url":"https:\/\/pubeurope.com\/@de\/114956222441857530","error":""},"_links":{"self":[{"href":"https:\/\/www.europesays.com\/de\/wp-json\/wp\/v2\/posts\/311991","targetHints":{"allow":["GET"]}}],"collection":[{"href":"https:\/\/www.europesays.com\/de\/wp-json\/wp\/v2\/posts"}],"about":[{"href":"https:\/\/www.europesays.com\/de\/wp-json\/wp\/v2\/types\/post"}],"author":[{"embeddable":true,"href":"https:\/\/www.europesays.com\/de\/wp-json\/wp\/v2\/users\/2"}],"replies":[{"embeddable":true,"href":"https:\/\/www.europesays.com\/de\/wp-json\/wp\/v2\/comments?post=311991"}],"version-history":[{"count":0,"href":"https:\/\/www.europesays.com\/de\/wp-json\/wp\/v2\/posts\/311991\/revisions"}],"wp:featuredmedia":[{"embeddable":true,"href":"https:\/\/www.europesays.com\/de\/wp-json\/wp\/v2\/media\/311992"}],"wp:attachment":[{"href":"https:\/\/www.europesays.com\/de\/wp-json\/wp\/v2\/media?parent=311991"}],"wp:term":[{"taxonomy":"category","embeddable":true,"href":"https:\/\/www.europesays.com\/de\/wp-json\/wp\/v2\/categories?post=311991"},{"taxonomy":"post_tag","embeddable":true,"href":"https:\/\/www.europesays.com\/de\/wp-json\/wp\/v2\/tags?post=311991"}],"curies":[{"name":"wp","href":"https:\/\/api.w.org\/{rel}","templated":true}]}}