{"id":312033,"date":"2025-08-02T00:22:49","date_gmt":"2025-08-02T00:22:49","guid":{"rendered":"https:\/\/www.europesays.com\/de\/312033\/"},"modified":"2025-08-02T00:22:49","modified_gmt":"2025-08-02T00:22:49","slug":"bundespolizei-schnappt-gepaeckdieb-verurteilung-im-beschleunigten-verfahren","status":"publish","type":"post","link":"https:\/\/www.europesays.com\/de\/312033\/","title":{"rendered":"Bundespolizei schnappt Gep\u00e4ckdieb &#8211; Verurteilung im beschleunigten Verfahren"},"content":{"rendered":"<p>\t\t\t\t\t<img width=\"800\" height=\"501\" src=\"https:\/\/www.europesays.com\/de\/wp-content\/uploads\/2025\/08\/Bundes-Polizei-Bahn.jpg\" class=\"attachment-full size-full wp-post-image\" alt=\"Bundespolizei schnappt Gep\u00e4ckdieb \u2013 Verurteilung im beschleunigten Verfahren\" decoding=\"async\" fetchpriority=\"high\"  \/><\/p>\n<p>Videoauswertung f\u00fchrte schnell zum Fahndungserfolg &#8211; Foto: JPH<\/p>\n<p>\t\t\tAnzeige<br \/><a href=\"https:\/\/www.daniela-busche.de\" target=\"_blank\" rel=\"noopener\"><img decoding=\"async\" src=\"https:\/\/www.europesays.com\/de\/wp-content\/uploads\/2025\/07\/DB_SehndeNews_Anzeige_022.gif\" alt=\"Werben Sie bei Sehnde-News\"\/><\/a><\/p>\n<p>Beamten der Bundespolizeiinspektion in Hannover sind am Montagmorgen, 28.07.2025, von Reisende \u00fcber einen herrenlosen Koffer auf einem Bahnsteig im Hauptbahnhof Hannover informiert worden. Wenig sp\u00e4ter stellte sich jedoch heraus, dass der Koffer zuvor gestohlen worden war. Eine Videoauswertung der \u00dcberwachungskameras auf dem Bahnsteig f\u00fchrte schnell zu einer T\u00e4terbeschreibung.<\/p>\n<p>In einer Sitzgruppe stahl ein 24-j\u00e4hriger Algerier den Aktenkoffer eines 61-j\u00e4hrigen Mannes. Mit dem Diebesgut bewegte sich der T\u00e4ter daraufhin hinauf zum Bahnsteig und stieg in die S-Bahn in Richtung Hameln ein \u2013 allerdings ohne den zuvor mitgenommenen Aktenkoffer. Bei Abfahrt des Zuges stand der dann noch auf dem Bahnsteig.<\/p>\n<p>Aufmerksamen Reisenden fiel danach der herrenlose Gegenstand auf und sie meldeten die Beobachtung einer Streife der Bundespolizei. Die Beamten recherchierten \u00fcber die moderne Video\u00fcberwachungstechnik im Hauptbahnhof Hannover und fanden nicht nur den Eigent\u00fcmer des Aktenkoffers, sondern stellten dazu auch noch die bis dato unbekannte Diebstahlshandlung des 24-J\u00e4hrigen fest.<\/p>\n<p>Gemeinsamer Fahndungserfolg<\/p>\n<p>Mit der Personenbeschreibung und dem Bewegungsprofil kontaktierten die Bundespolizisten die \u00f6rtliche Polizei in Bad M\u00fcnder (Deister) und baten um \u00dcberpr\u00fcfung der ankommenden S-Bahn im \u00f6rtlichen Bahnhof. Kurz nach Halt des Zuges stellten die Landespolizisten den gesuchten Tatverd\u00e4chtigen und nahmen ihn vorl\u00e4ufig festnehmen. Einen Fahrschein f\u00fcr die Fahrt mit dem Zug konnte der Mann dar\u00fcber hinaus auch nicht vorweisen.<\/p>\n<p>Die weitere \u00dcberpr\u00fcfung des 24-J\u00e4hrigen f\u00fchrte bei der Polizei schnell zu einem Ergebnis: In der Vergangenheit war der Mann bereits durch viele andere Raub- und Diebstahlsdelikte aufgefallen. Die zust\u00e4ndige Staatsanwaltschaft in Hannover ordnete daraufhin die Durchf\u00fchrung eines beschleunigten Verfahrens an. Der Algerier wurde kurze Zeit sp\u00e4ter von Einsatzkr\u00e4ften der Bundespolizei abgeholt und in den Polizeigewahrsam in Hannover \u00fcberstellt.<\/p>\n<p>Von dort aus wurde er am Dienstag dem Amtsgericht Hannover vorgef\u00fchrt und wegen des Erschleichens von Leistungen und des Diebstahls zu einer Gesamtfreiheitsstrafe von 5 Monaten und 3 Wochen verurteilt. Das Urteil ist noch nicht rechtskr\u00e4ftig.<\/p>\n<p>Anzeige<br \/><a href=\"https:\/\/www.villamare-sehnde.de\/catering_villamare-catering-sehnde-hannover\/\" target=\"_blank\" rel=\"noopener\"><img decoding=\"async\" src=\"https:\/\/www.europesays.com\/de\/wp-content\/uploads\/2025\/06\/Catering-Villa.gif\" alt=\"Werben Sie bei Sehnde-News\"\/><\/a><\/p>\n","protected":false},"excerpt":{"rendered":"Videoauswertung f\u00fchrte schnell zum Fahndungserfolg &#8211; Foto: JPH Anzeige Beamten der Bundespolizeiinspektion in Hannover sind am Montagmorgen, 28.07.2025,&hellip;\n","protected":false},"author":2,"featured_media":312034,"comment_status":"","ping_status":"","sticky":false,"template":"","format":"standard","meta":{"footnotes":""},"categories":[1836],"tags":[3364,29,30,46,1411,121,7305],"class_list":{"0":"post-312033","1":"post","2":"type-post","3":"status-publish","4":"format-standard","5":"has-post-thumbnail","7":"category-hannover","8":"tag-de","9":"tag-deutschland","10":"tag-germany","11":"tag-hannover","12":"tag-niedersachsen","13":"tag-polizei","14":"tag-region-hannover"},"share_on_mastodon":{"url":"https:\/\/pubeurope.com\/@de\/114956324415814140","error":""},"_links":{"self":[{"href":"https:\/\/www.europesays.com\/de\/wp-json\/wp\/v2\/posts\/312033","targetHints":{"allow":["GET"]}}],"collection":[{"href":"https:\/\/www.europesays.com\/de\/wp-json\/wp\/v2\/posts"}],"about":[{"href":"https:\/\/www.europesays.com\/de\/wp-json\/wp\/v2\/types\/post"}],"author":[{"embeddable":true,"href":"https:\/\/www.europesays.com\/de\/wp-json\/wp\/v2\/users\/2"}],"replies":[{"embeddable":true,"href":"https:\/\/www.europesays.com\/de\/wp-json\/wp\/v2\/comments?post=312033"}],"version-history":[{"count":0,"href":"https:\/\/www.europesays.com\/de\/wp-json\/wp\/v2\/posts\/312033\/revisions"}],"wp:featuredmedia":[{"embeddable":true,"href":"https:\/\/www.europesays.com\/de\/wp-json\/wp\/v2\/media\/312034"}],"wp:attachment":[{"href":"https:\/\/www.europesays.com\/de\/wp-json\/wp\/v2\/media?parent=312033"}],"wp:term":[{"taxonomy":"category","embeddable":true,"href":"https:\/\/www.europesays.com\/de\/wp-json\/wp\/v2\/categories?post=312033"},{"taxonomy":"post_tag","embeddable":true,"href":"https:\/\/www.europesays.com\/de\/wp-json\/wp\/v2\/tags?post=312033"}],"curies":[{"name":"wp","href":"https:\/\/api.w.org\/{rel}","templated":true}]}}