{"id":312039,"date":"2025-08-02T00:25:21","date_gmt":"2025-08-02T00:25:21","guid":{"rendered":"https:\/\/www.europesays.com\/de\/312039\/"},"modified":"2025-08-02T00:25:21","modified_gmt":"2025-08-02T00:25:21","slug":"leichtathletik-zehnkaempfer-nowak-furios-ins-karriereende","status":"publish","type":"post","link":"https:\/\/www.europesays.com\/de\/312039\/","title":{"rendered":"Leichtathletik: Zehnk\u00e4mpfer Nowak furios ins Karriereende"},"content":{"rendered":"<p class=\"metatextline\">Stand: 01.08.2025 19:43 Uhr<\/p>\n<p class=\"textabsatz columns twelve  m-ten  m-offset-one l-eight l-offset-two\">\n        <strong>Zum Abschied noch einen Meistertitel: Tim Nowak hat zum Karriereende den Zehnkampf in Dresden gewonnen. Dominiert hat auch die Siegerin im Siebenkampf: Sandrina Sprengel kann nun auf die Weltmeisterschaft in Tokio hoffen. Auch f\u00fcr Nowak gibt es noch eine WM-Hintert\u00fcr.<\/strong>\n    <\/p>\n<p class=\"textabsatz m-ten m-offset-one l-eight l-offset-two columns twelve\">\nZehnk\u00e4mpfer Tim Nowak hatte vor den Finals sein Karriereende angek\u00fcndigt, Siebenk\u00e4mpferin Sandrine Sprengel erlebte bisher eine Saison zum Vergessen. Doch in Dresden gl\u00e4nzten sowohl der 29-J\u00e4hrige als auch die 21-J\u00e4hrige als deutsche Meister. Nun k\u00f6nnen beide sogar noch auf die WM im September in Tokio hoffen.<\/p>\n<p>    8140 Punkte f\u00fcr Nowak &#8211; 6315 Punkte f\u00fcr Sprengel<\/p>\n<p class=\"textabsatz m-ten m-offset-one l-eight l-offset-two columns twelve\">\nTim Nowak und Sandrine Sprengel sind die deutschen Meister im Leichtathletik-Mehrkampf. Der Ulmer Nowak gewann am Freitag (01.08.2025) im Rahmen der Finals in Dresden mit 8140 Punkten, Sprengel setzte sich mit ihrer pers\u00f6nlichen Bestleistung von 6315 Punkten durch.<\/p>\n<p class=\"textabsatz m-ten m-offset-one l-eight l-offset-two columns twelve\">\nNowak setzte sich im Zehnkampf bereits nach dem vierten Wettkampf und dem bitteren Ausscheiden seines <a href=\"https:\/\/www.sportschau.de\/die-finals\/zehnkampf-drama-um-eitel-nowak-und-sprengel-fuehren,die-finals-leichtathletik-donnerstag-100.html\" title=\"Leichtathletik: Zehnkampf-Drama um Eitel \u2013 Nowak und Sprengel f\u00fchren\" target=\"_blank\" rel=\"noopener\">Teamkollegen Manuel Eitel<\/a> an die Spitze des Klassements. Vor dem finalen Lauf \u00fcber 1500 Meter konnte Nowak praktisch nicht mehr von der Spitze verdr\u00e4ngt werden. Dennoch lief der Zehnkampf-Meister von 2021 das vermutlich letzte Rennen seiner Karriere von vorn. Ziel des Baden-W\u00fcrttembergers: Der Sieg und eine Zeit, die ihm eine Siegerpunktzahl um die 8200 Punkte bringt. Den Sieg lief Nowak locker nach Hause, die 8200 Punkte verpasste er mit seiner Zeit von 4:32,59 Minuten jedoch um gut 15 Sekunden.<\/p>\n<p>    Nowaks Mini-Chance f\u00fcr die WM<\/p>\n<p class=\"textabsatz m-ten m-offset-one l-eight l-offset-two columns twelve\">\nJubelnd \u00fcberquerte Nowak die Ziellinie, sp\u00e4ter lag er nachdenklich auf der Kunststoffbahn des Heinz-Steyer-Stadions. Im letzten Wettkampf seiner Karriere holte er noch einmal Gold.<\/p>\n<p class=\"textabsatz m-ten m-offset-one l-eight l-offset-two columns twelve\">\nLetzter Wettkampf? H\u00f6chstwahrscheinlich. Denn die Hintert\u00fcr, doch noch ein Ticket f\u00fcr die WM im September in Tokio zu bekommen, ist zumindest einen Spalt offen. Die deutschen Zehnkampf-Tickets f\u00fcr die WM haben eigentlich Till Steinforth, Leo Neugebauer und Niklas Kaul sicher. Sollte sich einer aus dem Trio verletzen, k\u00f6nnte Nowak per Wildcard zur WM.<\/p>\n<p>    Neugebauer und Kaul absolvieren Teil-Programm<\/p>\n<p class=\"textabsatz m-ten m-offset-one l-eight l-offset-two columns twelve\">\nVerletzungen, auf die niemand hofft. Zumal das f\u00fcr die WM qualifizierte Trio in diesem Jahr die 8200-Punkte-Marke bereits deutlich knackte. Kaul und Neugebauer waren ebenfalls bei den Finals in Dresden, starteten aber nur in ausgew\u00e4hlten Rennen. Und das erfolgreich: Neugebauer gewann vier seiner sechs Wettk\u00e4mpfe. Im Weitsprung (7,36 Meter), Kugelsto\u00dfen (15,79 Meter), \u00fcber 110 Meter H\u00fcrden (14,41 Sekunden) und im Diskuswerfen (52,52 Meter) war der in den USA trainierende und f\u00fcr Stuttgart startende Deutsche nicht zu schlagen. Kaul geht am Wochenende bei den Spezialisten u.a. im Speerwurf an den Start.<\/p>\n<p>    Erstes Finish seit 2021: Tr\u00e4nen vom DM-Zweiten Bechmann<\/p>\n<p class=\"textabsatz m-ten m-offset-one l-eight l-offset-two columns twelve\">\nSilber und Bronze holten sich bei den Zehnkampf-M\u00e4nnern der Frankfurter Andreas Bechmann (7579 Punkte) und Robin Ott aus dem unterfr\u00e4nkischen Alzenau, der mit 7510 Punkten eine neue pers\u00f6nliche Bestleistung erreichte. Wie Nowak erlebte auch Bechmann ein emotionales Finale. Der 25-J\u00e4hrige beendete seinen ersten Zehnkampf seit 2021 &#8211; und vergoss im Ziel Tr\u00e4nen der Freude.<\/p>\n<p class=\"textabsatz m-ten m-offset-one l-eight l-offset-two columns twelve\">\nBitter verlief der Freitag f\u00fcr den lange auf Rang zwei liegende Aachener Nico Beckers: Erst kam er im Hochsprung nicht \u00fcber die H\u00f6he von 4,10 Meter und den zw\u00f6lften Platz hinaus. Beim Speerwurf zog er sich schlie\u00dflich eine Oberschenkelverletzung zu und musste den Zehnkampf aufgeben.<\/p>\n<p>    Siebenkampf-Meisterin Sprengel: &#8222;Ich bin \u00fcbergl\u00fccklich&#8220;<\/p>\n<p class=\"textabsatz--contains-image  m-six l-five textabsatz columns twelve\">\nDie alte und neue deutsche Meisterin Sandrine Sprengel erlebte bis zu dem Siebenkampf in Dresden eine Saison zum Abhaken. Die Athletin von der Schw\u00e4bischen Alb beendete in dieser Saison noch keinen Siebenkampf, im Mai zog sie sich einen Muskelfaserriss zu und Anfang Juli musste sie einen Wettkampf abbrechen.<\/p>\n<p class=\"absatzbild__info__text\">\n                        Sandrina Sprengel in Dresden\n                    <\/p>\n<p class=\"textabsatz m-ten m-offset-one l-eight l-offset-two columns twelve\">\nDoch in Dresden lief sie zur Bestform auf. &#8222;Es bedeutet mir unglaublich viel, der Mehrkampf hat super Spa\u00df gemacht hier vor dem Publikum&#8220;, jubelte Sprengel nach ihrem Sieg im ZDF. &#8222;Es war mega geil hier zu starten. Ich bin \u00fcbergl\u00fccklich.&#8220; Mit ihrer Marke von 6315 Punkten blieb die Meisterin zwar unter der WM-Norm von 6500 Punkten. Eine Hintert\u00fcr f\u00fcr die WM bleibt aber. Sollte sich die Sportlerin der LG Steinlach-Zollern in der Top 20 der Weltjahresbestenliste platzieren, erh\u00e4lt sie dennoch das Tokio-Ticket. Aktuell steht Sprengel auf Rang 15.<\/p>\n<p>    Wer darf zur WM?<\/p>\n<p class=\"textabsatz m-ten m-offset-one l-eight l-offset-two columns twelve\">&#8222;Ich bin hergekommen, um den Titel zu verteidigen&#8220;, sagte Sprengel. &#8222;Nat\u00fcrlich war im Hinterkopf, dass das Tokio-Ticket noch nicht ganz durch ist. Dass ich ein W\u00f6rtchen mitreden kann, das habe ich erhofft.&#8220; Neben Sprengel haben auch die in Dresden fehlenden Serina Riedel und Vanessa Grimm Chancen auf ein WM-Ticket. Die Saisonbestleistungen von Riedel und Grimm liegen bei 6322 und 6249 Punkten.<\/p>\n<p>    Silber mit pers\u00f6nlicher Bestleistung<\/p>\n<p class=\"textabsatz m-ten m-offset-one l-eight l-offset-two columns twelve\">\nWie Siegerin Sprengel holte sich auch die Silbermedaillengewinnerin ihre Medaille mit neuer pers\u00f6nlicher Bestleistung. Lara Siemer kam auf 5853 Punkte, Bronze ging an Mareike R\u00f6sing, die auf 5831 Punkte kam.<\/p>\n","protected":false},"excerpt":{"rendered":"Stand: 01.08.2025 19:43 Uhr Zum Abschied noch einen Meistertitel: Tim Nowak hat zum Karriereende den Zehnkampf in Dresden&hellip;\n","protected":false},"author":2,"featured_media":312040,"comment_status":"","ping_status":"","sticky":false,"template":"","format":"standard","meta":{"footnotes":""},"categories":[1835],"tags":[3364,29,89007,2386,30,7591,859],"class_list":{"0":"post-312039","1":"post","2":"type-post","3":"status-publish","4":"format-standard","5":"has-post-thumbnail","7":"category-dresden","8":"tag-de","9":"tag-deutschland","10":"tag-die-finals","11":"tag-dresden","12":"tag-germany","13":"tag-leichtathletik","14":"tag-sachsen"},"share_on_mastodon":{"url":"https:\/\/pubeurope.com\/@de\/114956332219012645","error":""},"_links":{"self":[{"href":"https:\/\/www.europesays.com\/de\/wp-json\/wp\/v2\/posts\/312039","targetHints":{"allow":["GET"]}}],"collection":[{"href":"https:\/\/www.europesays.com\/de\/wp-json\/wp\/v2\/posts"}],"about":[{"href":"https:\/\/www.europesays.com\/de\/wp-json\/wp\/v2\/types\/post"}],"author":[{"embeddable":true,"href":"https:\/\/www.europesays.com\/de\/wp-json\/wp\/v2\/users\/2"}],"replies":[{"embeddable":true,"href":"https:\/\/www.europesays.com\/de\/wp-json\/wp\/v2\/comments?post=312039"}],"version-history":[{"count":0,"href":"https:\/\/www.europesays.com\/de\/wp-json\/wp\/v2\/posts\/312039\/revisions"}],"wp:featuredmedia":[{"embeddable":true,"href":"https:\/\/www.europesays.com\/de\/wp-json\/wp\/v2\/media\/312040"}],"wp:attachment":[{"href":"https:\/\/www.europesays.com\/de\/wp-json\/wp\/v2\/media?parent=312039"}],"wp:term":[{"taxonomy":"category","embeddable":true,"href":"https:\/\/www.europesays.com\/de\/wp-json\/wp\/v2\/categories?post=312039"},{"taxonomy":"post_tag","embeddable":true,"href":"https:\/\/www.europesays.com\/de\/wp-json\/wp\/v2\/tags?post=312039"}],"curies":[{"name":"wp","href":"https:\/\/api.w.org\/{rel}","templated":true}]}}