{"id":312049,"date":"2025-08-02T00:30:24","date_gmt":"2025-08-02T00:30:24","guid":{"rendered":"https:\/\/www.europesays.com\/de\/312049\/"},"modified":"2025-08-02T00:30:24","modified_gmt":"2025-08-02T00:30:24","slug":"messe-einstieg-in-dortmund-mit-umfangreichen-programm-fuer-schulabgaenger-im-september","status":"publish","type":"post","link":"https:\/\/www.europesays.com\/de\/312049\/","title":{"rendered":"Messe \u201eEinstieg\u201c in Dortmund mit umfangreichen Programm f\u00fcr Schulabg\u00e4nger: Im September"},"content":{"rendered":"<p>    <a href=\"https:\/\/www.ruhrnachrichten.de\/wp-content\/uploads\/2025\/08\/01\/12\/630_0900_4917605_csm_Einstieg_GmbH_EBlR_7c2d8e7bbb-1648x822.jpg\" rel=\"nofollow noopener\" target=\"_blank\"><\/p>\n<p>            <img decoding=\"async\" fetchpriority=\"high\" src=\"https:\/\/www.europesays.com\/de\/wp-content\/uploads\/2025\/08\/630_0900_4917604_csm_Einstieg_GmbH_EBlR_7c2d8e7bbb-640x428.jpg\" width=\"640\" height=\"428\"  alt=\"Zahlreiche Unternehmen pr\u00e4sentieren sich bei der Messe Einstieg jungen Berufseinsteigern.\"\/><\/p>\n<p>    <\/a><br \/>\n    Zahlreiche Unternehmen pr\u00e4sentieren sich bei der Messe Einstieg jungen Berufseinsteigern. \u00a9 Einstieg GmbH<\/p>\n<p class=\"article__teaser-text\">Die Ausbildungs- und Studienmesse \u201eEinstieg\u201c hat in Dortmund bereits Tradition. Nun wurde das Programm der Messe f\u00fcr dieses Jahr vorgestellt.<\/p>\n<p>2 Min Lesezeit<\/p>\n<p>Die Ausbildungs- und Studienmesse \u201eEinstieg Dortmund\u201c \u00f6ffnet laut einer aktuellen Pressemitteilung im September wieder ihre Tore in der Messe Dortmund. Die Veranstaltung findet am Freitag, den 5. September 2025, von 9 bis 14 Uhr und am Samstag, den 6. September 2025, von 10 bis 16 Uhr in der Halle 8 statt. Der Eintritt ist kostenlos, allerdings nur mit einem Online-Ticket m\u00f6glich.<\/p>\n<p>Die traditionsreiche Veranstaltung richtet sich an Jugendliche im Alter von 14 bis 23 Jahren, die sich auf ihre berufliche Zukunft vorbereiten, sowie an Lehrkr\u00e4fte und Eltern, die sie dabei unterst\u00fctzen. Mehr als 80 Aussteller, darunter nationale und internationale Hochschulen, Ausbildungsbetriebe, Kammern, Verb\u00e4nde und Anbieter von Gap-Year-Programmen, stellen ihre Angebote vor. Diese Vielfalt erm\u00f6glicht es den Besucher:innen, umfassende Informationen \u00fcber Ausbildungs-, Studien- und Auslandsprogramme sowie Freiwilligendienste zu sammeln.<\/p>\n<p>Umfangreiches Programm<\/p>\n<p>Ein zentrales Element der Messe ist die M\u00f6glichkeit zur pers\u00f6nlichen Beratung. Zahlreiche Azubis, Studierende sowie Personalverantwortliche stehen bereit, um Fragen zu kl\u00e4ren. Die Besucher und Besucherinnen k\u00f6nnen sich dar\u00fcber informieren, wie ein Studium abl\u00e4uft, welche Schulabschl\u00fcsse f\u00fcr bestimmte Ausbildungen notwendig sind, welche Fristen einzuhalten sind und wie die Gehaltsaussichten nach der Ausbildung aussehen. Zus\u00e4tzlich bieten Mitmach-Stationen praxisnahe Einblicke in verschiedene berufliche Alltagswelten, was den Jugendlichen eine wertvolle Orientierungshilfe bietet.<\/p>\n<p>Ein weiteres Highlight sind die sogenannten Themen Walks und der Interessencheck. Die 12 Themen Walks richten sich nach spezifischen Interessensgebieten wie \u201eMedien\u201c, \u201eKarriere beim Staat\u201c, \u201eGo international\u201c und \u201eAlltagshelden\u201c, was den Teilnehmern hilft, passende Ausstellern gezielt zu finden und ihre Messezeit effektiv zu nutzen. Erg\u00e4nzend dazu erm\u00f6glicht der kostenlose Interessencheck eine noch gezieltere Orientierung.<\/p>\n<p>F\u00fcr jene, die sich noch unsicher bei der Berufswahl f\u00fchlen, steht das Berufswahl-Speed-Coaching zur Verf\u00fcgung, das den Jugendlichen professionelle Unterst\u00fctzung bei der Identifizierung ihrer F\u00e4higkeiten und potenzieller Berufswege bietet. Das umfangreiche B\u00fchnenprogramm der \u201eEinstieg\u201c-B\u00fchne umfasst zahlreiche Vortr\u00e4ge rund um die Themen Orientierung, Praktikum und Karriere. Auch Eltern kommen nicht zu kurz und erhalten wertvolle Tipps, wie sie ihre Kinder bei deren Berufsfindung tatkr\u00e4ftig unterst\u00fctzen k\u00f6nnen.<\/p>\n<p>An besonders engagierte Jugendliche vergeben Aussteller ein \u201eGolden Ticket\u201c, um ihnen den direkten Weg zu einem Vorstellungsgespr\u00e4ch zu ebnen.<\/p>\n<p>Zudem bietet die Messe spezielle Anreize f\u00fcr Schulklassen: Partnerschulen, die am Messetag mit mindestens 90 Teilnehmer:innen erscheinen, erhalten eine F\u00f6rderung von 200 Euro zur Unterst\u00fctzung der Anreisekosten oder zur Aufstockung der Klassenkasse. Am Samstag haben Schulgruppen mit mindestens 30 Teilnehmer:innen die M\u00f6glichkeit, diese F\u00f6rdersumme zu erhalten.<\/p>\n<p>Weitere Informationen zur Messe sind auf der Website <a href=\"https:\/\/www.einstieg.com\/dortmund\" rel=\"nofollow noopener\" target=\"_blank\">einstieg.com\/dortmund<\/a> verf\u00fcgbar.<\/p>\n","protected":false},"excerpt":{"rendered":"Zahlreiche Unternehmen pr\u00e4sentieren sich bei der Messe Einstieg jungen Berufseinsteigern. \u00a9 Einstieg GmbH Die Ausbildungs- und Studienmesse \u201eEinstieg\u201c&hellip;\n","protected":false},"author":2,"featured_media":312050,"comment_status":"","ping_status":"","sticky":false,"template":"","format":"standard","meta":{"footnotes":""},"categories":[1833],"tags":[89660,3364,29,217,30,1209,173],"class_list":{"0":"post-312049","1":"post","2":"type-post","3":"status-publish","4":"format-standard","5":"has-post-thumbnail","7":"category-dortmund","8":"tag-ausbildung-und-studium","9":"tag-de","10":"tag-deutschland","11":"tag-dortmund","12":"tag-germany","13":"tag-nordrhein-westfalen","14":"tag-unternehmen"},"share_on_mastodon":{"url":"https:\/\/pubeurope.com\/@de\/114956352011467860","error":""},"_links":{"self":[{"href":"https:\/\/www.europesays.com\/de\/wp-json\/wp\/v2\/posts\/312049","targetHints":{"allow":["GET"]}}],"collection":[{"href":"https:\/\/www.europesays.com\/de\/wp-json\/wp\/v2\/posts"}],"about":[{"href":"https:\/\/www.europesays.com\/de\/wp-json\/wp\/v2\/types\/post"}],"author":[{"embeddable":true,"href":"https:\/\/www.europesays.com\/de\/wp-json\/wp\/v2\/users\/2"}],"replies":[{"embeddable":true,"href":"https:\/\/www.europesays.com\/de\/wp-json\/wp\/v2\/comments?post=312049"}],"version-history":[{"count":0,"href":"https:\/\/www.europesays.com\/de\/wp-json\/wp\/v2\/posts\/312049\/revisions"}],"wp:featuredmedia":[{"embeddable":true,"href":"https:\/\/www.europesays.com\/de\/wp-json\/wp\/v2\/media\/312050"}],"wp:attachment":[{"href":"https:\/\/www.europesays.com\/de\/wp-json\/wp\/v2\/media?parent=312049"}],"wp:term":[{"taxonomy":"category","embeddable":true,"href":"https:\/\/www.europesays.com\/de\/wp-json\/wp\/v2\/categories?post=312049"},{"taxonomy":"post_tag","embeddable":true,"href":"https:\/\/www.europesays.com\/de\/wp-json\/wp\/v2\/tags?post=312049"}],"curies":[{"name":"wp","href":"https:\/\/api.w.org\/{rel}","templated":true}]}}