{"id":312099,"date":"2025-08-02T00:58:21","date_gmt":"2025-08-02T00:58:21","guid":{"rendered":"https:\/\/www.europesays.com\/de\/312099\/"},"modified":"2025-08-02T00:58:21","modified_gmt":"2025-08-02T00:58:21","slug":"warum-lungenkrebs-auch-nichtraucher-betrifft-ursachen-und-schutzmassnahmen","status":"publish","type":"post","link":"https:\/\/www.europesays.com\/de\/312099\/","title":{"rendered":"Warum Lungenkrebs auch Nichtraucher betrifft: Ursachen und Schutzma\u00dfnahmen"},"content":{"rendered":"<p><strong>LONDON (IT BOLTWISE) \u2013 Lungenkrebs ist eine der h\u00e4ufigsten Krebserkrankungen weltweit und wird oft mit Rauchen in Verbindung gebracht. Doch auch Nichtraucher sind zunehmend betroffen, was auf eine Vielzahl von Umwelt- und genetischen Faktoren zur\u00fcckzuf\u00fchren ist.<\/strong><\/p>\n<p>Lungenkrebs ist eine der f\u00fchrenden Todesursachen weltweit und wird h\u00e4ufig mit dem Rauchen in Verbindung gebracht. Doch auch Nichtraucher sind zunehmend betroffen, was auf eine Vielzahl von Umwelt- und genetischen Faktoren zur\u00fcckzuf\u00fchren ist. Eine der Hauptursachen f\u00fcr Lungenkrebs bei Nichtrauchern ist die Exposition gegen\u00fcber Radon, einem radioaktiven Gas, das in vielen Haushalten vorkommt. Radon entsteht durch den Zerfall von Uran im Boden und kann durch Risse und Spalten in Geb\u00e4uden eindringen. Regelm\u00e4\u00dfige Tests und die richtige Bel\u00fcftung k\u00f6nnen helfen, das Risiko zu minimieren. Ein weiterer bedeutender Risikofaktor ist die Belastung durch Feinstaub und Luftverschmutzung. In st\u00e4dtischen Gebieten, wo die Luftqualit\u00e4t oft schlechter ist, steigt das Risiko f\u00fcr Lungenkrebs. Der Einsatz von Schutzmasken und die Begrenzung der Zeit im Freien an Tagen mit hoher Luftverschmutzung k\u00f6nnen Schutz bieten. Auch die Wahl der Brennstoffe beim Kochen spielt eine Rolle. In vielen Entwicklungsl\u00e4ndern wird noch mit festen Brennstoffen wie Holz oder Kohle gekocht, was zu einer hohen Belastung durch Schadstoffe f\u00fchrt. Der Umstieg auf saubere Energiequellen und die Installation von Abzugshauben kann das Risiko erheblich senken. Am Arbeitsplatz sollten Menschen, die mit gef\u00e4hrlichen Materialien arbeiten, stets die vorgeschriebenen Schutzma\u00dfnahmen einhalten. Dies gilt insbesondere f\u00fcr Berufe in der Bauindustrie oder in der chemischen Produktion. Schlie\u00dflich spielt auch die genetische Veranlagung eine Rolle. Menschen mit einer famili\u00e4ren Vorgeschichte von Lungenkrebs oder die zu Hochrisikogruppen geh\u00f6ren, sollten regelm\u00e4\u00dfige Gesundheitschecks in Betracht ziehen. Diese Ma\u00dfnahmen k\u00f6nnen helfen, Lungenkrebs fr\u00fchzeitig zu erkennen und die \u00dcberlebenschancen zu verbessern.<\/p>\n<p><a title=\"Hat Ihnen der Artikel bzw. die News - Warum Lungenkrebs auch Nichtraucher betrifft: Ursachen und Schutzma\u00dfnahmen - gefallen? Dann abonnieren Sie uns doch auf Insta: AI News, Tech Trends &amp; Robotics - Instagram - Boltwise\" style=\"border:0 !important;\" href=\"https:\/\/www.it-boltwise.de\/q295\" target=\"_blank\" rel=\"nofollow noopener\"><img loading=\"lazy\" width=\"980\" height=\"774\" decoding=\"async\" title=\"Hat Ihnen der Artikel bzw. die News - Warum Lungenkrebs auch Nichtraucher betrifft: Ursachen und Schutzma\u00dfnahmen - gefallen? Dann abonnieren Sie uns doch auf Insta: AI News, Tech Trends &amp; Robotics - Instagram - Boltwise\" alt=\"Hat Ihnen der Artikel bzw. die News - Warum Lungenkrebs auch Nichtraucher betrifft: Ursachen und Schutzma\u00dfnahmen - gefallen? Dann abonnieren Sie uns doch auf Insta: AI News, Tech Trends &amp; Robotics - Instagram - Boltwise\" src=\"https:\/\/www.europesays.com\/de\/wp-content\/uploads\/2025\/08\/1754096299_726_instagram.png\" style=\"width:100%;-webkit-filter: grayscale(0) !important;filter: grayscale(0) !important;\"\/><\/a><\/p>\n<p>        <img loading=\"lazy\" width=\"512\" height=\"512\" decoding=\"async\" style=\"width:42px;\" src=\"https:\/\/www.europesays.com\/de\/wp-content\/uploads\/2025\/08\/1754096300_452_4698570_email_inbox_letter_message_notifications_icon.png\"\/><\/p>\n<p>            <strong>Unseren KI-Morning-Newsletter \u00abDer KI<br \/>\n                News Espresso\u00bb mit den besten KI-News des letzten Tages gratis per eMail &#8211; ohne Werbung:<br \/>\n                <a style=\"color:#8351a9;\" href=\"https:\/\/www.it-boltwise.de\/ki-morning-newsletter\" rel=\"nofollow noopener\" target=\"_blank\">Hier kostenlos eintragen!<\/a><br \/>\n            <\/strong><\/p>\n<p><\/p>\n<p>        <a href=\"https:\/\/www.europesays.com\/de\/wp-content\/uploads\/2025\/08\/ai-lung_cancer_non_smokers.jpg\" class=\"itbw-article-image-container open-in-lightbox\" data-slb-active=\"1\" data-slb-asset=\"1174852984\" data-slb-internal=\"0\" data-slb-group=\"666523\"><br \/>\n            <img loading=\"lazy\" width=\"1024\" height=\"1024\" decoding=\"async\" itemprop=\"image\" src=\"https:\/\/www.europesays.com\/de\/wp-content\/uploads\/2025\/08\/ai-lung_cancer_non_smokers.jpg\" alt=\"Warum Lungenkrebs auch Nichtraucher betrifft: Ursachen und Schutzma\u00dfnahmen\" title=\"Warum Lungenkrebs auch Nichtraucher betrifft: Ursachen und Schutzma\u00dfnahmen\" class=\"open-in-lightbox size-full wp-image-666523\"\/><br \/>\n        <\/a>Warum Lungenkrebs auch Nichtraucher betrifft: Ursachen und Schutzma\u00dfnahmen (Foto: DALL-E, IT BOLTWISE)<\/p>\n<p>Erg\u00e4nzungen und Infos bitte an die Redaktion per eMail an de-info[at]it-boltwise.de. Da wir bei KI-erzeugten News und Inhalten selten auftretende KI-Halluzinationen nicht ausschlie\u00dfen k\u00f6nnen, bitten wir Sie bei Falschangaben und Fehlinformationen uns via eMail zu kontaktieren und zu informieren. Bitte vergessen Sie nicht in der eMail die Artikel-Headline zu nennen: <strong>&#8222;Warum Lungenkrebs auch Nichtraucher betrifft: Ursachen und Schutzma\u00dfnahmen&#8220;<\/strong>.<\/p>\n","protected":false},"excerpt":{"rendered":"LONDON (IT BOLTWISE) \u2013 Lungenkrebs ist eine der h\u00e4ufigsten Krebserkrankungen weltweit und wird oft mit Rauchen in Verbindung&hellip;\n","protected":false},"author":2,"featured_media":312100,"comment_status":"","ping_status":"","sticky":false,"template":"","format":"standard","meta":{"footnotes":""},"categories":[137],"tags":[29,30,141,232],"class_list":{"0":"post-312099","1":"post","2":"type-post","3":"status-publish","4":"format-standard","5":"has-post-thumbnail","7":"category-gesundheit","8":"tag-deutschland","9":"tag-germany","10":"tag-gesundheit","11":"tag-health"},"share_on_mastodon":{"url":"https:\/\/pubeurope.com\/@de\/114956462038576047","error":""},"_links":{"self":[{"href":"https:\/\/www.europesays.com\/de\/wp-json\/wp\/v2\/posts\/312099","targetHints":{"allow":["GET"]}}],"collection":[{"href":"https:\/\/www.europesays.com\/de\/wp-json\/wp\/v2\/posts"}],"about":[{"href":"https:\/\/www.europesays.com\/de\/wp-json\/wp\/v2\/types\/post"}],"author":[{"embeddable":true,"href":"https:\/\/www.europesays.com\/de\/wp-json\/wp\/v2\/users\/2"}],"replies":[{"embeddable":true,"href":"https:\/\/www.europesays.com\/de\/wp-json\/wp\/v2\/comments?post=312099"}],"version-history":[{"count":0,"href":"https:\/\/www.europesays.com\/de\/wp-json\/wp\/v2\/posts\/312099\/revisions"}],"wp:featuredmedia":[{"embeddable":true,"href":"https:\/\/www.europesays.com\/de\/wp-json\/wp\/v2\/media\/312100"}],"wp:attachment":[{"href":"https:\/\/www.europesays.com\/de\/wp-json\/wp\/v2\/media?parent=312099"}],"wp:term":[{"taxonomy":"category","embeddable":true,"href":"https:\/\/www.europesays.com\/de\/wp-json\/wp\/v2\/categories?post=312099"},{"taxonomy":"post_tag","embeddable":true,"href":"https:\/\/www.europesays.com\/de\/wp-json\/wp\/v2\/tags?post=312099"}],"curies":[{"name":"wp","href":"https:\/\/api.w.org\/{rel}","templated":true}]}}