{"id":312118,"date":"2025-08-02T01:08:23","date_gmt":"2025-08-02T01:08:23","guid":{"rendered":"https:\/\/www.europesays.com\/de\/312118\/"},"modified":"2025-08-02T01:08:23","modified_gmt":"2025-08-02T01:08:23","slug":"entschleunigung-im-kieler-stadtmuseum-slow-art-laedt-zur-bewussten-kunstbetrachtung-ein","status":"publish","type":"post","link":"https:\/\/www.europesays.com\/de\/312118\/","title":{"rendered":"Entschleunigung im Kieler Stadtmuseum: &#8222;Slow Art&#8220; l\u00e4dt zur bewussten Kunstbetrachtung ein"},"content":{"rendered":"<br \/>\n<tr>\n<td>Wann:<\/td>\n<td>Freitag, 8. August 2025, 16.00 Uhr<\/td>\n<\/tr>\n<tr>\n<td>Wo:<\/td>\n<td>Stadtmuseum Warleberger Hof<\/td>\n<\/tr>\n<tr>\n<td>Eintritt:<\/td>\n<td>frei, um Anmeldung wird gebeten unter der Telefonnummer 0431\/9013425<\/td>\n<\/tr>\n<p>   Kunst braucht Zeit <\/p>\n<p><strong>Der Alltag l\u00e4sst oft wenig Raum f\u00fcr tiefe kulturelle Erfahrungen<\/strong>. Museumsbesuche werden h\u00e4ufig schnell abgehakt, Kunstwerke nur oberfl\u00e4chlich betrachtet. Das Kieler Stadtmuseum setzt mit<strong> &#8222;Slow Art&#8220; <\/strong>bewusst einen Gegenpol zu dieser Hektik.<\/p>\n<p>Das innovative F\u00fchrungsformat basiert auf einem einfachen Prinzip: Echte Kunstwahrnehmung entsteht nicht durch schnelles Durchlaufen der R\u00e4ume, sondern durch <strong>ruhige und intensive Auseinandersetzung mit jedem einzelnen Werk<\/strong>. Die Teilnehmer erhalten die M\u00f6glichkeit, die Ausstellung in ihrem eigenen Tempo zu erkunden.<\/p>\n<p> Historische Fotografien neu entdecken <\/p>\n<p>Die &#8222;Slow Art&#8220;-F\u00fchrung findet in der Ausstellung <a title=\"kiel-magazin.de \u2013 Momente einer Stadt\" href=\"https:\/\/www.kiel-magazin.de\/..\/artikel\/ausstellung-momente-einer-stadt\" rel=\"nofollow noopener\" target=\"_blank\">&#8222;Momente einer Stadt. Fotos der Lichtbildstelle 1900-1950&#8220;<\/a> statt. Diese Sammlung <strong>zeigt historische Aufnahmen, die Kiels Entwicklung \u00fcber f\u00fcnf Jahrzehnte dokumentieren<\/strong>. Die Fotografien der st\u00e4dtischen Lichtbildstelle bieten einzigartige Einblicke in das Leben und die Ver\u00e4nderungen der Landeshauptstadt.<\/p>\n<p>Unter der<strong> Leitung von Dr. Michaela Wilk <\/strong>k\u00f6nnen die Besucher diese historischen Dokumente v\u00f6llig neu erfahren. Die Kunsthistorikerin und Kunsttherapeutin f\u00fchrt die Gruppe durch die Ausstellung und <strong>ermutigt zu einer sinnesempfindenden und wahrnehmenden Betrachtung<\/strong>.<\/p>\n<p> Fokus auf Details und Nuancen <\/p>\n<p>Bei der \u201eSlow Art&#8220;-F\u00fchrung steht nicht die Quantit\u00e4t der betrachteten Werke im Vordergrund, sondern die Qualit\u00e4t der Wahrnehmung. <strong>Die Teilnehmerinnen und Teilnehmer lernen, auf Details zu achten, die bei oberfl\u00e4chlicher Betrachtung verborgen bleiben<\/strong>. Subtile Nuancen in Licht und Schatten, Bildkomposition und historische Kontexte werden bewusst wahrgenommen.<\/p>\n<p>Dr. Michaela Wilk bringt <strong>ihre Expertise als Kunsthistorikerin und ihre therapeutische Erfahrung<\/strong> in die F\u00fchrung ein. Sie zeigt den Besuchern, wie sie ihre Aufmerksamkeit sch\u00e4rfen und eine tiefere Verbindung zu den Kunstwerken aufbauen k\u00f6nnen.<\/p>\n<p> Kostenfreie Teilnahme mit Anmeldung <\/p>\n<p>Das Stadtmuseum Warleberger Hof in der D\u00e4nischen Stra\u00dfe 19 <strong>bietet die &#8222;Slow Art&#8220;-F\u00fchrung kostenfrei an<\/strong>. Interessierte k\u00f6nnen sich <strong>unter der Telefonnummer 0431\/9013425 anmelden<\/strong>. Die einst\u00fcndige Veranstaltung am Freitag, 8. August 2025, von 16.00 bis 17.00 Uhr verspricht eine intensive und entschleunigte Kunsterfahrung.<\/p>\n","protected":false},"excerpt":{"rendered":"Wann: Freitag, 8. August 2025, 16.00 Uhr Wo: Stadtmuseum Warleberger Hof Eintritt: frei, um Anmeldung wird gebeten unter&hellip;\n","protected":false},"author":2,"featured_media":312119,"comment_status":"","ping_status":"","sticky":false,"template":"","format":"standard","meta":{"footnotes":""},"categories":[1852],"tags":[3364,29,548,663,3934,30,13,4949,14,15,12,1971],"class_list":{"0":"post-312118","1":"post","2":"type-post","3":"status-publish","4":"format-standard","5":"has-post-thumbnail","7":"category-kiel","8":"tag-de","9":"tag-deutschland","10":"tag-eu","11":"tag-europa","12":"tag-europe","13":"tag-germany","14":"tag-headlines","15":"tag-kiel","16":"tag-nachrichten","17":"tag-news","18":"tag-schlagzeilen","19":"tag-schleswig-holstein"},"share_on_mastodon":{"url":"https:\/\/pubeurope.com\/@de\/114956501518825744","error":""},"_links":{"self":[{"href":"https:\/\/www.europesays.com\/de\/wp-json\/wp\/v2\/posts\/312118","targetHints":{"allow":["GET"]}}],"collection":[{"href":"https:\/\/www.europesays.com\/de\/wp-json\/wp\/v2\/posts"}],"about":[{"href":"https:\/\/www.europesays.com\/de\/wp-json\/wp\/v2\/types\/post"}],"author":[{"embeddable":true,"href":"https:\/\/www.europesays.com\/de\/wp-json\/wp\/v2\/users\/2"}],"replies":[{"embeddable":true,"href":"https:\/\/www.europesays.com\/de\/wp-json\/wp\/v2\/comments?post=312118"}],"version-history":[{"count":0,"href":"https:\/\/www.europesays.com\/de\/wp-json\/wp\/v2\/posts\/312118\/revisions"}],"wp:featuredmedia":[{"embeddable":true,"href":"https:\/\/www.europesays.com\/de\/wp-json\/wp\/v2\/media\/312119"}],"wp:attachment":[{"href":"https:\/\/www.europesays.com\/de\/wp-json\/wp\/v2\/media?parent=312118"}],"wp:term":[{"taxonomy":"category","embeddable":true,"href":"https:\/\/www.europesays.com\/de\/wp-json\/wp\/v2\/categories?post=312118"},{"taxonomy":"post_tag","embeddable":true,"href":"https:\/\/www.europesays.com\/de\/wp-json\/wp\/v2\/tags?post=312118"}],"curies":[{"name":"wp","href":"https:\/\/api.w.org\/{rel}","templated":true}]}}