{"id":312242,"date":"2025-08-02T02:22:22","date_gmt":"2025-08-02T02:22:22","guid":{"rendered":"https:\/\/www.europesays.com\/de\/312242\/"},"modified":"2025-08-02T02:22:22","modified_gmt":"2025-08-02T02:22:22","slug":"dlf-podcast-tech-bro-topia-beleuchtet-denkmuster-der-milliardaere-aus-dem-silicon-valley","status":"publish","type":"post","link":"https:\/\/www.europesays.com\/de\/312242\/","title":{"rendered":"DLF-Podcast &#8222;Tech Bro Topia&#8220; beleuchtet Denkmuster der Milliard\u00e4re aus dem Silicon Valley."},"content":{"rendered":"<p>        <a href=\"https:\/\/www.turi2.de\/aktuell\/dlf-podcast-tech-bro-topia-beleuchtet-denkmuster-der-milliardaere-aus-dem-silicon-valley\/\" class=\"title-aktuell\" rel=\"nofollow noopener\" target=\"_blank\">DLF-Podcast \u201cTech Bro Topia\u201d beleuchtet Denkmuster der Milliard\u00e4re aus dem Silicon Valley.<\/a><\/p>\n<p><a href=\"https:\/\/www.deutschlandradio.de\/tech-bro-topia-100.html\" rel=\"noopener noreferrer nofollow\" target=\"_blank\"><img loading=\"lazy\" decoding=\"async\" src=\"https:\/\/www.europesays.com\/de\/wp-content\/uploads\/2025\/08\/Tech-Bro-Topia-600.jpg\" alt=\"\" width=\"600\" height=\"400\" class=\"alignnone size-full wp-image-4076792\"\/><\/a><br \/>&#13;<br \/>\n<strong>Dystopische Dudes:<\/strong> Die sechs\u00adteilige Podcast-Serie &#8222;Tech Bro Topia&#8220; vom <strong>Deutschlandfunk<\/strong> ergr\u00fcndet das Weltbild der Milliard\u00e4re aus dem Silicon Valley und setzt sich u.a. mit den Denkmustern von <strong>Elon Musk<\/strong> und <strong>J.D. Vance<\/strong>, den Einfl\u00fcssen des Risiko\u00adkapital\u00adgebers <strong>Marc Andreessen<\/strong> und des neo-reaktion\u00e4ren Vordenkers <strong>Curtis Yarvin<\/strong> auseinander. \u00dcber Monate hat das Recherche-Team daf\u00fcr die Strukturen und historischen Bez\u00fcge der &#8222;Tech Bros&#8220; untersucht und mit Weggef\u00e4hrten, Autoren und Forschern gesprochen. Die Serie kn\u00fcpft an die erfolgreiche <a href=\"https:\/\/www.deutschlandfunk.de\/die-peter-thiel-story-100.html\" rel=\"noopener noreferrer nofollow\" target=\"_blank\">Peter Thiel Story<\/a> an, die schon mehr als 5 Mio Mal abgerufen wurde. <br \/>&#13;<br \/>\n<a href=\"https:\/\/www.deutschlandradio.de\/tech-bro-topia-100.html\" rel=\"noopener noreferrer nofollow\" target=\"_blank\">deutschlandradio.de<\/a> (Ank\u00fcndigung), <a href=\"https:\/\/www.deutschlandfunk.de\/tech-bro-topia-milliardaere-oligarchen-musk-thiel-yarvin-vance-silicon-valley-100.html\" rel=\"noopener noreferrer nofollow\" target=\"_blank\">deutschlandfunk.de<\/a> (6 Folgen \u00e0 ca 30 Minuten)<\/p>\n<p>(Bild: Deutschlandfunk)<\/p>\n<p><a href=\"https:\/\/www.turi2.de\/tag\/audio\/\" rel=\"tag nofollow noopener\" target=\"_blank\">Audio<\/a> <a href=\"https:\/\/www.turi2.de\/tag\/journalismus\/\" rel=\"tag nofollow noopener\" target=\"_blank\">Journalismus<\/a> <a href=\"https:\/\/www.turi2.de\/tag\/podcast\/\" rel=\"tag nofollow noopener\" target=\"_blank\">Podcast<\/a> <a href=\"https:\/\/www.turi2.de\/tag\/politik\/\" rel=\"tag nofollow noopener\" target=\"_blank\">Politik<\/a> <a href=\"https:\/\/www.turi2.de\/tag\/wirtschaft\/\" rel=\"tag nofollow noopener\" target=\"_blank\">Wirtschaft<\/a>      <\/p>\n","protected":false},"excerpt":{"rendered":"DLF-Podcast \u201cTech Bro Topia\u201d beleuchtet Denkmuster der Milliard\u00e4re aus dem Silicon Valley. &#13; Dystopische Dudes: Die sechs\u00adteilige Podcast-Serie&hellip;\n","protected":false},"author":2,"featured_media":312243,"comment_status":"","ping_status":"","sticky":false,"template":"","format":"standard","meta":{"footnotes":""},"categories":[135],"tags":[29,30,190,189,194,191,193,192],"class_list":{"0":"post-312242","1":"post","2":"type-post","3":"status-publish","4":"format-standard","5":"has-post-thumbnail","7":"category-wissenschaft-technik","8":"tag-deutschland","9":"tag-germany","10":"tag-science","11":"tag-science-technology","12":"tag-technik","13":"tag-technology","14":"tag-wissenschaft","15":"tag-wissenschaft-technik"},"share_on_mastodon":{"url":"https:\/\/pubeurope.com\/@de\/114956792351032254","error":""},"_links":{"self":[{"href":"https:\/\/www.europesays.com\/de\/wp-json\/wp\/v2\/posts\/312242","targetHints":{"allow":["GET"]}}],"collection":[{"href":"https:\/\/www.europesays.com\/de\/wp-json\/wp\/v2\/posts"}],"about":[{"href":"https:\/\/www.europesays.com\/de\/wp-json\/wp\/v2\/types\/post"}],"author":[{"embeddable":true,"href":"https:\/\/www.europesays.com\/de\/wp-json\/wp\/v2\/users\/2"}],"replies":[{"embeddable":true,"href":"https:\/\/www.europesays.com\/de\/wp-json\/wp\/v2\/comments?post=312242"}],"version-history":[{"count":0,"href":"https:\/\/www.europesays.com\/de\/wp-json\/wp\/v2\/posts\/312242\/revisions"}],"wp:featuredmedia":[{"embeddable":true,"href":"https:\/\/www.europesays.com\/de\/wp-json\/wp\/v2\/media\/312243"}],"wp:attachment":[{"href":"https:\/\/www.europesays.com\/de\/wp-json\/wp\/v2\/media?parent=312242"}],"wp:term":[{"taxonomy":"category","embeddable":true,"href":"https:\/\/www.europesays.com\/de\/wp-json\/wp\/v2\/categories?post=312242"},{"taxonomy":"post_tag","embeddable":true,"href":"https:\/\/www.europesays.com\/de\/wp-json\/wp\/v2\/tags?post=312242"}],"curies":[{"name":"wp","href":"https:\/\/api.w.org\/{rel}","templated":true}]}}