{"id":312325,"date":"2025-08-02T03:14:17","date_gmt":"2025-08-02T03:14:17","guid":{"rendered":"https:\/\/www.europesays.com\/de\/312325\/"},"modified":"2025-08-02T03:14:17","modified_gmt":"2025-08-02T03:14:17","slug":"3-liga-kein-sieger-im-auftaktspiel-zwischen-rwe-und-1860","status":"publish","type":"post","link":"https:\/\/www.europesays.com\/de\/312325\/","title":{"rendered":"3. Liga: Kein Sieger im Auftaktspiel zwischen RWE und 1860"},"content":{"rendered":"<p class=\"metatextline\">Stand: 01.08.2025 20:57 Uhr<\/p>\n<p class=\"textabsatz columns twelve  m-ten  m-offset-one l-eight l-offset-two\">\n        <strong>Trotz einer fr\u00fchen F\u00fchrung ist Rot-Weiss Essen gegen den TSV 1860 M\u00fcnchen im Auftaktspiel der 3. Liga nicht \u00fcber ein Remis hinausgekommen.<\/strong>\n    <\/p>\n<p class=\"textabsatz m-ten m-offset-one l-eight l-offset-two columns twelve\">\nDie beiden Klubs trennten sich am Freitagabend an der Essener Hafenstra\u00dfe 1:1 (1:0). Jose-Enrique Rios-Alonso (6.) brachte Essen fr\u00fch in F\u00fchrung, Florian Niederlechner (68.) glich f\u00fcr die G\u00e4ste aus.<\/p>\n<p class=\"textabsatz m-ten m-offset-one l-eight l-offset-two columns twelve\">\n&#8222;Es war ein intensiver Fight von beiden heute&#8220;, sagte Rios-Alonso nach der Partie bei &#8222;Magenta Sport&#8220;. &#8222;Wir gehen zwar fr\u00fch in F\u00fchrung, aber am Ende ist es zurecht 1:1 ausgegangen. Wir hatten eine Phase nach dem 1:0, wo wir etwas hektisch geworden sind. Aber f\u00fcr das erste Spiel der Saison war es schon ganz gut.&#8220;<\/p>\n<p class=\"textabsatz m-ten m-offset-one l-eight l-offset-two columns twelve\">\nVerzichten musste Essen in der ersten Partie der Saison auf Stamm-Torwart Jakob Golz (Entz\u00fcndung im Knie), f\u00fcr ihn startete Felix Wienand. Auch der von Preu\u00dfen M\u00fcnster verpflichtete Neuzugang Luca Bazzoli (grippaler Infekt) musste kurzfristig passen. F\u00fcr ihn lief Kapit\u00e4n Michael Schultz in der Dreier-Abwehrkette auf.<\/p>\n<p>    Traumstart f\u00fcr RWE<\/p>\n<p class=\"textabsatz m-ten m-offset-one l-eight l-offset-two columns twelve\">\nRWE erwischte einen Auftakt nach Ma\u00df und ging mit der ersten Chance der Partie in F\u00fchrung. Einen Einwurf von Tom Moustier in den 60er-Strafraum konnte Kevin Volland nur halbherzig kl\u00e4ren, sodass Moustier den Ball von der rechten Seite noch einmal scharf vor das Tor bringen konnte. Seine Flanke wurde von einem M\u00fcnchner abgef\u00e4lscht und landete genau auf dem Kopf des einlaufenden Rios-Alonso (6.), der die Kugel am ersten Pfosten aus kurzer Distanz \u00fcber die Linie dr\u00fcckte.<\/p>\n<p class=\"textabsatz m-ten m-offset-one l-eight l-offset-two columns twelve\">\nIn den ersten 15 Minuten war von den L\u00f6wen nicht viel zu sehen, Essen hatte die n\u00e4chste M\u00f6glichkeit: Ahmet Arslan (15.) setzte einen Kopfball nach einer Hofmann-Flanke knapp neben den linken Pfosten. Bei einer Ecke wurden die M\u00fcnchner erstmals gef\u00e4hrlich, als RWE-Keeper Wienand einen Kopfball von Jesper Verlaat (17.) noch aus dem rechten Winkel kratzte.<\/p>\n<p>    Safi l\u00e4sst zweiten Treffer liegen<\/p>\n<p class=\"textabsatz m-ten m-offset-one l-eight l-offset-two columns twelve\">\nKurz darauf hatte Essen eine Riesenchance auf das 2:0. Kaito Mizuta spielte aus der eigenen H\u00e4lfte heraus einen Traumpass in den Lauf von Ramien Safi (23.), der im Strafraum 1860-Keeper Thomas D\u00e4hne umkurvte und vor dem leeren Tor \u00fcber den Ball trat.<\/p>\n<p class=\"textabsatz m-ten m-offset-one l-eight l-offset-two columns twelve\">\nAuf der Gegenseite wehrte Wienand einen wuchtigen, aber zu unplatzierten Schuss von Tunay Deniz (26.) aus 16 Metern mit den F\u00e4usten ab. Bei einer \u00e4hnlichen Szene f\u00fcr RWE zog Moustier (34.) hart von der Strafraumkante ab, M\u00fcnchens Torh\u00fcter D\u00e4hne war zur Stelle. Insgesamt verteidigte RWE in der ersten Halbzeit kompakt und lie\u00df gegen oft ideenlose M\u00fcnchner nur wenige Chancen zu.<\/p>\n<p>    Kraulich mit Gl\u00fcck bei Foulspiel gegen Volland<\/p>\n<p class=\"textabsatz m-ten m-offset-one l-eight l-offset-two columns twelve\">\nNach der Pause hatten die Rot-Wei\u00dfen gro\u00dfes Gl\u00fcck, dass der bereits mit Gelb verwarnte Tobias Kraulich (51.) nach einem Foul an Volland kurz vor der Essener Strafraumgrenze nicht mit Gelb-Rot vom Platz flog. Volland stand nach dem Foul direkt wieder auf und spielte weiter, Schiedsrichter Felix Weller hatte das Foulspiel wohl nicht gesehen.<\/p>\n<p class=\"textabsatz m-ten m-offset-one l-eight l-offset-two columns twelve\">\nEssen \u00fcberlie\u00df den G\u00e4sten \u00fcber weite Strecken den Ball und lauerte auf Konter, M\u00fcnchen tat sich weiter schwer. Ein Flachschuss von Volland (61.) auf das kurze Eck strich knapp am Pfosten vorbei, auf der Gegenseite setzte Arslan (63.) einen Halbvolley-Versuch neben das kurze Eck.<\/p>\n<p>    Niederlechner trifft zum Ausgleich<\/p>\n<p class=\"textabsatz m-ten m-offset-one l-eight l-offset-two columns twelve\">\nSchlie\u00dflich gelang den L\u00f6wen der Ausgleich. Sean Dulic spielte einen langen Ball hinter die RWE-Dreierkette zum an der Abseitslinie lauernden Niederlechner (68.), der den aus seinem Tor herausst\u00fcrmenden Essener Torwart Wienand mit einem Lupfer \u00fcberwand.<\/p>\n<p class=\"textabsatz m-ten m-offset-one l-eight l-offset-two columns twelve\">\nIn der Schlussphase war die Partie v\u00f6llig offen, zwingende Chancen gab es aber kaum noch. RWE hatte noch eine gute M\u00f6glichkeit durch Arslan (81.), dessen Schlenzer aus etwa 20 Metern durch D\u00e4hne abgewehrt wurde.<\/p>\n<p class=\"textabsatz m-ten m-offset-one l-eight l-offset-two columns twelve\">\nUnsere Quellen:<\/p>\n<ul class=\"bulletpoint-list \">\n<li>Livestream bei Magenta Sport<\/li>\n<li>Live-Ticker bei sportschau.de<\/li>\n<\/ul>\n<p>                                        <a class=\"backlink__link\" href=\"https:\/\/www1.wdr.de\/sport\/fussball\/dritte-liga\/rot-weiss-essen-muenchen-bericht-dritte-liga-100.html\" target=\"_blank\" rel=\"noopener\"><\/p>\n<p>                                                <img decoding=\"async\" src=\"https:\/\/images.sportschau.de\/image\/9ef70e2e-6dd6-4b18-afd2-7063c40e8939\/AAABlap_yqU\/AAABmFUWGAQ\/original\/lra-wdr-logo-100.svg\" alt=\"Westdeutscher Rundfunk\"\/><\/p>\n<p>                                        <\/a><\/p>\n","protected":false},"excerpt":{"rendered":"Stand: 01.08.2025 20:57 Uhr Trotz einer fr\u00fchen F\u00fchrung ist Rot-Weiss Essen gegen den TSV 1860 M\u00fcnchen im Auftaktspiel&hellip;\n","protected":false},"author":2,"featured_media":312326,"comment_status":"","ping_status":"","sticky":false,"template":"","format":"standard","meta":{"footnotes":""},"categories":[1834],"tags":[63817,995,3364,29,3688,347,30,1209,3714,265,8811,225],"class_list":{"0":"post-312325","1":"post","2":"type-post","3":"status-publish","4":"format-standard","5":"has-post-thumbnail","7":"category-essen","8":"tag-1-spieltag","9":"tag-3-liga","10":"tag-de","11":"tag-deutschland","12":"tag-essen","13":"tag-fussball","14":"tag-germany","15":"tag-nordrhein-westfalen","16":"tag-rot-weiss-essen","17":"tag-sport","18":"tag-tsv-1860-muenchen","19":"tag-wdr"},"share_on_mastodon":{"url":"https:\/\/pubeurope.com\/@de\/114956996827727967","error":""},"_links":{"self":[{"href":"https:\/\/www.europesays.com\/de\/wp-json\/wp\/v2\/posts\/312325","targetHints":{"allow":["GET"]}}],"collection":[{"href":"https:\/\/www.europesays.com\/de\/wp-json\/wp\/v2\/posts"}],"about":[{"href":"https:\/\/www.europesays.com\/de\/wp-json\/wp\/v2\/types\/post"}],"author":[{"embeddable":true,"href":"https:\/\/www.europesays.com\/de\/wp-json\/wp\/v2\/users\/2"}],"replies":[{"embeddable":true,"href":"https:\/\/www.europesays.com\/de\/wp-json\/wp\/v2\/comments?post=312325"}],"version-history":[{"count":0,"href":"https:\/\/www.europesays.com\/de\/wp-json\/wp\/v2\/posts\/312325\/revisions"}],"wp:featuredmedia":[{"embeddable":true,"href":"https:\/\/www.europesays.com\/de\/wp-json\/wp\/v2\/media\/312326"}],"wp:attachment":[{"href":"https:\/\/www.europesays.com\/de\/wp-json\/wp\/v2\/media?parent=312325"}],"wp:term":[{"taxonomy":"category","embeddable":true,"href":"https:\/\/www.europesays.com\/de\/wp-json\/wp\/v2\/categories?post=312325"},{"taxonomy":"post_tag","embeddable":true,"href":"https:\/\/www.europesays.com\/de\/wp-json\/wp\/v2\/tags?post=312325"}],"curies":[{"name":"wp","href":"https:\/\/api.w.org\/{rel}","templated":true}]}}