{"id":312327,"date":"2025-08-02T03:15:12","date_gmt":"2025-08-02T03:15:12","guid":{"rendered":"https:\/\/www.europesays.com\/de\/312327\/"},"modified":"2025-08-02T03:15:12","modified_gmt":"2025-08-02T03:15:12","slug":"heinrich-aus-dortmund-wird-auf-offener-strasse-attackiert-neue-ermittlung","status":"publish","type":"post","link":"https:\/\/www.europesays.com\/de\/312327\/","title":{"rendered":"Heinrich aus Dortmund wird auf offener Stra\u00dfe attackiert: neue Ermittlung"},"content":{"rendered":"<p>\t\tHeinrich (69) aus Dortmund wird auf offener Stra\u00dfe attackiert<br \/>\n\t\t\t\t\tStaatsanwalt l\u00e4sst erneut ermitteln<\/p>\n<p>\t\t<img alt=\"\" src=\"https:\/\/www.europesays.com\/de\/wp-content\/uploads\/2025\/04\/630_0036_48793_.jpg\"  class=\"avatar avatar-36 photo avatar-default\" height=\"36\" width=\"36\" loading=\"lazy\" decoding=\"async\"\/>\t\t<a class=\"article-author__name\" href=\"https:\/\/www.ruhrnachrichten.de\/author\/beate-doennewald\/\" rel=\"author nofollow noopener\" target=\"_blank\">Beate D\u00f6nnewald<\/a><br \/>\n\t\tRedakteurin<\/p>\n<p>    <a href=\"https:\/\/www.ruhrnachrichten.de\/wp-content\/uploads\/2025\/08\/01\/14\/630_0900_4917751_collage_fokken-1648x824.jpg\" rel=\"nofollow noopener\" target=\"_blank\"><\/p>\n<p>            <img loading=\"lazy\" decoding=\"async\" src=\"https:\/\/www.europesays.com\/de\/wp-content\/uploads\/2025\/08\/630_0900_4917750_collage_fokken-640x428.jpg\" width=\"640\" height=\"428\"  alt=\"Collage: Ein Mann in Dortmund sitzt an einem Schreibtisch, auf dem eingeklinkten Foto ist ein Auto zu sehen.\"\/><\/p>\n<p>    <\/a><br \/>\n    Heinrich aus dem Dortmunder Westen wurde im Juli 2024 auf offener Stra\u00dfe attackiert und verletzt. Das Auto-Kennzeichen des Beschuldigten teilte er der Polizei mit. Weil er bef\u00fcrchtet, dass der noch nicht gefasste Tatverd\u00e4chtige auf diesen Bericht negativ reagieren k\u00f6nnte, m\u00f6chte der 69-J\u00e4hrige nicht, dass sein vollst\u00e4ndiger Name ver\u00f6ffentlicht wird und er auf dem Foto gut erkennbar ist. \u00a9 Collage: Beate D\u00f6nnewald<\/p>\n<p class=\"article__teaser-text\">Unsere Berichte \u00fcber die \u201ePr\u00fcgelattacke nach Klingelstreich\u201c rei\u00dfen bei Heinrich als Opfer einer K\u00f6rperverletzung alte Wunden auf. Auch hier: eine \u00fcberraschende Wende.<\/p>\n<p>6 Min Lesezeit<\/p>\n<p>Pr\u00fcgel nach KlingelstreichAuto vor Feuerwehr-Zufahrt\u201eDu hast meine Frau beleidigt\u201cHeinrich erstattet AnzeigeVerfahren wurde eingestelltHalter schweigtNeues Aktenzeichen<\/p>\n","protected":false},"excerpt":{"rendered":"Heinrich (69) aus Dortmund wird auf offener Stra\u00dfe attackiert Staatsanwalt l\u00e4sst erneut ermitteln Beate D\u00f6nnewald Redakteurin Heinrich aus&hellip;\n","protected":false},"author":2,"featured_media":312328,"comment_status":"","ping_status":"","sticky":false,"template":"","format":"standard","meta":{"footnotes":""},"categories":[1833],"tags":[3364,29,217,30,682,1209,3826],"class_list":{"0":"post-312327","1":"post","2":"type-post","3":"status-publish","4":"format-standard","5":"has-post-thumbnail","7":"category-dortmund","8":"tag-de","9":"tag-deutschland","10":"tag-dortmund","11":"tag-germany","12":"tag-koerperverletzung","13":"tag-nordrhein-westfalen","14":"tag-sicherheit-kriminalitaet"},"share_on_mastodon":{"url":"https:\/\/pubeurope.com\/@de\/114957000769410398","error":""},"_links":{"self":[{"href":"https:\/\/www.europesays.com\/de\/wp-json\/wp\/v2\/posts\/312327","targetHints":{"allow":["GET"]}}],"collection":[{"href":"https:\/\/www.europesays.com\/de\/wp-json\/wp\/v2\/posts"}],"about":[{"href":"https:\/\/www.europesays.com\/de\/wp-json\/wp\/v2\/types\/post"}],"author":[{"embeddable":true,"href":"https:\/\/www.europesays.com\/de\/wp-json\/wp\/v2\/users\/2"}],"replies":[{"embeddable":true,"href":"https:\/\/www.europesays.com\/de\/wp-json\/wp\/v2\/comments?post=312327"}],"version-history":[{"count":0,"href":"https:\/\/www.europesays.com\/de\/wp-json\/wp\/v2\/posts\/312327\/revisions"}],"wp:featuredmedia":[{"embeddable":true,"href":"https:\/\/www.europesays.com\/de\/wp-json\/wp\/v2\/media\/312328"}],"wp:attachment":[{"href":"https:\/\/www.europesays.com\/de\/wp-json\/wp\/v2\/media?parent=312327"}],"wp:term":[{"taxonomy":"category","embeddable":true,"href":"https:\/\/www.europesays.com\/de\/wp-json\/wp\/v2\/categories?post=312327"},{"taxonomy":"post_tag","embeddable":true,"href":"https:\/\/www.europesays.com\/de\/wp-json\/wp\/v2\/tags?post=312327"}],"curies":[{"name":"wp","href":"https:\/\/api.w.org\/{rel}","templated":true}]}}