{"id":312373,"date":"2025-08-02T03:42:21","date_gmt":"2025-08-02T03:42:21","guid":{"rendered":"https:\/\/www.europesays.com\/de\/312373\/"},"modified":"2025-08-02T03:42:21","modified_gmt":"2025-08-02T03:42:21","slug":"waehrend-the-fantastic-four-first-steps-gerade-die-kinos-erobert-gibt-es-schon-jetzt-marvel-nachschub-bei-disney-serien-news","status":"publish","type":"post","link":"https:\/\/www.europesays.com\/de\/312373\/","title":{"rendered":"W\u00e4hrend &#8222;The Fantastic Four: First Steps&#8220; gerade die Kinos erobert, gibt es schon jetzt Marvel-Nachschub bei Disney+ &#8211; Serien News"},"content":{"rendered":"<p>Aktuell r\u00e4umt Marvels erste Familie im Kino auf \u2013 doch auf Disney+ gibt es f\u00fcr Fans des MCU bereits Nachschlag. In \u201eEyes Of Wakanda\u201c wird die Welt und Mythologie der \u201eBlack Panther\u201c-Filme erweitert \u2013 diesmal als animierte Serie.<\/p>\n<p class=\"bo-p\">Mit einem Einspielergebnis von fast 1,35 Milliarden US-Dollar geh\u00f6rt \u201e<a href=\"https:\/\/www.filmstarts.de\/kritiken\/130336.html\" class=\"bo-link\" rel=\"nofollow noopener\" target=\"_blank\">Black Panther<\/a>\u201c zu den erfolgreichsten Filmen des Marvel Cinematic Universe. An diesen unglaublichen Erfolg konnte der Nachfolger \u201e<a href=\"https:\/\/www.filmstarts.de\/kritiken\/263242.html\" class=\"bo-link\" rel=\"nofollow noopener\" target=\"_blank\">Black Panther: Wakanda Forever<\/a>\u201c zwar nicht mehr ankn\u00fcpfen, dieser hatte jedoch auch unter dem tragischen Tod des Hauptdarstellers <a href=\"https:\/\/www.filmstarts.de\/personen\/133640.html\" class=\"bo-link\" rel=\"nofollow noopener\" target=\"_blank\">Chadwick Boseman<\/a> zu leiden \u2013 und konnte dennoch stolze 859 Millionen US-Dollar in die Kassen sp\u00fclen.<\/p>\n<p class=\"bo-p\"><b>Dementsprechend logisch scheint es da, dass die Welt des Superhelden weiter ausgebaut wird. Mit \u201e<\/b><a href=\"https:\/\/www.filmstarts.de\/serien\/28294.html\" class=\"bo-link\" rel=\"nofollow noopener\" target=\"_blank\"><b>Eyes Of Wakanda<\/b><\/a><b>\u201c gibt es seit dem heutigen 1. August 2025 eine neue Animationsserie auf Disney+, die tiefer in die Geheimnisse und Mythen der sagenumwobenen und hoch entwickelten Stadt Wakanda vordringt:<\/b><\/p>\n<p>            &#8222;Eyes Of Wakanda&#8220; bei Disney+*<\/p>\n<p>Wenig Black Panther \u2013 daf\u00fcr Wakandas gef\u00e4hrlichste Krieger<\/p>\n<p class=\"bo-p\">In \u201eEyes Of Wakanda\u201c wird jedoch nicht der sagenumwobene Black Panther im Fokus stehen \u2013 auch wenn der Trailer bereits deutlich macht, dass der Held einen Auftritt in einer Folge absolvieren wird. Stattdessen geht es in der Animationsserie um die Hatut Zaraze, quasi der Auslandsgeheimdienst Wakandas, der immer dann einschreitet, wenn die Interessen der fiktiven afrikanischen Metropole gewahrt werden m\u00fcssen.<\/p>\n<p class=\"bo-p\"><b>Jede der insgesamt vier Episoden wird dabei in einer anderen Zeitepoche und an einem anderen Ort spielen. <\/b>Und dabei soll es sogar Kurzauftritte der ein anderen aus dem Marvel-Kosmos bekannten Figur geben \u2013 so wird beispielsweise in einer Episode Iron Fist f\u00fcr schlagkr\u00e4ftige Unterst\u00fctzung sorgen und damit auch in das MCU eingef\u00fchrt werden. Bereits 2017 und 2018 hatte der Held einen Auftritt im Netflix-Marvel-Universum. Die neue Figur d\u00fcrfte jedoch nichts mit der umstrittenen Inkarnation aus der Serie der Jahre 2017 und 2018 zu tun haben.<\/p>\n<p class=\"bo-p\">\u00dcbrigens geht es mit Wakanda auch im Kino weiter, denn an \u201e<a href=\"https:\/\/www.filmstarts.de\/kritiken\/312101.html\" class=\"bo-link\" rel=\"nofollow noopener\" target=\"_blank\">Black Panther 3<\/a>\u201c wird bereits flei\u00dfig gearbeitet. Inzwischen wurde eine echte Hollywood-Legende f\u00fcr das Projekt best\u00e4tigt, die insbesondere wegen Regisseur <a href=\"https:\/\/www.filmstarts.de\/personen\/571659.html\" class=\"bo-link\" rel=\"nofollow noopener\" target=\"_blank\">Ryan Coogler<\/a> zur hei\u00df erwarteten Fortsetzung st\u00f6\u00dft:<\/p>\n<p>    <a class=\"cms-see-also\" data-title=\"Auch interessant\" href=\"https:\/\/www.filmstarts.de\/nachrichten\/1000148227.html\" rel=\"nofollow noopener\" target=\"_blank\">Schauspiellegende f\u00fcr &#8222;Black Panther 3&#8220; best\u00e4tigt \u2013 er will vor der Rente einmal mit Regisseur Ryan Coogler arbeiten<\/a><\/p>\n<p class=\"bo-p\">*Bei diesem Link zu Disney+ handelt es sich um einen Affiliate-Link. Mit dem Abschluss eines Abos \u00fcber diesen Link unterst\u00fctzt ihr FILMSTARTS. Auf den Preis hat das keinerlei Auswirkung.<\/p>\n","protected":false},"excerpt":{"rendered":"Aktuell r\u00e4umt Marvels erste Familie im Kino auf \u2013 doch auf Disney+ gibt es f\u00fcr Fans des MCU&hellip;\n","protected":false},"author":2,"featured_media":312374,"comment_status":"","ping_status":"","sticky":false,"template":"","format":"standard","meta":{"footnotes":""},"categories":[1771],"tags":[1778,29,214,30,95,1777,215],"class_list":{"0":"post-312373","1":"post","2":"type-post","3":"status-publish","4":"format-standard","5":"has-post-thumbnail","7":"category-kino","8":"tag-cinema","9":"tag-deutschland","10":"tag-entertainment","11":"tag-germany","12":"tag-kino","13":"tag-movie","14":"tag-unterhaltung"},"share_on_mastodon":{"url":"https:\/\/pubeurope.com\/@de\/114957106891424648","error":""},"_links":{"self":[{"href":"https:\/\/www.europesays.com\/de\/wp-json\/wp\/v2\/posts\/312373","targetHints":{"allow":["GET"]}}],"collection":[{"href":"https:\/\/www.europesays.com\/de\/wp-json\/wp\/v2\/posts"}],"about":[{"href":"https:\/\/www.europesays.com\/de\/wp-json\/wp\/v2\/types\/post"}],"author":[{"embeddable":true,"href":"https:\/\/www.europesays.com\/de\/wp-json\/wp\/v2\/users\/2"}],"replies":[{"embeddable":true,"href":"https:\/\/www.europesays.com\/de\/wp-json\/wp\/v2\/comments?post=312373"}],"version-history":[{"count":0,"href":"https:\/\/www.europesays.com\/de\/wp-json\/wp\/v2\/posts\/312373\/revisions"}],"wp:featuredmedia":[{"embeddable":true,"href":"https:\/\/www.europesays.com\/de\/wp-json\/wp\/v2\/media\/312374"}],"wp:attachment":[{"href":"https:\/\/www.europesays.com\/de\/wp-json\/wp\/v2\/media?parent=312373"}],"wp:term":[{"taxonomy":"category","embeddable":true,"href":"https:\/\/www.europesays.com\/de\/wp-json\/wp\/v2\/categories?post=312373"},{"taxonomy":"post_tag","embeddable":true,"href":"https:\/\/www.europesays.com\/de\/wp-json\/wp\/v2\/tags?post=312373"}],"curies":[{"name":"wp","href":"https:\/\/api.w.org\/{rel}","templated":true}]}}