{"id":312471,"date":"2025-08-02T04:37:20","date_gmt":"2025-08-02T04:37:20","guid":{"rendered":"https:\/\/www.europesays.com\/de\/312471\/"},"modified":"2025-08-02T04:37:20","modified_gmt":"2025-08-02T04:37:20","slug":"zwischen-aufatmen-und-einsparen-kreuzer-online","status":"publish","type":"post","link":"https:\/\/www.europesays.com\/de\/312471\/","title":{"rendered":"Zwischen Aufatmen und Einsparen \u2014 kreuzer online"},"content":{"rendered":"<p>Ende Juni war es endlich so weit: Der s\u00e4chsische Doppelhaushalt ward beschlossen und f\u00fcr die H\u00e4ngepartie der unz\u00e4hligen Tr\u00e4ger, ob und wie viel der Freistaat dieses und n\u00e4chstes Jahr f\u00f6rdert, war ein Ende absehbar.<\/p>\n<p>Zuvor hatte der erste Haushaltsentwurf mit zahlreichen rigorosen Einsparungen die Runde gemacht und f\u00fcr gro\u00dfen Unmut gesorgt. So etwa beim s\u00e4chsischen Filmverband, der Angst hatte, dass sein erfolgreiches und wichtiges Programm zur F\u00f6rderung der Filmkultur im l\u00e4ndlichen Raum \u00bbfilm.land.sachsen\u00ab <a href=\"https:\/\/kreuzer-leipzig.de\/2025\/04\/04\/sachsen-filmvorfuehrung-finanzierung-sparen\" target=\"_blank\" rel=\"noopener\">dem Sparzwang zum Opfer f\u00e4llt<\/a>.<\/p>\n<p>Im beschlossenen, 50.205 Millionen Euro schweren Haushalt, landet das Ressort Wissenschaft, Kultur und Tourismus auf Platz drei mit einem Umfang von 5.015 Millionen Euro, hinter den Posten Allgemeine Finanzverwaltung und Kultus.<\/p>\n<p>Der Einzelplan des S\u00e4chsischen Staatsministeriums, das sich ja mit Sebastian Gemkow und Barbara Klepsch (beide CDU) einen Minister f\u00fcr Wissenschaft und eine Ministerin f\u00fcr Kultur und Tourismus leistet, besteht aus 635 Seiten (<a href=\"https:\/\/www.finanzen.sachsen.de\/download\/EP12_DHH25_26.pdf\" target=\"_blank\" rel=\"noopener\">Haushaltsplan 2025\/2026 Einzelplan 12<\/a>).<\/p>\n<p>Darin enthalten ist f\u00fcr 2025 und 2026 die identische Summe wie 2024 f\u00fcr das \u00bbfilm.land.sachsen\u00ab des Filmverbandes Sachsen. Die angedachte Einsparung wurde nicht in die Realit\u00e4t umgesetzt. Trotzdem muss der Verband mit K\u00fcrzungen f\u00fcr seine weiteren Arbeitsfelder umgehen. <\/p>\n<p>Ebenfalls f\u00fcr den Moment gerettet ist das erst im Mai er\u00f6ffnete Dokumentationszentrum zum NSU-Komplex in Chemnitz. Bei der Er\u00f6ffnung war noch unklar, wie es im n\u00e4chsten Jahr weitergehen wird. Das Team sieht in der Finanzierung eine Best\u00e4tigung seiner Arbeit und betont daher: \u00bbDie Besch\u00e4ftigung mit dem NSU-Komplex ist aktuell. Aufkl\u00e4rung und Dialog sowie kritische Auseinandersetzung mit rechtsextremen und demokratiefeindlichen Str\u00f6mungen in Chemnitz und Sachsen m\u00fcssen deshalb auch zuk\u00fcnftig finanziell abgesichert werden. Wir freuen uns daher \u00fcber den s\u00e4chsischen Haushaltsbeschluss und die potenzielle Weiterfinanzierung f\u00fcr 2026.\u00ab<\/p>\n<p>Auch die Gedenkst\u00e4tte f\u00fcr Zwangsarbeit freut sich auf Zuwendung. Diese stand zun\u00e4chst auf der Kippe, weil der Stiftung S\u00e4chsische Gedenkst\u00e4tten, die die Einrichtung in der Permoserstra\u00dfe mitfanziert, zun\u00e4chst eine K\u00fcrzung angek\u00fcndigt worden war.<\/p>\n<p>Oliver Neef, Vorstand vom Tr\u00e4gerverein Erinnern an NS-Verbrechen in Leipzig der Gedenkst\u00e4tte f\u00fcr Zwangsarbeit Leipzig sagt: \u00bbDie Abwendung der K\u00fcrzungen bei der Stiftung S\u00e4chsische Gedenkst\u00e4tten l\u00e4sst uns zun\u00e4chst einmal aufatmen und hoffen, dass die Gedenkst\u00e4tte f\u00fcr Zwangsarbeit Leipzig in diesem Jahr keine einschneidenden K\u00fcrzungen erfahren wird. Nach Monaten der Planungsunsicherheit, Einschr\u00e4nkungen im Bildungsbereich und bei den \u00d6ffnungszeiten hoffen wir, ab Sp\u00e4tsommer unsere Angebote wieder breiter aufstellen zu k\u00f6nnen.\u00ab<\/p>\n<p>Mit K\u00fcrzungen muss die Galerie f\u00fcr Zeitgen\u00f6ssische Kunst umgehen. Die Institution, die zu einem Drittel von der Stadt Leipzig, einem Drittel vom Freistaat und einem Drittel vom F\u00f6rderkreis der Galerie f\u00fcr Zeitgen\u00f6ssische Kunst unterst\u00fctzt wird, erhielt von Sachsen 2024 noch 335.000 \u20ac. F\u00fcr dieses Jahr besteht die Unterst\u00fctzung aus 300.000 und im n\u00e4chsten Jahr aus 301.500 Euro.<\/p>\n<p>Ein wirkliches Aufatmen im Kunst- und Kulturfeld kann derzeit aufgrund des noch nicht stattgegebenen st\u00e4dtischen Haushaltes nicht wahrgenommen werden.<\/p>\n","protected":false},"excerpt":{"rendered":"Ende Juni war es endlich so weit: Der s\u00e4chsische Doppelhaushalt ward beschlossen und f\u00fcr die H\u00e4ngepartie der unz\u00e4hligen&hellip;\n","protected":false},"author":2,"featured_media":312472,"comment_status":"","ping_status":"","sticky":false,"template":"","format":"standard","meta":{"footnotes":""},"categories":[1832],"tags":[3364,29,30,80,71,16,859,26667,8862],"class_list":{"0":"post-312471","1":"post","2":"type-post","3":"status-publish","4":"format-standard","5":"has-post-thumbnail","7":"category-leipzig","8":"tag-de","9":"tag-deutschland","10":"tag-germany","11":"tag-kultur","12":"tag-leipzig","13":"tag-politik","14":"tag-sachsen","15":"tag-stadtleben","16":"tag-termine"},"share_on_mastodon":{"url":"https:\/\/pubeurope.com\/@de\/114957323175579945","error":""},"_links":{"self":[{"href":"https:\/\/www.europesays.com\/de\/wp-json\/wp\/v2\/posts\/312471","targetHints":{"allow":["GET"]}}],"collection":[{"href":"https:\/\/www.europesays.com\/de\/wp-json\/wp\/v2\/posts"}],"about":[{"href":"https:\/\/www.europesays.com\/de\/wp-json\/wp\/v2\/types\/post"}],"author":[{"embeddable":true,"href":"https:\/\/www.europesays.com\/de\/wp-json\/wp\/v2\/users\/2"}],"replies":[{"embeddable":true,"href":"https:\/\/www.europesays.com\/de\/wp-json\/wp\/v2\/comments?post=312471"}],"version-history":[{"count":0,"href":"https:\/\/www.europesays.com\/de\/wp-json\/wp\/v2\/posts\/312471\/revisions"}],"wp:featuredmedia":[{"embeddable":true,"href":"https:\/\/www.europesays.com\/de\/wp-json\/wp\/v2\/media\/312472"}],"wp:attachment":[{"href":"https:\/\/www.europesays.com\/de\/wp-json\/wp\/v2\/media?parent=312471"}],"wp:term":[{"taxonomy":"category","embeddable":true,"href":"https:\/\/www.europesays.com\/de\/wp-json\/wp\/v2\/categories?post=312471"},{"taxonomy":"post_tag","embeddable":true,"href":"https:\/\/www.europesays.com\/de\/wp-json\/wp\/v2\/tags?post=312471"}],"curies":[{"name":"wp","href":"https:\/\/api.w.org\/{rel}","templated":true}]}}