{"id":312514,"date":"2025-08-02T05:01:11","date_gmt":"2025-08-02T05:01:11","guid":{"rendered":"https:\/\/www.europesays.com\/de\/312514\/"},"modified":"2025-08-02T05:01:11","modified_gmt":"2025-08-02T05:01:11","slug":"serie-adults-bei-disney-zwischen-sex-fehlender-krankenversicherung-und-abschiebung","status":"publish","type":"post","link":"https:\/\/www.europesays.com\/de\/312514\/","title":{"rendered":"Serie \u201eAdults\u201c bei Disney: Zwischen Sex, fehlender Krankenversicherung und Abschiebung"},"content":{"rendered":"<p class=\"Initial paragraph first  typo-bodytext is-block column pv-0 is-8-tablet mgh-auto-tablet mobile-order-1\" pos=\"1\">Das Fernsehgesetz will es, dass jede Generation eine ikonische Serie bekommt, die sich um einen Freundeskreis in New York City dreht. Gen X hatte <a href=\"https:\/\/taz.de\/Kult-Sitcom-Friends-kehrt-zurueck\/!5770008\/\" class=\"link in-text-link\" rel=\"nofollow noopener\" target=\"_blank\">\u201eFriends\u201c<\/a>, die Millennials \u201eGirls\u201c \u2013 und Gen Z? Hat ebenfalls \u201eGirls\u201c f\u00fcr sich entdeckt, weil es bisher kaum eine Serie gab, die das Leben von heutigen Twentysomethings behandelte. <a href=\"https:\/\/www.disneyplus.com\/de-de\/browse\/entity-10752bde-4ca0-4b6b-b3b4-b1567d7f60b2\" target=\"_blank\" class=\"link in-text-link\" rel=\"nofollow noopener\">\u201eAdults\u201c<\/a> nun will diese L\u00fccke schlie\u00dfen.<\/p>\n<p class=\"bodytext paragraph  typo-bodytext is-block column pv-0 is-8-tablet mgh-auto-tablet mobile-order-2\" pos=\"2\">Die Serie erz\u00e4hlt von f\u00fcnf Freun\u00add*in\u00adnen \u2013 Issa, Billie, Paul, Samir und Anton \u2013, die in einem kleinen Reihenhaus in Queens leben. Es geht um allt\u00e4gliche Quarterlife-Krisen wie Job- und Geldprobleme, dem Wunsch nach Freundschaft, Liebe und Sex oder der Angst vor dem \u00fcberquellenden Briefkasten.<\/p>\n<p class=\"bodytext paragraph  typo-bodytext is-block column pv-0 is-8-tablet mgh-auto-tablet mobile-order-4\" pos=\"3\">Die Serie hat viele nette und originelle Momente. Will man etwas sehr Emotionales oder Peinliches zugeben, wird ein \u201emind wipe\u201c verlangt, um nach dem Gest\u00e4ndnis so zu tun, als habe man nie was gesagt.<\/p>\n<p class=\"bodytext paragraph  typo-bodytext is-block column pv-0 is-8-tablet mgh-auto-tablet mobile-order-5\" pos=\"4\">Nat\u00fcrlich adressiert \u201eAdults\u201c auch typische US-Probleme: Eine fehlende Krankenversicherung wird ebenso thematisiert wie die in einigen States kriminalisierte Abtreibung, au\u00dferdem soll eine der Figuren abgeschoben werden. Da die Serie trotz politischer Anspielungen eine Sitcom ist, betrifft Letzteres allerdings einen wei\u00dfen Kanadier.<\/p>\n<p><a href=\"https:\/\/taz.de\/!112039\/#matomo:pk_campaign=standard_wot-only&amp;pk_source=Online&amp;pk_medium=taz.de&amp;pk_kwd=textbox-wot-texte\/\" rel=\"nofollow noopener\" target=\"_blank\"><\/p>\n<p><img decoding=\"async\" src=\"https:\/\/www.europesays.com\/de\/wp-content\/uploads\/2025\/03\/wochentaz-kennzeichen-3zu2-klein-1.png\" loading=\"lazy\" height=\"363\" type=\"image\/png\"\/><\/p>\n<p><\/a><\/p>\n<p>wochentaz<\/p>\n<p class=\"bodytext first paragraph last\">Dieser Text stammt aus der <strong>wochentaz<\/strong>. Unserer Wochenzeitung von links! In der wochentaz geht es jede Woche um die Welt, wie sie ist \u2013 und wie sie sein k\u00f6nnte. Eine linke Wochenzeitung mit Stimme, Haltung und dem besonderen taz-Blick auf die Welt. Jeden Samstag neu am Kiosk und <a href=\"https:\/\/taz.de\/!112039\/#matomo:pk_campaign=standard_wot-only&amp;pk_source=Online&amp;pk_medium=taz.de&amp;pk_kwd=textbox-wot-texte\" target=\"_blank\" class=\"link in-text-link\" rel=\"nofollow noopener\">nat\u00fcrlich im Abo<\/a>.<\/p>\n<p>      Gro\u00dfes Potenzial<\/p>\n<p class=\"bodytext paragraph  typo-bodytext is-block column pv-0 is-8-tablet mgh-auto-tablet mobile-order-8\" pos=\"6\">\u201eAdults\u201c ist nicht perfekt, hat einige zu klamaukige Darstellungen, die eindeutig darauf abzielen, Unbehagen in den Zu\u00adschaue\u00adr*in\u00adnen auszul\u00f6sen. Sie ist aber trotzdem sehr sehenswert, was an vielen gelungenen Witzen, Situationskomik und vor allem den charmanten Schau\u00adspie\u00adle\u00adr*in\u00adnen und der au\u00dferordentlichen Chemie dieses Freundeskreises liegt, die sowohl in Zweierinteraktionen als auch in der Gruppendynamik deutlich wird.<\/p>\n<p class=\"bodytext paragraph  typo-bodytext is-block column pv-0 is-8-tablet mgh-auto-tablet mobile-order-9\" pos=\"7\">Im Verlaufe der acht Episoden findet die Serie ihren Rhythmus, sie ist nur etwas zu kurz, um die Figuren richtig gut kennenzulernen. Ob sie f\u00fcr eine zweite Staffel verl\u00e4ngert wird, ist bisher noch offen. Zu w\u00fcnschen w\u00e4re es, ihr Potenzial ist n\u00e4mlich sehr gro\u00df.<\/p>\n<p class=\"bodytext paragraph last  typo-bodytext is-block column pv-0 is-8-tablet mgh-auto-tablet mobile-order-10\" pos=\"8\">\n        \u201eAdults\u201c, 8 Folgen, Disney+\n      <\/p>\n","protected":false},"excerpt":{"rendered":"Das Fernsehgesetz will es, dass jede Generation eine ikonische Serie bekommt, die sich um einen Freundeskreis in New&hellip;\n","protected":false},"author":2,"featured_media":312515,"comment_status":"","ping_status":"","sticky":false,"template":"","format":"standard","meta":{"footnotes":""},"categories":[1773],"tags":[29,214,30,471,1780,215],"class_list":{"0":"post-312514","1":"post","2":"type-post","3":"status-publish","4":"format-standard","5":"has-post-thumbnail","7":"category-serien","8":"tag-deutschland","9":"tag-entertainment","10":"tag-germany","11":"tag-serien","12":"tag-series","13":"tag-unterhaltung"},"share_on_mastodon":{"url":"https:\/\/pubeurope.com\/@de\/114957417488116476","error":""},"_links":{"self":[{"href":"https:\/\/www.europesays.com\/de\/wp-json\/wp\/v2\/posts\/312514","targetHints":{"allow":["GET"]}}],"collection":[{"href":"https:\/\/www.europesays.com\/de\/wp-json\/wp\/v2\/posts"}],"about":[{"href":"https:\/\/www.europesays.com\/de\/wp-json\/wp\/v2\/types\/post"}],"author":[{"embeddable":true,"href":"https:\/\/www.europesays.com\/de\/wp-json\/wp\/v2\/users\/2"}],"replies":[{"embeddable":true,"href":"https:\/\/www.europesays.com\/de\/wp-json\/wp\/v2\/comments?post=312514"}],"version-history":[{"count":0,"href":"https:\/\/www.europesays.com\/de\/wp-json\/wp\/v2\/posts\/312514\/revisions"}],"wp:featuredmedia":[{"embeddable":true,"href":"https:\/\/www.europesays.com\/de\/wp-json\/wp\/v2\/media\/312515"}],"wp:attachment":[{"href":"https:\/\/www.europesays.com\/de\/wp-json\/wp\/v2\/media?parent=312514"}],"wp:term":[{"taxonomy":"category","embeddable":true,"href":"https:\/\/www.europesays.com\/de\/wp-json\/wp\/v2\/categories?post=312514"},{"taxonomy":"post_tag","embeddable":true,"href":"https:\/\/www.europesays.com\/de\/wp-json\/wp\/v2\/tags?post=312514"}],"curies":[{"name":"wp","href":"https:\/\/api.w.org\/{rel}","templated":true}]}}