{"id":312614,"date":"2025-08-02T05:59:18","date_gmt":"2025-08-02T05:59:18","guid":{"rendered":"https:\/\/www.europesays.com\/de\/312614\/"},"modified":"2025-08-02T05:59:18","modified_gmt":"2025-08-02T05:59:18","slug":"susanne-und-ralf-sind-ehrenamtlich-oma-und-opa","status":"publish","type":"post","link":"https:\/\/www.europesays.com\/de\/312614\/","title":{"rendered":"Susanne und Ralf sind ehrenamtlich Oma und Opa"},"content":{"rendered":"<p>\t\tSusanne und Ralf sind ehrenamtlich Oma und Opa<br \/>\n\t\t\t\t\t\u201eEs ist schon ein Abenteuer\u201c<\/p>\n<p>\t\t<img alt=\"\" src=\"https:\/\/www.europesays.com\/de\/wp-content\/uploads\/2025\/05\/630_0036_378978_.jpg\"  class=\"avatar avatar-36 photo avatar-default\" height=\"36\" width=\"36\" loading=\"lazy\" decoding=\"async\"\/>\t\t<a class=\"article-author__name\" href=\"https:\/\/www.ruhrnachrichten.de\/author\/jessica-will\/\" rel=\"author noopener\" target=\"_blank\">Jessica Will<\/a><br \/>\n\t\tRedakteurin<\/p>\n<p>    <a href=\"https:\/\/www.ruhrnachrichten.de\/wp-content\/uploads\/2025\/07\/30\/10\/630_0900_4911302_image00007-1648x824.jpg\" target=\"_blank\" rel=\"noopener\"><\/p>\n<p>            <img decoding=\"async\" fetchpriority=\"high\" src=\"https:\/\/www.europesays.com\/de\/wp-content\/uploads\/2025\/08\/630_0900_4911301_image00007-640x428.jpg\" width=\"640\" height=\"428\"  alt=\"Ralf Marquardt, Leyana und Susanne Marquardt sitzen in einem Strandkorb im Garten der Familie.\"\/><\/p>\n<p>    <\/a><br \/>\n    F\u00fcr Leyana ist freitags &#8222;Oma-und-Opa-Zeit&#8220;: Dann holen Ralf und Susanne Marquardt die Zweij\u00e4hrige aus der Kita ab und verbringen den Nachmittag mit ihr. Gefunden haben sich die drei \u00fcber das Projekt &#8222;Wunschgro\u00dfeltern&#8220;. \u00a9 Leonie Lippmann<\/p>\n<p class=\"article__teaser-text\">Ein kleines M\u00e4dchen, ein Rentnerpaar und ein Herzenswunsch: Wie aus zwei Dortmunder Senioren ohne Enkel liebevolle Wunschgro\u00dfeltern wurden.<\/p>\n<p>5 Min Lesezeit<\/p>\n<p>\u201eMan muss Mut haben\u201c<\/p>\n","protected":false},"excerpt":{"rendered":"Susanne und Ralf sind ehrenamtlich Oma und Opa \u201eEs ist schon ein Abenteuer\u201c Jessica Will Redakteurin F\u00fcr Leyana&hellip;\n","protected":false},"author":2,"featured_media":312615,"comment_status":"","ping_status":"","sticky":false,"template":"","format":"standard","meta":{"footnotes":""},"categories":[1833],"tags":[3364,29,217,7754,30,1209,89748],"class_list":{"0":"post-312614","1":"post","2":"type-post","3":"status-publish","4":"format-standard","5":"has-post-thumbnail","7":"category-dortmund","8":"tag-de","9":"tag-deutschland","10":"tag-dortmund","11":"tag-familie-kinder","12":"tag-germany","13":"tag-nordrhein-westfalen","14":"tag-wunschgrosseltern"},"share_on_mastodon":{"url":"https:\/\/pubeurope.com\/@de\/114957645512806687","error":""},"_links":{"self":[{"href":"https:\/\/www.europesays.com\/de\/wp-json\/wp\/v2\/posts\/312614","targetHints":{"allow":["GET"]}}],"collection":[{"href":"https:\/\/www.europesays.com\/de\/wp-json\/wp\/v2\/posts"}],"about":[{"href":"https:\/\/www.europesays.com\/de\/wp-json\/wp\/v2\/types\/post"}],"author":[{"embeddable":true,"href":"https:\/\/www.europesays.com\/de\/wp-json\/wp\/v2\/users\/2"}],"replies":[{"embeddable":true,"href":"https:\/\/www.europesays.com\/de\/wp-json\/wp\/v2\/comments?post=312614"}],"version-history":[{"count":0,"href":"https:\/\/www.europesays.com\/de\/wp-json\/wp\/v2\/posts\/312614\/revisions"}],"wp:featuredmedia":[{"embeddable":true,"href":"https:\/\/www.europesays.com\/de\/wp-json\/wp\/v2\/media\/312615"}],"wp:attachment":[{"href":"https:\/\/www.europesays.com\/de\/wp-json\/wp\/v2\/media?parent=312614"}],"wp:term":[{"taxonomy":"category","embeddable":true,"href":"https:\/\/www.europesays.com\/de\/wp-json\/wp\/v2\/categories?post=312614"},{"taxonomy":"post_tag","embeddable":true,"href":"https:\/\/www.europesays.com\/de\/wp-json\/wp\/v2\/tags?post=312614"}],"curies":[{"name":"wp","href":"https:\/\/api.w.org\/{rel}","templated":true}]}}