{"id":312687,"date":"2025-08-02T06:40:11","date_gmt":"2025-08-02T06:40:11","guid":{"rendered":"https:\/\/www.europesays.com\/de\/312687\/"},"modified":"2025-08-02T06:40:11","modified_gmt":"2025-08-02T06:40:11","slug":"muellgebuehren-bei-uns-vergleichsweise-niedrig","status":"publish","type":"post","link":"https:\/\/www.europesays.com\/de\/312687\/","title":{"rendered":"M\u00fcllgeb\u00fchren bei uns vergleichsweise niedrig"},"content":{"rendered":"<p class=\"small date article__date\">Ver\u00f6ffentlicht:\u00a0Samstag, 02.08.2025 07:50<\/p>\n<p>Die M\u00fcllgeb\u00fchren in NRW variieren stark von Stadt zu Stadt. Vergleichsweise g\u00fcnstig kommt ihr in Gladbeck, Bottrop und Gelsenkirchen weg.\u00a0<\/p>\n<p><img decoding=\"async\" alt=\"\" src=\"https:\/\/www.europesays.com\/de\/wp-content\/uploads\/2025\/08\/af0a0dc9-4474-415d-8b55-95bfb416d844.jpeg&#038;crop=0x221x4398x2748&#038;resize=1280x799&#038;dt=202305041833590.jpeg\" data-size=\"1280x799\"\/>\u00a9 Ingo Otto \/ FUNKE Foto Services<\/p>\n<ul>\n<li><strong>Besonders g\u00fcnstige Abfallgeb\u00fchren in Gladbeck<\/strong><\/li>\n<li><strong>Abwassergeb\u00fchren sind bei uns moderat<\/strong><\/li>\n<\/ul>\n<p>Bei den Kosten f\u00fcr die M\u00fcllabfuhr kommt ihr in Gladbeck, Bottrop und Gelsenkirchen noch relativ g\u00fcnstig weg. Der Bund der Steuerzahler hat landesweit die Abfallgeb\u00fchren verglichen. Besonders g\u00fcnstig ist die M\u00fcllabfuhr f\u00fcr die Gladbecker: Im Schnitt zahlt ihr hier 229 Euro im Jahr &#8211; so wenig wie in kaum einer anderen Stadt. Gelsenkirchen liegt bei 263 Euro, Bottrop bei 380 Euro. Am teuersten sind die M\u00fcllgeb\u00fchren in M\u00fcnster &#8211; dort zahlen die Menschen 685 Euro im Jahr. Der Bund der Steuerzahler weist darauf hin, dass ihr bei der M\u00fcllentsorgung viel Geld sparen k\u00f6nnen &#8211; zum Beispiel durch Abfallvermeidung, kleinere Tonnen oder den Verzicht auf eine w\u00f6chentliche Leerung. Auch die Abwassergeb\u00fchren in NRW hat die Vereinigung verglichen. Dabei liegen Gladbeck, Bottrop und Gelsenkirchen ungef\u00e4hr im landesweiten Mittelfeld.<\/p>\n","protected":false},"excerpt":{"rendered":"Ver\u00f6ffentlicht:\u00a0Samstag, 02.08.2025 07:50 Die M\u00fcllgeb\u00fchren in NRW variieren stark von Stadt zu Stadt. Vergleichsweise g\u00fcnstig kommt ihr in&hellip;\n","protected":false},"author":2,"featured_media":312688,"comment_status":"","ping_status":"","sticky":false,"template":"","format":"standard","meta":{"footnotes":""},"categories":[1848],"tags":[89608,3364,29,548,663,3934,3658,30,13,14,15,1209,12],"class_list":{"0":"post-312687","1":"post","2":"type-post","3":"status-publish","4":"format-standard","5":"has-post-thumbnail","7":"category-gelsenkirchen","8":"tag-mllgebhren","9":"tag-de","10":"tag-deutschland","11":"tag-eu","12":"tag-europa","13":"tag-europe","14":"tag-gelsenkirchen","15":"tag-germany","16":"tag-headlines","17":"tag-nachrichten","18":"tag-news","19":"tag-nordrhein-westfalen","20":"tag-schlagzeilen"},"share_on_mastodon":{"url":"https:\/\/pubeurope.com\/@de\/114957806734757754","error":""},"_links":{"self":[{"href":"https:\/\/www.europesays.com\/de\/wp-json\/wp\/v2\/posts\/312687","targetHints":{"allow":["GET"]}}],"collection":[{"href":"https:\/\/www.europesays.com\/de\/wp-json\/wp\/v2\/posts"}],"about":[{"href":"https:\/\/www.europesays.com\/de\/wp-json\/wp\/v2\/types\/post"}],"author":[{"embeddable":true,"href":"https:\/\/www.europesays.com\/de\/wp-json\/wp\/v2\/users\/2"}],"replies":[{"embeddable":true,"href":"https:\/\/www.europesays.com\/de\/wp-json\/wp\/v2\/comments?post=312687"}],"version-history":[{"count":0,"href":"https:\/\/www.europesays.com\/de\/wp-json\/wp\/v2\/posts\/312687\/revisions"}],"wp:featuredmedia":[{"embeddable":true,"href":"https:\/\/www.europesays.com\/de\/wp-json\/wp\/v2\/media\/312688"}],"wp:attachment":[{"href":"https:\/\/www.europesays.com\/de\/wp-json\/wp\/v2\/media?parent=312687"}],"wp:term":[{"taxonomy":"category","embeddable":true,"href":"https:\/\/www.europesays.com\/de\/wp-json\/wp\/v2\/categories?post=312687"},{"taxonomy":"post_tag","embeddable":true,"href":"https:\/\/www.europesays.com\/de\/wp-json\/wp\/v2\/tags?post=312687"}],"curies":[{"name":"wp","href":"https:\/\/api.w.org\/{rel}","templated":true}]}}