{"id":312712,"date":"2025-08-02T06:54:13","date_gmt":"2025-08-02T06:54:13","guid":{"rendered":"https:\/\/www.europesays.com\/de\/312712\/"},"modified":"2025-08-02T06:54:13","modified_gmt":"2025-08-02T06:54:13","slug":"was-wenn-russland-die-nato-angreift","status":"publish","type":"post","link":"https:\/\/www.europesays.com\/de\/312712\/","title":{"rendered":"Was, wenn Russland die Nato angreift?"},"content":{"rendered":"<p>So r\u00fcstet Polen seine Grenzen auf <\/p>\n<p>Der &#8222;Ostschild&#8220;: Was, wenn Russland angreift?<\/p>\n<ul class=\"grid grid-flow-col gap-4\" aria-label=\"Autorenbilder\">\n<li class=\"leading-0\"><img data-tb-author-image=\"\"  loading=\"eager\" src=\"https:\/\/www.europesays.com\/de\/wp-content\/uploads\/2025\/08\/1754117652_906_image.jpg\" alt=\"\" title=\"\" width=\"40\" height=\"40\" class=\"\" decoding=\"async\"\/><\/li>\n<\/ul>\n<p>02.08.2025 &#8211; 08:21 UhrLesedauer: 7 Min.<\/p>\n<p><a href=\"#focus-0\" class=\"transition-colors duration-200 focus-within:text-magenta block text-current relative\" data-sctrack=\"FocusGalleryImage.Reference\"><img fetchpriority=\"high\" data-testid=\"Opener.Image\" style=\"--lqipURL:url('https:\/\/images.t-online.de\/2025\/07\/6xvOM-cScGCb\/14x24:1659x933\/fit-in\/150x0\/filters:blur(25)\/polnischer-kampfingenieur-micha-bednarko-vor-dem-ostschild-fotomontage-die-anlage-soll-polen-im-falle-eines-angriffs-zeit-verschaffen.jpg')\"   loading=\"eager\" src=\"https:\/\/www.europesays.com\/de\/wp-content\/uploads\/2025\/08\/polnischer-kampfingenieur-micha-bednarko-vor-dem-ostschild-fotomontage-die-anlage-soll-polen-im-fall.jpeg\" alt=\"Polnischer Kampfingenieur Micha\u0142 Bednarko vor dem &quot;Ostschild&quot; (Fotomontage): Die Anlage soll Polen im Falle eines Angriffs Zeit verschaffen.\" title=\"Polnischer Kampfingenieur Micha\u0142 Bednarko vor dem &quot;Ostschild&quot; (Fotomontage): Die Anlage soll Polen im Falle eines Angriffs Zeit verschaffen.\" width=\"1659\" height=\"933\" class=\"bg-[url:var(--lqipURL)] bg-cover bg-center flex h-full w-full max-w-full\" decoding=\"async\"\/><img style=\"--width:32;--height:32\" loading=\"lazy\" src=\"https:\/\/www.t-online.de\/s\/paper\/_next\/static\/media\/zoom-in.f7dae02f.svg\" alt=\"Vergr\u00f6\u00dfern des Bildes\" title=\"Vergr\u00f6\u00dfern des Bildes\" class=\"block h-[calc(var(--height)_\/_16_*_1rem)] w-[calc(var(--width)_\/_16_*_1rem)] max-w-none absolute bottom-8 right-8 rounded-4 bg-snow p-8\" decoding=\"async\"\/><\/a><\/p>\n<p>Der polnische Kampfingenieur Micha\u0142 Bednarko vor dem &#8222;Ostschild&#8220; (Fotomontage): Die Anlage soll Polen im Falle einer russischen Offensive Zeit verschaffen. (Quelle: Malte Bollmeier\/Montage: Axel Kr\u00fcger)<\/p>\n<p class=\"font-bold text-18 leading-17\">Panzersperren, Minenfelder, Bunkertunnel: Aus Angst vor einem russischen Angriff befestigt Polen seine Grenzen. Aber k\u00f6nnte der &#8222;Ostschild&#8220; einen russischen Einmarsch wirklich verhindern?<\/p>\n<p class=\"text-18 leading-17\">Ein Reh tapst zwischen h\u00fcfthohen Betonbrocken herum. Es trippelt durch die erste Reihe der grauen Unget\u00fcme, danach durch eine zweite und schlie\u00dflich eine dritte. Ein letztes Mal blickt es sich um und schnuppert, ob Gefahr droht. Dann h\u00fcpft es in die Blumenwiese hinter den Felsen und verschwindet.<\/p>\n<p class=\"text-18 leading-17\">In Kriegszeiten w\u00e4re das Reh jetzt wohl tot. Denn die grauen Brocken sind keine Felsen, sondern Panzersperren, und unter den Blumen w\u00fcrden vermutlich Landminen lauern. Das Tier w\u00e4re in die Luft gesprengt worden, denn es ist durch den &#8222;Ostschild&#8220; nahe der russischen Exklave Kaliningrad gelaufen.<\/p>\n<p class=\"text-18 leading-17\">Als &#8222;Ostschild&#8220; bezeichnet die polnische Regierung die Anlage, mit der sie Polens Grenzen zu Kaliningrad und zu Belarus verteidigen will, f\u00fcr den Fall, dass Russland angreift. 2024 hat der Bau begonnen, bis 2028 soll er fertig sein. Kosten: 2,3 Milliarden Euro. Wo es m\u00f6glich ist, will die polnische Armee zum Schutz der 650-Kilometer-Grenze W\u00e4lder, Seen, Fl\u00fcsse und S\u00fcmpfe nutzen. Aber die Grenzgebiete bestehen zu guten Teilen aus Feldern und Wiesen, \u00fcber die russische Panzer leicht hereinfahren k\u00f6nnten.<\/p>\n<p class=\"text-18 leading-17\">F\u00fcr diese taktischen Schwachstellen hat Polens Armee eine mehrstufige Abwehr entwickelt: Stacheldraht und Minenfelder, Panzergr\u00e4ben und Panzersperren, Bunker und Sch\u00fctzengr\u00e4ben sowie Sensoren und St\u00f6rsender gegen Drohnenattacken. Landminen sind zwar eigentlich laut dem Ottawa-Abkommen verboten, Tusk will aber demn\u00e4chst daraus aussteigen, damit die Armee sie im &#8222;Ostschild&#8220; verwenden kann. Ein Abschnitt des neuen Bollwerks ist bereits gro\u00dfteils fertiggestellt und befindet sich in der N\u00e4he des Dorfes Momajny in der Woiwodschaft Ermland-Masuren. Wie die Anlage aussieht, erfahren Sie hier im Video.<\/p>\n<p>Video | Video: So sieht der &#8222;Ostschild&#8220; aus<\/p>\n<p><img style=\"--width:32;--height:32\" loading=\"lazy\" src=\"https:\/\/www.t-online.de\/s\/paper\/_next\/static\/media\/loading-indicator-video.1f35d8de.svg\" alt=\"Video l\u00e4dt\" title=\"Video l\u00e4dt\" class=\"block h-[calc(var(--height)_\/_16_*_1rem)] w-[calc(var(--width)_\/_16_*_1rem)] max-w-none undefined\" decoding=\"async\"\/>Player wird geladenQuelle: t-online<\/p>\n<p class=\"text-18 leading-17\">Aus Angst vor einem russischen Angriff hat <a class=\"transition-colors duration-200 cursor-pointer text-inherit no-underline text-salemsfur md:hover:text-magenta md:hover:border-magenta md:focus:text-magenta border-current border-b border-solid break-words\" href=\"https:\/\/www.t-online.de\/themen\/polen\/\" data-sctrack=\"BodyAnchor\" target=\"_blank\" rel=\"noopener\">Polen<\/a> schon im Juli 2023 Truppen an seine Ostgrenze zu Belarus verlegt. Russlands Pr\u00e4sident <a class=\"transition-colors duration-200 cursor-pointer text-inherit no-underline text-salemsfur md:hover:text-magenta md:hover:border-magenta md:focus:text-magenta border-current border-b border-solid break-words\" href=\"https:\/\/www.t-online.de\/themen\/wladimir-putin\/\" data-sctrack=\"BodyAnchor\" target=\"_blank\" rel=\"noopener\">Wladimir Putin<\/a> drohte daraufhin, jeder Angriff auf Belarus werde als Aggression gegen Russland aufgefasst und seine Armee werde mit allen verf\u00fcgbaren Mitteln reagieren. Auch russische Intellektuelle meldeten sich zu Wort, wie der Politikwissenschaftler Andrej Sidorow. Im Oktober 2024 sagte er im Staatsfernsehen, Polen k\u00f6nnte &#8222;aufh\u00f6ren zu existieren&#8220;, falls es gegen Belarus und Russland vorgehe.<\/p>\n<p class=\"text-18 leading-17\">Wenn es nach Polens Ministerpr\u00e4sident Donald Tusk ginge, w\u00e4ren Europa und Polen schon 2027 abwehrbereit, also ein Jahr, bevor der &#8222;Ostschild&#8220; laut Plan fertig werden soll. Tusks Regierung werde in den kommenden zwei Jahren alles tun, um die Sicherheit des Landes zu gew\u00e4hrleisten, k\u00fcndigte er vergangene Woche bei einer B\u00fcrgerversammlung an. Er berief sich dabei auf den neuen Nato-Oberbefehlshaber Alexus Grynkewich, demzufolge Russland und <a class=\"transition-colors duration-200 cursor-pointer text-inherit no-underline text-salemsfur md:hover:text-magenta md:hover:border-magenta md:focus:text-magenta border-current border-b border-solid break-words\" href=\"https:\/\/www.t-online.de\/themen\/china\/\" data-sctrack=\"BodyAnchor\" target=\"_blank\" rel=\"noopener\">China<\/a> bis 2027 so weit erstarken k\u00f6nnten, dass sie eine Konfrontation mit der <a class=\"transition-colors duration-200 cursor-pointer text-inherit no-underline text-salemsfur md:hover:text-magenta md:hover:border-magenta md:focus:text-magenta border-current border-b border-solid break-words\" href=\"https:\/\/www.t-online.de\/themen\/nato\/\" data-sctrack=\"BodyAnchor\" target=\"_blank\" rel=\"noopener\">Nato<\/a> und den <a class=\"transition-colors duration-200 cursor-pointer text-inherit no-underline text-salemsfur md:hover:text-magenta md:hover:border-magenta md:focus:text-magenta border-current border-b border-solid break-words\" href=\"https:\/\/www.t-online.de\/themen\/usa\/\" data-sctrack=\"BodyAnchor\" target=\"_blank\" rel=\"noopener\">USA<\/a> suchen.<\/p>\n","protected":false},"excerpt":{"rendered":"So r\u00fcstet Polen seine Grenzen auf Der &#8222;Ostschild&#8220;: Was, wenn Russland angreift? 02.08.2025 &#8211; 08:21 UhrLesedauer: 7 Min.&hellip;\n","protected":false},"author":2,"featured_media":312713,"comment_status":"","ping_status":"","sticky":false,"template":"","format":"standard","meta":{"footnotes":""},"categories":[4013],"tags":[54793,3028,331,332,2140,916,89769,37829,1478,89771,663,13,23431,89772,89766,451,89770,89768,14,1159,15,89765,89767,3917,4043,4044,850,307,12,306,2657],"class_list":{"0":"post-312712","1":"post","2":"type-post","3":"status-publish","4":"format-standard","5":"has-post-thumbnail","7":"category-russland","8":"tag-54793","9":"tag-3028","10":"tag-aktuelle-nachrichten","11":"tag-aktuelle-news","12":"tag-angriff","13":"tag-belarus","14":"tag-bunkertunnel","15":"tag-donald-tusk","16":"tag-drohne","17":"tag-ermland-masuren","18":"tag-europa","19":"tag-headlines","20":"tag-kaliningrad","21":"tag-karol-misior","22":"tag-michal-bednarko","23":"tag-militaer","24":"tag-minenfeld","25":"tag-momajny","26":"tag-nachrichten","27":"tag-nato","28":"tag-news","29":"tag-ostschild","30":"tag-panzersperre","31":"tag-polen","32":"tag-russia","33":"tag-russian-federation","34":"tag-russische-foederation","35":"tag-russland","36":"tag-schlagzeilen","37":"tag-wladimir-putin","38":"tag-zweiter-weltkrieg"},"share_on_mastodon":{"url":"https:\/\/pubeurope.com\/@de\/114957862188135176","error":""},"_links":{"self":[{"href":"https:\/\/www.europesays.com\/de\/wp-json\/wp\/v2\/posts\/312712","targetHints":{"allow":["GET"]}}],"collection":[{"href":"https:\/\/www.europesays.com\/de\/wp-json\/wp\/v2\/posts"}],"about":[{"href":"https:\/\/www.europesays.com\/de\/wp-json\/wp\/v2\/types\/post"}],"author":[{"embeddable":true,"href":"https:\/\/www.europesays.com\/de\/wp-json\/wp\/v2\/users\/2"}],"replies":[{"embeddable":true,"href":"https:\/\/www.europesays.com\/de\/wp-json\/wp\/v2\/comments?post=312712"}],"version-history":[{"count":0,"href":"https:\/\/www.europesays.com\/de\/wp-json\/wp\/v2\/posts\/312712\/revisions"}],"wp:featuredmedia":[{"embeddable":true,"href":"https:\/\/www.europesays.com\/de\/wp-json\/wp\/v2\/media\/312713"}],"wp:attachment":[{"href":"https:\/\/www.europesays.com\/de\/wp-json\/wp\/v2\/media?parent=312712"}],"wp:term":[{"taxonomy":"category","embeddable":true,"href":"https:\/\/www.europesays.com\/de\/wp-json\/wp\/v2\/categories?post=312712"},{"taxonomy":"post_tag","embeddable":true,"href":"https:\/\/www.europesays.com\/de\/wp-json\/wp\/v2\/tags?post=312712"}],"curies":[{"name":"wp","href":"https:\/\/api.w.org\/{rel}","templated":true}]}}