{"id":312717,"date":"2025-08-02T06:58:22","date_gmt":"2025-08-02T06:58:22","guid":{"rendered":"https:\/\/www.europesays.com\/de\/312717\/"},"modified":"2025-08-02T06:58:22","modified_gmt":"2025-08-02T06:58:22","slug":"noch-freie-plaetze-fuer-internationales-klassenzimmer-in-grossbritannien","status":"publish","type":"post","link":"https:\/\/www.europesays.com\/de\/312717\/","title":{"rendered":"Noch freie Pl\u00e4tze f\u00fcr \u201eInternationales Klassenzimmer\u201c in Gro\u00dfbritannien"},"content":{"rendered":"<p class=\"paragraph tw-mx-auto tw-mb-6\">Freie Pl\u00e4tze gibt es derzeit noch f\u00fcr \u201eDas Internationale Klassenzimmer am Meer\u201c\u00a0in England f\u00fcr M\u00e4dchen und Jungen im Alter von 11 bis 18 Jahren: Am 3. August geht es f\u00fcr zwei Wochen nach Thanet am S\u00fcdost-Zipfel Englands, direkt am Meer. Dort werden die Sch\u00fcler von ihren Gastfamilien begr\u00fc\u00dft, die ihnen Einblick in den British way of life geben werden.<\/p>\n<p class=\"paragraph tw-mx-auto tw-mb-6\">An den Vormittagen gibt es Englischunterricht. In Internationalen Klassenzimmern, gemeinsam mit Heranwachsenden aus Frankreich, Spanien und Italien, k\u00f6nnen Grammatik und Wortschatz erweitert werden. Aber es soll auch die Angst vor dem Gebrauch der Sprache genommen werden. Nach dem Lernen stehen dann Sport und Ausfl\u00fcge auf dem Programm. Weitere Informationen k\u00f6nnen per E-Mail an <a href=\"https:\/\/www.nordkurier.de\/cdn-cgi\/l\/email-protection\" class=\"__cf_email__\" data-cfemail=\"b8d3d4d9cbcbddd6c2d1d5d5ddcaf8d9cdcbccd9cdcbdbd0dcd1ddd6cbcc96dcdd\" target=\"_blank\" rel=\"noopener\">[email\u00a0protected]<\/a> angefordert werden.<\/p>\n","protected":false},"excerpt":{"rendered":"Freie Pl\u00e4tze gibt es derzeit noch f\u00fcr \u201eDas Internationale Klassenzimmer am Meer\u201c\u00a0in England f\u00fcr M\u00e4dchen und Jungen im&hellip;\n","protected":false},"author":2,"featured_media":312718,"comment_status":"","ping_status":"","sticky":false,"template":"","format":"standard","meta":{"footnotes":""},"categories":[3976],"tags":[331,332,3058,71585,551,13,14367,14,15,12,1978,23686,11290,3992,3993,3994,3995,3996,3997],"class_list":{"0":"post-312717","1":"post","2":"type-post","3":"status-publish","4":"format-standard","5":"has-post-thumbnail","7":"category-vereinigtes-koenigreich","8":"tag-aktuelle-nachrichten","9":"tag-aktuelle-news","10":"tag-england","11":"tag-englisch","12":"tag-grossbritannien","13":"tag-headlines","14":"tag-meer","15":"tag-nachrichten","16":"tag-news","17":"tag-schlagzeilen","18":"tag-schueler","19":"tag-schueleraustausch","20":"tag-sommerferien","21":"tag-uk","22":"tag-united-kingdom","23":"tag-united-kingdom-of-great-britain-and-northern-ireland","24":"tag-vereinigtes-koenigreich","25":"tag-vereinigtes-koenigreich-grossbritannien-und-nordirland","26":"tag-vereinigtes-koenigreich-von-grossbritannien-und-nordirland"},"share_on_mastodon":{"url":"https:\/\/pubeurope.com\/@de\/114957877630259350","error":""},"_links":{"self":[{"href":"https:\/\/www.europesays.com\/de\/wp-json\/wp\/v2\/posts\/312717","targetHints":{"allow":["GET"]}}],"collection":[{"href":"https:\/\/www.europesays.com\/de\/wp-json\/wp\/v2\/posts"}],"about":[{"href":"https:\/\/www.europesays.com\/de\/wp-json\/wp\/v2\/types\/post"}],"author":[{"embeddable":true,"href":"https:\/\/www.europesays.com\/de\/wp-json\/wp\/v2\/users\/2"}],"replies":[{"embeddable":true,"href":"https:\/\/www.europesays.com\/de\/wp-json\/wp\/v2\/comments?post=312717"}],"version-history":[{"count":0,"href":"https:\/\/www.europesays.com\/de\/wp-json\/wp\/v2\/posts\/312717\/revisions"}],"wp:featuredmedia":[{"embeddable":true,"href":"https:\/\/www.europesays.com\/de\/wp-json\/wp\/v2\/media\/312718"}],"wp:attachment":[{"href":"https:\/\/www.europesays.com\/de\/wp-json\/wp\/v2\/media?parent=312717"}],"wp:term":[{"taxonomy":"category","embeddable":true,"href":"https:\/\/www.europesays.com\/de\/wp-json\/wp\/v2\/categories?post=312717"},{"taxonomy":"post_tag","embeddable":true,"href":"https:\/\/www.europesays.com\/de\/wp-json\/wp\/v2\/tags?post=312717"}],"curies":[{"name":"wp","href":"https:\/\/api.w.org\/{rel}","templated":true}]}}