{"id":312731,"date":"2025-08-02T07:06:10","date_gmt":"2025-08-02T07:06:10","guid":{"rendered":"https:\/\/www.europesays.com\/de\/312731\/"},"modified":"2025-08-02T07:06:10","modified_gmt":"2025-08-02T07:06:10","slug":"fuer-vielfalt-in-bonn-mehrere-kundgebungen-in-der-city","status":"publish","type":"post","link":"https:\/\/www.europesays.com\/de\/312731\/","title":{"rendered":"F\u00fcr Vielfalt in Bonn &#8211; mehrere Kundgebungen in der City"},"content":{"rendered":"<p class=\"small date article__date\">Ver\u00f6ffentlicht:\u00a0Samstag, 02.08.2025 08:44<\/p>\n<p>Rechtsextreme mobilisieren gegen das Sommerfest von Beethovens Bunte heute rund um den Bonner M\u00fcnsterplatz \u2013 und das sorgt heute in Bonn f\u00fcr eine weitere Gegenveranstaltung, sodass es in der City heute gleich drei Kundgebungen geben wird. Beethovens Bunte feiern zwischen 13 und 21 Uhr, mit Musik, Infost\u00e4nden, einem bunten Programm, auch eine Demo unter dem Motto \u201eBonn w\u00e4hlt Liebe\u201c ist geplant. <\/p>\n<p><img decoding=\"async\" alt=\"\" src=\"https:\/\/www.europesays.com\/de\/wp-content\/uploads\/2025\/08\/csd.jpg&#038;crop=0x40x960x600&#038;resize=960x600&#038;dt=202308121122260.jpeg\" data-size=\"960x600\"\/>\u00a9 pixabayKundgebung auf dem M\u00fcnsterplatz gegen rechte Veranstaltung am Mittag<\/p>\n<p>Eine Stunde vorher werden allerdings Rechtsextreme auf dem M\u00fcnsterplatz erwartet, die gegen den \u201eGenderwahn\u201c protestieren wollen, gegen den \u201elinken Zirkus\u201c, wie sie im Internet verk\u00fcnden. Und das sorgt f\u00fcr eine weitere Gegenreaktion: Das Bonner B\u00fcndnis gegen Rechts ruft auf, ab 12 Uhr die \u201eFaschos vom CSD zu fegen\u201c. Man wolle die rechte Versammlung nicht unkommentiert lassen, hei\u00dft es. Auch Bonns Oberb\u00fcrgermeisterin D\u00f6rner ist dabei, sie teilt mit, sie sei w\u00fctend, dass Rechtsextreme unsere \u201eBeethovens Bunte\u201c bedrohen w\u00fcrden, das sei unertr\u00e4glich. Sie schreibt weiter w\u00f6rtlich: \u201eWir lassen uns nicht einsch\u00fcchtern und stehen gemeinsam f\u00fcr Vielfalt und die Rechte queerer Menschen \u2013 das geht uns alle an!\u201c. Sie dankte auch der Bonner Polizei, die bereits angek\u00fcndigt hat, pr\u00e4sent zu sein und f\u00fcr Sicherheit zu sorgen.<\/p>\n","protected":false},"excerpt":{"rendered":"Ver\u00f6ffentlicht:\u00a0Samstag, 02.08.2025 08:44 Rechtsextreme mobilisieren gegen das Sommerfest von Beethovens Bunte heute rund um den Bonner M\u00fcnsterplatz \u2013&hellip;\n","protected":false},"author":2,"featured_media":312732,"comment_status":"","ping_status":"","sticky":false,"template":"","format":"standard","meta":{"footnotes":""},"categories":[1842],"tags":[1741,3364,29,30,1209],"class_list":{"0":"post-312731","1":"post","2":"type-post","3":"status-publish","4":"format-standard","5":"has-post-thumbnail","7":"category-bonn","8":"tag-bonn","9":"tag-de","10":"tag-deutschland","11":"tag-germany","12":"tag-nordrhein-westfalen"},"share_on_mastodon":{"url":"https:\/\/pubeurope.com\/@de\/114957909146702659","error":""},"_links":{"self":[{"href":"https:\/\/www.europesays.com\/de\/wp-json\/wp\/v2\/posts\/312731","targetHints":{"allow":["GET"]}}],"collection":[{"href":"https:\/\/www.europesays.com\/de\/wp-json\/wp\/v2\/posts"}],"about":[{"href":"https:\/\/www.europesays.com\/de\/wp-json\/wp\/v2\/types\/post"}],"author":[{"embeddable":true,"href":"https:\/\/www.europesays.com\/de\/wp-json\/wp\/v2\/users\/2"}],"replies":[{"embeddable":true,"href":"https:\/\/www.europesays.com\/de\/wp-json\/wp\/v2\/comments?post=312731"}],"version-history":[{"count":0,"href":"https:\/\/www.europesays.com\/de\/wp-json\/wp\/v2\/posts\/312731\/revisions"}],"wp:featuredmedia":[{"embeddable":true,"href":"https:\/\/www.europesays.com\/de\/wp-json\/wp\/v2\/media\/312732"}],"wp:attachment":[{"href":"https:\/\/www.europesays.com\/de\/wp-json\/wp\/v2\/media?parent=312731"}],"wp:term":[{"taxonomy":"category","embeddable":true,"href":"https:\/\/www.europesays.com\/de\/wp-json\/wp\/v2\/categories?post=312731"},{"taxonomy":"post_tag","embeddable":true,"href":"https:\/\/www.europesays.com\/de\/wp-json\/wp\/v2\/tags?post=312731"}],"curies":[{"name":"wp","href":"https:\/\/api.w.org\/{rel}","templated":true}]}}