{"id":312806,"date":"2025-08-02T07:45:15","date_gmt":"2025-08-02T07:45:15","guid":{"rendered":"https:\/\/www.europesays.com\/de\/312806\/"},"modified":"2025-08-02T07:45:15","modified_gmt":"2025-08-02T07:45:15","slug":"neues-festival-turnup-startet-am-samstag-auf-bremer-buergerweide","status":"publish","type":"post","link":"https:\/\/www.europesays.com\/de\/312806\/","title":{"rendered":"Neues Festival &#8222;TurnUp&#8220; startet am Samstag auf Bremer B\u00fcrgerweide"},"content":{"rendered":"<p class=\"article-toplinewrapper\">\nFragen &amp; Antworten<\/p>\n<p>Standdatum: 2. August 2025.<\/p>\n<p>Autorinnen und Autoren:<br \/>\nMarcel Foltmer<\/p>\n<p><a href=\"https:\/\/www.butenunbinnen.de\/bilder\/luciano-festival-bremen-100~_v-800x450_c-1738692462922.jpg\" data-gallery-entry-for=\"turnup-bremen-festival-100\" data-size=\"2560x1440\" class=\"text-link\" rel=\"nofollow noopener\" target=\"_blank\"><\/p>\n<p><img decoding=\"async\" class=\"image -image-with-fallback -image-rounded  lazyload\" src=\"data:image\/gif;base64,R0lGODlhEAAJAIAAAP\/\/\/\/\/\/\/yH5BAEKAAEALAAAAAAQAAkAAAIKjI+py+0Po5yUFQA7\"   alt=\"Der Rapper Luciano mit einem Mikrofon in der Hand\" title=\"Bild: Imago \/ Future Image\" data-image-owner=\"Imago \/ Future Image\" data-image-title=\"Der Rapper Luciano mit einem Mikrofon in der Hand\" data-image-src=\"https:\/\/www.butenunbinnen.de\/bilder\/luciano-festival-bremen-100~_v-800x450_c-1738692462922.jpg\" data-image-rights-src=\"\/bilder\/luciano-festival-bremen-100~_v-640x360_c-1738692462922.jpg\"\/><\/p>\n<p><\/a><\/p>\n<p>Der Rapper Luciano wird ebenfalls auf der B\u00fchne stehen.<\/p>\n<p>Bild: Imago \/ Future Image<\/p>\n<p class=\"article-intro\">Luciano, Pashanim, Symba und andere hochkar\u00e4tige Deutschrapper stehen heute bei der Premiere auf der B\u00fchne. Wir beantworten die wichtigsten Fragen zum Festival.<\/p>\n<p>Welche Musikerinnen und Musiker treten auf dem Festival auf?<\/p>\n<p class=\"questions-and-answers-answers\">Neben den Rappern Luciano, Pashanim und Symba steht unter anderem der Rapper Gzuz im Line-up, der auch Teil der bekannten Hip-Hop-Gruppe &#8222;187 Stra\u00dfenbande&#8220; ist. Au\u00dferdem sind Auftritte von Summer Cem und KC Rebell, Omar, Wa22ermann, Booz, Liz und Kid Kapri geplant. Auf einer Aftershowparty im Club Ameli\u00e9 im Bremer Viertel legen das DJ-Duo Drunken Masters und die DJ $hoki auf.<\/p>\n<p>Wer hat das Festival organisiert?<\/p>\n<p class=\"questions-and-answers-answers\">Der 20-j\u00e4hrige Unternehmer Leonard Ge\u00dfner stellt das Festival auf der B\u00fcrgerweide auf die Beine. Zwar hat er einige Sponsoren organisiert, die das Vorhaben unterst\u00fctzen, trotzdem geht er nach eigenen Angaben ein gro\u00dfes Risiko ein. In einem Bremen-NEXT-Interview im M\u00e4rz sagte Ge\u00dfner, er sei es leid, f\u00fcr Konzerte immer nach Hamburg oder Hannover fahren zu m\u00fcssen. Deswegen &#8222;drehen wir den Spie\u00df mal um und holen alle nach Bremen&#8220;, so der Veranstalter.<\/p>\n<p>Wann und wo findet das &#8222;Turn Up BRMN&#8220; statt?<\/p>\n<p class=\"questions-and-answers-answers\">Das Festival findet auf dem Open-Air-Gel\u00e4nde auf der B\u00fcrgerweide statt, auf dem in den letzten Wochen bereits Musiker wie Iron Maiden und Sido aufgetreten sind. Am Samstag, 2. August, ab 12 Uhr \u00f6ffnet das Turn Up dann seine T\u00fcren. Bis in den sp\u00e4ten Abend hinein spielen die Rapperinnen und Rapper, ein Zeitplan wurde bisher noch nicht ver\u00f6ffentlicht.<\/p>\n<p>Was ist sonst noch wichtig?<\/p>\n<p class=\"questions-and-answers-answers\">Wer Interesse am Festival hat, bekommt momentan ein Ticket f\u00fcr 90 Euro. Auf dem Gel\u00e4nde gelten die typischen Regeln f\u00fcr Open-Air-Konzerte: Mitgebrachte Speisen und Getr\u00e4nke sind nicht gestattet, auch gr\u00f6\u00dfere Taschen m\u00fcssen zuhause bleiben. Jugendliche unter 16 Jahren d\u00fcrfen das Festival nur mit einer erwachsenen Begleitperson besuchen. Nach Angaben der Veranstalter gibt es auf dem Gel\u00e4nde au\u00dferdem ein Awareness-Team.<\/p>\n<p>Mehr zum Thema:<\/p>\n<p class=\"article-legal-agencies\"><strong>Quelle<\/strong>:<br \/>\nbuten un binnen.\n<\/p>\n<p class=\"article-legal-broadcast-reference\"><strong>Dieses Thema im Programm:<\/strong><br \/>\nbuten un binnen, 2. August 2025, 19.30 Uhr<\/p>\n","protected":false},"excerpt":{"rendered":"Fragen &amp; Antworten Standdatum: 2. August 2025. Autorinnen und Autoren: Marcel Foltmer Der Rapper Luciano wird ebenfalls auf&hellip;\n","protected":false},"author":2,"featured_media":312807,"comment_status":"","ping_status":"","sticky":false,"template":"","format":"standard","meta":{"footnotes":""},"categories":[1772],"tags":[29,214,30,1779,810,215],"class_list":{"0":"post-312806","1":"post","2":"type-post","3":"status-publish","4":"format-standard","5":"has-post-thumbnail","7":"category-musik","8":"tag-deutschland","9":"tag-entertainment","10":"tag-germany","11":"tag-music","12":"tag-musik","13":"tag-unterhaltung"},"share_on_mastodon":{"url":"https:\/\/pubeurope.com\/@de\/114958062695763989","error":""},"_links":{"self":[{"href":"https:\/\/www.europesays.com\/de\/wp-json\/wp\/v2\/posts\/312806","targetHints":{"allow":["GET"]}}],"collection":[{"href":"https:\/\/www.europesays.com\/de\/wp-json\/wp\/v2\/posts"}],"about":[{"href":"https:\/\/www.europesays.com\/de\/wp-json\/wp\/v2\/types\/post"}],"author":[{"embeddable":true,"href":"https:\/\/www.europesays.com\/de\/wp-json\/wp\/v2\/users\/2"}],"replies":[{"embeddable":true,"href":"https:\/\/www.europesays.com\/de\/wp-json\/wp\/v2\/comments?post=312806"}],"version-history":[{"count":0,"href":"https:\/\/www.europesays.com\/de\/wp-json\/wp\/v2\/posts\/312806\/revisions"}],"wp:featuredmedia":[{"embeddable":true,"href":"https:\/\/www.europesays.com\/de\/wp-json\/wp\/v2\/media\/312807"}],"wp:attachment":[{"href":"https:\/\/www.europesays.com\/de\/wp-json\/wp\/v2\/media?parent=312806"}],"wp:term":[{"taxonomy":"category","embeddable":true,"href":"https:\/\/www.europesays.com\/de\/wp-json\/wp\/v2\/categories?post=312806"},{"taxonomy":"post_tag","embeddable":true,"href":"https:\/\/www.europesays.com\/de\/wp-json\/wp\/v2\/tags?post=312806"}],"curies":[{"name":"wp","href":"https:\/\/api.w.org\/{rel}","templated":true}]}}