{"id":31304,"date":"2025-04-14T13:53:38","date_gmt":"2025-04-14T13:53:38","guid":{"rendered":"https:\/\/www.europesays.com\/de\/31304\/"},"modified":"2025-04-14T13:53:38","modified_gmt":"2025-04-14T13:53:38","slug":"aufzug-an-der-schwebebahnstation-robert-daum-platz-wird-erneuert","status":"publish","type":"post","link":"https:\/\/www.europesays.com\/de\/31304\/","title":{"rendered":"Aufzug an der Schwebebahnstation Robert-Daum-Platz wird erneuert"},"content":{"rendered":"<p class=\"text_ohne_einzug richtext text-em-55 !leading-serif mx-6 desktop:mx-0\">Am Montag, 14. April, beginnen die Wuppertaler Stadtwerke (WSW) mit der Erneuerung der Aufzugsanlage an der Schwebebahnstation Robert-Daum-Platz, Richtung Oberbarmen. Die Arbeiten dauern insgesamt etwa sieben Wochen. In dieser Zeit steht der Aufzug nicht zur Verf\u00fcgung. Die WSW empfehlen Fahrg\u00e4sten mit Mobilit\u00e4tseinschr\u00e4nkung, die Haltestellen Pestalozzistra\u00dfe oder Ohligsm\u00fchle\/Stadthalle f\u00fcr den Ein- und Ausstieg zu nutzen.<\/p>\n<p class=\"richtext text-em-55 !leading-serif mx-6 desktop:mx-0\">Die Sanierung ist Teil des Erneuerungsprogramms Schwebebahn. In diesem Rahmen sanieren die WSW seit 2023 die Ausstattung und technischen Anlagen, wie Bodenbel\u00e4ge, Fahrgastinformationssysteme und Aufz\u00fcge, an mehreren Schwebebahnstationen. F\u00fcr die Sanierungsarbeiten haben die WSW eine F\u00f6rderung aus dem Landesprogramm \u201eKommunale Schiene\u201c beantragt.<\/p>\n","protected":false},"excerpt":{"rendered":"Am Montag, 14. April, beginnen die Wuppertaler Stadtwerke (WSW) mit der Erneuerung der Aufzugsanlage an der Schwebebahnstation Robert-Daum-Platz,&hellip;\n","protected":false},"author":2,"featured_media":31305,"comment_status":"","ping_status":"","sticky":false,"template":"","format":"standard","meta":{"footnotes":"","_share_on_mastodon":"0"},"categories":[1840],"tags":[17125,17127,17126,16953,3364,29,30,1209,4739,17128,17124,6397,17123,4418],"class_list":["post-31304","post","type-post","status-publish","format-standard","has-post-thumbnail","category-wuppertal","tag-aufzug","tag-aufzuege","tag-aufzugsanlage","tag-daum","tag-de","tag-deutschland","tag-germany","tag-nordrhein-westfalen","tag-robert","tag-schwebebahn","tag-schwebebahnstation","tag-stadtwerke","tag-wsw","tag-wuppertal"],"share_on_mastodon":{"url":"https:\/\/pubeurope.com\/@de\/114336655293147958","error":""},"_links":{"self":[{"href":"https:\/\/www.europesays.com\/de\/wp-json\/wp\/v2\/posts\/31304","targetHints":{"allow":["GET"]}}],"collection":[{"href":"https:\/\/www.europesays.com\/de\/wp-json\/wp\/v2\/posts"}],"about":[{"href":"https:\/\/www.europesays.com\/de\/wp-json\/wp\/v2\/types\/post"}],"author":[{"embeddable":true,"href":"https:\/\/www.europesays.com\/de\/wp-json\/wp\/v2\/users\/2"}],"replies":[{"embeddable":true,"href":"https:\/\/www.europesays.com\/de\/wp-json\/wp\/v2\/comments?post=31304"}],"version-history":[{"count":0,"href":"https:\/\/www.europesays.com\/de\/wp-json\/wp\/v2\/posts\/31304\/revisions"}],"wp:featuredmedia":[{"embeddable":true,"href":"https:\/\/www.europesays.com\/de\/wp-json\/wp\/v2\/media\/31305"}],"wp:attachment":[{"href":"https:\/\/www.europesays.com\/de\/wp-json\/wp\/v2\/media?parent=31304"}],"wp:term":[{"taxonomy":"category","embeddable":true,"href":"https:\/\/www.europesays.com\/de\/wp-json\/wp\/v2\/categories?post=31304"},{"taxonomy":"post_tag","embeddable":true,"href":"https:\/\/www.europesays.com\/de\/wp-json\/wp\/v2\/tags?post=31304"}],"curies":[{"name":"wp","href":"https:\/\/api.w.org\/{rel}","templated":true}]}}