{"id":313123,"date":"2025-08-02T10:46:16","date_gmt":"2025-08-02T10:46:16","guid":{"rendered":"https:\/\/www.europesays.com\/de\/313123\/"},"modified":"2025-08-02T10:46:16","modified_gmt":"2025-08-02T10:46:16","slug":"arbeitslosigkeit-in-gelsenkirchen-steigt-auch-bei-juengeren","status":"publish","type":"post","link":"https:\/\/www.europesays.com\/de\/313123\/","title":{"rendered":"Arbeitslosigkeit in Gelsenkirchen steigt \u2013 auch bei J\u00fcngeren"},"content":{"rendered":"<p class=\"font-sans font-medium\">Gelsenkirchen. In Gelsenkirchen ist die Zahl der Arbeitslosen gestiegen. Obwohl Pl\u00e4tze frei sind, ist zudem fast ein Drittel der Bewerber ohne Ausbildungsplatz.<\/p>\n<p>In <strong>Gelsenkirchen<\/strong> ist die Zahl der Arbeitslosen im Juli 2025 gestiegen. 20.955 Menschen waren ohne Job \u2013 das sind 465 mehr als im Juni (+2,3\u202f Prozent) und 796 mehr als vor einem Jahr (+3,9\u202f Prozent). Die Arbeitslosenquote liegt nun bei 15,3\u202fProzent, vor einem Jahr (Juli 2024) lag sie noch bei 14,9 Prozent. Auff\u00e4llig ist der Anstieg bei jungen Menschen unter 25 Jahren: 2071 junge Frauen und M\u00e4nner waren im Juli arbeitslos gemeldet \u2013 113 mehr als im Vormonat und 162 mehr als im Vorjahr. <\/p>\n<p>  Arbeitslose in Gelsenkirchen: Zahl ist angestiegen  <\/p>\n<p>Insgesamt waren 4349 Menschen bei der Arbeitsagentur arbeitslos gemeldet (410 Personen mehr als vor einem Jahr), 16.606 Personen erhielten <a href=\"https:\/\/www.waz.de\/lokales\/gelsenkirchen\/article408953699\/auf-dieses-geld-muessen-buergergeld-bezieher-verzichten.html\" data-category-full-path=\"https:\/\/www.waz.de\/lokales\/gelsenkirchen\/\" data-paid-status=\"premium\" data-article-publish-date=\"1747022640\" rel=\"nofollow noopener\" target=\"_blank\">B\u00fcrgergeld<\/a> \u00fcber das Jobcenter (386 Personen mehr als im Vorjahr). Die sogenannte tats\u00e4chliche Unterbesch\u00e4ftigung, die neben Arbeitslosen auch Menschen in Qualifizierungsma\u00dfnahmen erfasst, lag im Juni bei 25.547 Personen. Das entspricht einer Quote von 18 Prozent. <\/p>\n<p>    Mehr zum Thema<\/p>\n<p>Diese Signale kommen vom Stellenmarkt: 284 Stellen wurden im Juli neu gemeldet, aktuell waren damit 1517 Stellen im Bestand <a href=\"https:\/\/www.waz.de\/lokales\/gelsenkirchen\/article407953687\/diese-veraenderung-gibt-es-jetzt-bei-der-arbeitsagentur.html\" data-category-full-path=\"https:\/\/www.waz.de\/lokales\/gelsenkirchen\/\" data-paid-status=\"default\" data-article-publish-date=\"1734869458\" rel=\"nofollow noopener\" target=\"_blank\">der Arbeitsagentur<\/a> frei. Besonders gesucht wird in diesen Branchen: sonstige wirtschaftliche Dienstleistungen, \u00f6ffentliche Verwaltung, Verteidigung, Sozialversicherung, Gesundheits- und Sozialwesen, freiberufliche, wissenschaftliche und technische Dienstleistungen, Handel, Instandhaltung und Reparatur von Kfz, verarbeitendes Gewerbe. <\/p>\n<p>   Ausbildungsmarkt: Offene Stellen \u2013 aber viele Jugendliche noch ohne Platz  <\/p>\n<p>Bis Juli haben sich 1682 junge Menschen bei der Berufsberatung gemeldet, weil sie eine Ausbildung oder ein duales Studium beginnen m\u00f6chten. Doch <strong>fast jeder Dritte<\/strong> von ihnen ist noch auf der Suche: 685 Bewerber konnten bisher keinen Platz finden. Insgesamt haben die regionalen Unternehmen 1159 Ausbildungs- und duale Studienpl\u00e4tze gemeldet (245 Stellen bzw. 27 Prozent mehr als vor einem Jahr). Rein rechnerisch kommen damit auf 100 Stellen 147 Bewerber.\u00a0Aktuell sind aber noch 446 Ausbildungs- und duale Studienpl\u00e4tze frei, vor allem in den Berufen Verk\u00e4ufer\/in, Kaufmann\/-frau im Einzelhandel, Kaufmann\/-frau &#8211; B\u00fcromanagement, Bankkaufmann\/-frau und G\u00e4rtner\/in &#8211; Garten- und Landschaftsbau.<\/p>\n<p><a href=\"https:\/\/www.waz.de\/lokales\/gelsenkirchen\/article408687127\/ausbildungsmarkt-gelsenkirchen-welche-stellen-gefragt-sind.html\" data-category-full-path=\"https:\/\/www.waz.de\/lokales\/gelsenkirchen\/\" data-paid-status=\"default\" data-article-publish-date=\"1743653040\" rel=\"nofollow noopener\" target=\"_blank\">Besonders gefragt sind Berufe wie<\/a> Kfz-Mechatroniker\/in, Verk\u00e4ufer\/in, Anlagenmechaniker\/in f\u00fcr Sanit\u00e4r-, Heizungs- und Klimatechnik oder Friseur\/in. Auch Kaufleute f\u00fcr B\u00fcromanagement, Medizinische Fachangestellte, Chemikanten und Fachinformatiker f\u00fcr Systemintegration z\u00e4hlen zu den beliebtesten Ausbildungszielen.<\/p>\n<p><strong>Sie wollen keine Nachricht aus Gelsenkirchen verpassen? <a href=\"https:\/\/www.waz.de\/staedte\/gelsenkirchen\/article229659256\/Gelsenkirchen-So-abonnieren-Sie-unseren-WAZ-Newsletter.html\" data-category-full-path=\"\/staedte\/gelsenkirchen\/\" data-paid-status=\"free\" data-article-publish-date=\"1596115466\" rel=\"nofollow noopener\" target=\"_blank\">Abonnieren Sie hier unseren t\u00e4glichen Newsletter<\/a>. Mehr aus unserer Lokalredaktion gibt es auf unseren <a href=\"https:\/\/www.facebook.com\/WAZGelsenkirchen\/?locale=de_DE\" target=\"_blank\" rel=\"nofollow noopener\">Facebook<\/a>&#8211; und <a href=\"https:\/\/www.instagram.com\/waz_gelsenkirchen\/\" target=\"_blank\" rel=\"nofollow noopener\">Instagram-Kan\u00e4len.<\/a> Abonnieren Sie auch unser t\u00e4gliches, kostenloses News-Update auf <a href=\"https:\/\/www.waz.de\/staedte\/gelsenkirchen\/article241929358\/Neu-bei-WhatsApp-Jetzt-die-WAZ-Gelsenkirchen-abonnieren.html\" data-category-full-path=\"\/staedte\/gelsenkirchen\/\" data-paid-status=\"default\" data-article-publish-date=\"1711449600\" rel=\"nofollow noopener\" target=\"_blank\">WhatsApp<\/a>. Oder besuchen Sie die WAZ Gelsenkirchen jetzt auf <a href=\"https:\/\/www.tiktok.com\/@waz_gelsenkirchen?lang=de-DE\" target=\"_blank\" rel=\"nofollow noopener\">TikTok<\/a>. <\/strong><\/p>\n<p>   Gelsenkirchen-Newsletter: Jetzt anmelden!<\/p>\n<p class=\"text-body2 mt-2\">Nachrichten, Service, Reportagen: Jeden Tag wissen, was in unserer Stadt los ist.<\/p>\n<p class=\"text-caption text-copy-secondary\">\n          Mit meiner Anmeldung zum Newsletter stimme ich der<br \/>\n          <a href=\"https:\/\/www.waz.de\/services\/newsletter-adconsent\" class=\"text-overline text-copy-accent-negative dark:underline\" rel=\"nofollow noopener\" target=\"_blank\">Werbevereinbarung<\/a><br \/>\n          zu.\n        <\/p>\n<p>Am ersten August beginnen bereits viele Jugendliche ihre Berufsausbildung. \u201eDoch es ist noch nicht zu sp\u00e4t, sich f\u00fcr einen Ausbildungsplatz zu entscheiden\u201c, sagt Annette H\u00f6ltermann, Vorsitzende der Gesch\u00e4ftsf\u00fchrung der Agentur f\u00fcr Arbeit Gelsenkirchen. Sie ruft Jugendliche auf, sich bei der Berufsberatung zu informieren \u2013 und Unternehmen, noch freie Ausbildungspl\u00e4tze zu melden.<\/p>\n<p>  <script async src=\"\/\/www.instagram.com\/embed.js\"><\/script><script async src=\"\/\/www.tiktok.com\/embed.js\"><\/script><\/p>\n","protected":false},"excerpt":{"rendered":"Gelsenkirchen. In Gelsenkirchen ist die Zahl der Arbeitslosen gestiegen. Obwohl Pl\u00e4tze frei sind, ist zudem fast ein Drittel&hellip;\n","protected":false},"author":2,"featured_media":313124,"comment_status":"","ping_status":"","sticky":false,"template":"","format":"standard","meta":{"footnotes":""},"categories":[1848],"tags":[3364,29,548,663,3934,3658,30,13,14,15,1209,12],"class_list":{"0":"post-313123","1":"post","2":"type-post","3":"status-publish","4":"format-standard","5":"has-post-thumbnail","7":"category-gelsenkirchen","8":"tag-de","9":"tag-deutschland","10":"tag-eu","11":"tag-europa","12":"tag-europe","13":"tag-gelsenkirchen","14":"tag-germany","15":"tag-headlines","16":"tag-nachrichten","17":"tag-news","18":"tag-nordrhein-westfalen","19":"tag-schlagzeilen"},"share_on_mastodon":{"url":"https:\/\/pubeurope.com\/@de\/114958774076123675","error":""},"_links":{"self":[{"href":"https:\/\/www.europesays.com\/de\/wp-json\/wp\/v2\/posts\/313123","targetHints":{"allow":["GET"]}}],"collection":[{"href":"https:\/\/www.europesays.com\/de\/wp-json\/wp\/v2\/posts"}],"about":[{"href":"https:\/\/www.europesays.com\/de\/wp-json\/wp\/v2\/types\/post"}],"author":[{"embeddable":true,"href":"https:\/\/www.europesays.com\/de\/wp-json\/wp\/v2\/users\/2"}],"replies":[{"embeddable":true,"href":"https:\/\/www.europesays.com\/de\/wp-json\/wp\/v2\/comments?post=313123"}],"version-history":[{"count":0,"href":"https:\/\/www.europesays.com\/de\/wp-json\/wp\/v2\/posts\/313123\/revisions"}],"wp:featuredmedia":[{"embeddable":true,"href":"https:\/\/www.europesays.com\/de\/wp-json\/wp\/v2\/media\/313124"}],"wp:attachment":[{"href":"https:\/\/www.europesays.com\/de\/wp-json\/wp\/v2\/media?parent=313123"}],"wp:term":[{"taxonomy":"category","embeddable":true,"href":"https:\/\/www.europesays.com\/de\/wp-json\/wp\/v2\/categories?post=313123"},{"taxonomy":"post_tag","embeddable":true,"href":"https:\/\/www.europesays.com\/de\/wp-json\/wp\/v2\/tags?post=313123"}],"curies":[{"name":"wp","href":"https:\/\/api.w.org\/{rel}","templated":true}]}}