{"id":313217,"date":"2025-08-02T11:41:23","date_gmt":"2025-08-02T11:41:23","guid":{"rendered":"https:\/\/www.europesays.com\/de\/313217\/"},"modified":"2025-08-02T11:41:23","modified_gmt":"2025-08-02T11:41:23","slug":"florian-niederlechner-lobt-und-sieht-noch-luft-nach-oben","status":"publish","type":"post","link":"https:\/\/www.europesays.com\/de\/313217\/","title":{"rendered":"Florian Niederlechner lobt und sieht noch Luft nach oben"},"content":{"rendered":"<p>Remis zum Auftakt in Essen <\/p>\n<p>Niederlechner lobt 1860: &#8222;Jeder ist an die Grenze gegangen&#8220;<\/p>\n<p>02.08.2025 &#8211; 10:18 UhrLesedauer: 3 Min.<\/p>\n<p><a href=\"#focus-0\" class=\"transition-colors duration-200 focus-within:text-magenta block text-current relative\" data-sctrack=\"FocusGalleryImage.Reference\"><img fetchpriority=\"high\" data-testid=\"Opener.Image\" style=\"--lqipURL:url('https:\/\/images.t-online.de\/2025\/08\/OXHT-vo95TsF\/0x76:4000x2250\/fit-in\/150x0\/filters:blur(25)\/torschuetzen-unter-sich-florian-niederlechner-l-gegen-essens-jose-enrique-rios-alonso.jpg')\"   loading=\"eager\" src=\"https:\/\/www.europesays.com\/de\/wp-content\/uploads\/2025\/08\/torschuetzen-unter-sich-florian-niederlechner-l-gegen-essens-jose-enrique-rios-alonso.jpg\" alt=\"Torsch\u00fctzen unter sich: Florian Niederlechner (l.) gegen Essens Jos\u00e9-Enrique R\u00edos Alonso.\" title=\"Torsch\u00fctzen unter sich: Florian Niederlechner (l.) gegen Essens Jos\u00e9-Enrique R\u00edos Alonso.\" width=\"4000\" height=\"2250\" class=\"bg-[url:var(--lqipURL)] bg-cover bg-center flex h-full w-full max-w-full\" decoding=\"async\"\/><img style=\"--width:32;--height:32\" loading=\"lazy\" src=\"https:\/\/muenchen.t-online.de\/s\/paper\/_next\/static\/media\/zoom-in.f7dae02f.svg\" alt=\"Vergr\u00f6\u00dfern des Bildes\" title=\"Vergr\u00f6\u00dfern des Bildes\" class=\"block h-[calc(var(--height)_\/_16_*_1rem)] w-[calc(var(--width)_\/_16_*_1rem)] max-w-none absolute bottom-8 right-8 rounded-4 bg-snow p-8\" decoding=\"async\"\/><\/a><\/p>\n<p>Torsch\u00fctzen unter sich: Florian Niederlechner (l.) gegen Essens Jos\u00e9-Enrique R\u00edos Alonso. (Quelle: IMAGO\/osnapix \/ Michael Titgemeyer)<\/p>\n<p class=\"font-bold text-18 leading-17\">Florian Niederlechner rettet 1860 M\u00fcnchen zum Saisonauftakt einen Punkt in Essen. F\u00fcr die Mannschaft hat der R\u00fcckkehrer ein gro\u00dfes Lob parat.<\/p>\n<p class=\"text-18 leading-17\">Glaubt man Florian Niederlechner, dann d\u00fcrfte die Mannschaft von 1860 M\u00fcnchen am fr\u00fchen Samstagmorgen ordentlich geschlaucht aus dem Bus gestiegen sein. Acht Stunden R\u00fcckfahrt nach dem 1:1 zum Drittliga-Auftakt bei Rot-Weiss Essen, dazu ein &#8222;unfassbar intensives Spiel&#8220;, wie der &#8222;L\u00f6wen&#8220;-St\u00fcrmer nach der Partie sagte: &#8222;Jeder von uns ist fertig und k. o., weil jeder an die Grenze gegangen ist. Den Punkt nehmen wir gerne mit nach M\u00fcnchen.&#8220;<\/p>\n<p class=\"text-18 leading-17\">Auch Patrick Gl\u00f6ckner sprach nach der Punkteteilung im Stadion an der Hafenstra\u00dfe von zwei Mannschaften, &#8222;die alles investiert haben, unheimlich viel Kampf und Leidenschaft, teilweise mit offenem Visier&#8220;. Er sei stolz auf die Truppe, lie\u00df der Trainer wissen. Und zufrieden mit dem einen Z\u00e4hler zum Auftakt: &#8222;Das Ergebnis geht absolut in Ordnung.&#8220;<\/p>\n<p class=\"text-18 leading-17\">Dass sich &#8222;Sechzig&#8220; in einigen Situationen sehr schwergetan hatte mit dem teilweise explosionsartigen Umschaltspiel der Essener, wollte auch Gl\u00f6ckner bei seiner Analyse nicht verhehlen. Seine Mannschaft verzeichnete zwar viel Ballbesitz, agierte aber manches Mal zu zaghaft. Zudem fand man nicht immer ein Mittel gegen die schnellen und quirligen Spieler der Gastgeber. &#8222;Da haben sie gute L\u00f6sungen gefunden und waren f\u00fcr uns schwer zu kontrollieren&#8220;, kritisierte der Coach.<\/p>\n<p class=\"text-18 leading-17\">Schon fr\u00fch war 1860 nach sechs Minuten in R\u00fcckstand geraten. Volland hatte einen weiten Einwurf nur halbherzig gekl\u00e4rt, die Flanke der Essener wurde noch abgef\u00e4lscht und landete am kurzen Pfosten auf dem Kopf von R\u00edos Alonso, der aus zwei Metern den Ball \u00fcber die Linie dr\u00fcckte. &#8222;Ein Slapstick-Tor, aber wir haben uns danach aufgerappelt, den Kampf angenommen und eine gute Reaktion gezeigt&#8220;, urteilte Thomas D\u00e4hne nach seinem Deb\u00fct im &#8222;L\u00f6wen&#8220;-Tor.<\/p>\n<p class=\"text-18 leading-17\">Chancen gab es in der Folge auf beiden Seiten. &#8222;Wenn wir 0:2 hinten liegen in der ersten Halbzeit, dann k\u00f6nnen wir uns auch nicht beschweren. Es war ein st\u00e4ndiges Auf und Ab, es h\u00e4tte jederzeit in jede Richtung kippen k\u00f6nnen&#8220;, fasste der Torh\u00fcter seinen Eindruck zusammen.<\/p>\n<p class=\"text-18 leading-17\">Auch Niederlechner legte den Finger nach der Partie in die Wunde, bat aber um mildernde Umst\u00e4nde: &#8222;Essen ist eben eine sehr konterstarke Mannschaft, da kannst du nicht alles verteidigen. Und wenn du so unfassbar viel Ballbesitz hast wie wir, gibst du L\u00fccken frei.&#8220; Trotzdem m\u00fcsse man es in der Restverteidigung k\u00fcnftig noch besser l\u00f6sen.<\/p>\n<p class=\"text-18 leading-17\">Der 34-J\u00e4hrige selbst war f\u00fcr den TSV der Mann des Abends. Im ersten Pflichtspiel f\u00fcr seinen Herzensverein, f\u00fcr den er schon als Jugendlicher die Schuhe geschn\u00fcrt hat, war es Niederlechner nach 68 Minuten vorbehalten, den Ausgleich zu erzielen. Einen weiten Chip von Sean Dulic aus der eigenen H\u00e4lfte hinter die Dreierkette von RWE nahm der St\u00fcrmer perfekt auf und \u00fcberlupfte Felix Wienand im Kasten der Gastgeber per Au\u00dfenrist.<\/p>\n<p class=\"text-18 leading-17\">Dass der Treffer aufgrund einer m\u00f6glichen Abseitsstellung zun\u00e4chst umstritten war, wird nur eine Randnotiz bleiben. Selbst die Schiedsrichterbeobachter im Stadion waren sich nicht einig, ob Essens Rechtsverteidiger Jannik Hofmann weit au\u00dfen das Abseits aufgehoben hatte.<\/p>\n","protected":false},"excerpt":{"rendered":"Remis zum Auftakt in Essen Niederlechner lobt 1860: &#8222;Jeder ist an die Grenze gegangen&#8220; 02.08.2025 &#8211; 10:18 UhrLesedauer:&hellip;\n","protected":false},"author":2,"featured_media":313218,"comment_status":"","ping_status":"","sticky":false,"template":"","format":"standard","meta":{"footnotes":""},"categories":[1827],"tags":[772,29,3688,30,89855,1268,33609,3714,59364,8811],"class_list":{"0":"post-313217","1":"post","2":"type-post","3":"status-publish","4":"format-standard","5":"has-post-thumbnail","7":"category-muenchen","8":"tag-bayern","9":"tag-deutschland","10":"tag-essen","11":"tag-germany","12":"tag-jose-enrique-rios-alonso","13":"tag-muenchen","14":"tag-patrick-gloeckner","15":"tag-rot-weiss-essen","16":"tag-saisonauftakt","17":"tag-tsv-1860-muenchen"},"share_on_mastodon":{"url":"https:\/\/pubeurope.com\/@de\/114958990349882537","error":""},"_links":{"self":[{"href":"https:\/\/www.europesays.com\/de\/wp-json\/wp\/v2\/posts\/313217","targetHints":{"allow":["GET"]}}],"collection":[{"href":"https:\/\/www.europesays.com\/de\/wp-json\/wp\/v2\/posts"}],"about":[{"href":"https:\/\/www.europesays.com\/de\/wp-json\/wp\/v2\/types\/post"}],"author":[{"embeddable":true,"href":"https:\/\/www.europesays.com\/de\/wp-json\/wp\/v2\/users\/2"}],"replies":[{"embeddable":true,"href":"https:\/\/www.europesays.com\/de\/wp-json\/wp\/v2\/comments?post=313217"}],"version-history":[{"count":0,"href":"https:\/\/www.europesays.com\/de\/wp-json\/wp\/v2\/posts\/313217\/revisions"}],"wp:featuredmedia":[{"embeddable":true,"href":"https:\/\/www.europesays.com\/de\/wp-json\/wp\/v2\/media\/313218"}],"wp:attachment":[{"href":"https:\/\/www.europesays.com\/de\/wp-json\/wp\/v2\/media?parent=313217"}],"wp:term":[{"taxonomy":"category","embeddable":true,"href":"https:\/\/www.europesays.com\/de\/wp-json\/wp\/v2\/categories?post=313217"},{"taxonomy":"post_tag","embeddable":true,"href":"https:\/\/www.europesays.com\/de\/wp-json\/wp\/v2\/tags?post=313217"}],"curies":[{"name":"wp","href":"https:\/\/api.w.org\/{rel}","templated":true}]}}