{"id":313272,"date":"2025-08-02T12:10:16","date_gmt":"2025-08-02T12:10:16","guid":{"rendered":"https:\/\/www.europesays.com\/de\/313272\/"},"modified":"2025-08-02T12:10:16","modified_gmt":"2025-08-02T12:10:16","slug":"tierretter-bewahren-katzenbabys-vor-sicherem-tod","status":"publish","type":"post","link":"https:\/\/www.europesays.com\/de\/313272\/","title":{"rendered":"Tierretter bewahren Katzenbabys vor sicherem Tod"},"content":{"rendered":"<p>\t\tKatzenbabys teilen schweres Schicksal<br \/>\n\t\t\t\t\tTierretter bewahren Kitten vor dem sicheren Tod<\/p>\n<p>    <a href=\"https:\/\/www.recklinghaeuser-zeitung.de\/wp-content\/uploads\/2025\/08\/01\/12\/630_0900_4901355_reg_katze1-1648x824.jpg\" rel=\"nofollow noopener\" target=\"_blank\"><\/p>\n<p>            <img loading=\"lazy\" decoding=\"async\" src=\"https:\/\/www.europesays.com\/de\/wp-content\/uploads\/2025\/08\/630_0900_4901354_reg_katze1-640x428.jpg\" width=\"640\" height=\"428\"  alt=\"Eine kleine Katze, die von der Tierhilfe Gladbeck betreut wird\"\/><\/p>\n<p>    <\/a><br \/>\n    So niedlich: Bei der kleinen Fiji scheint der Kopf noch gr\u00f6\u00dfer zu sein als der Rest von dem pl\u00fcschigen Winzling. \u00a9 Tierhilfe Gladbeck<\/p>\n<p class=\"article__teaser-text\">Die Tierhilfe Gladbeck k\u00fcmmert sich um acht winzige Katzen, die per Hand aufgezogen werden m\u00fcssen. Ohne Mutter. Das h\u00e4lt die Retter auf Trab.<\/p>\n<p>3 Min Lesezeit<\/p>\n<p>Alle paar Stunden gibt\u2018s ein Fl\u00e4schchenKatzenkind versteckt sich unter M\u00fcllbergen<\/p>\n","protected":false},"excerpt":{"rendered":"Katzenbabys teilen schweres Schicksal Tierretter bewahren Kitten vor dem sicheren Tod So niedlich: Bei der kleinen Fiji scheint&hellip;\n","protected":false},"author":2,"featured_media":313273,"comment_status":"","ping_status":"","sticky":false,"template":"","format":"standard","meta":{"footnotes":"","_share_on_mastodon":"0"},"categories":[1848],"tags":[3364,29,548,663,3934,3658,30,13,14,15,1209,12,13311,89861],"class_list":["post-313272","post","type-post","status-publish","format-standard","has-post-thumbnail","category-gelsenkirchen","tag-de","tag-deutschland","tag-eu","tag-europa","tag-europe","tag-gelsenkirchen","tag-germany","tag-headlines","tag-nachrichten","tag-news","tag-nordrhein-westfalen","tag-schlagzeilen","tag-tiere-hobby","tag-tierhilfe"],"share_on_mastodon":{"url":"https:\/\/pubeurope.com\/@de\/114959104345866255","error":""},"_links":{"self":[{"href":"https:\/\/www.europesays.com\/de\/wp-json\/wp\/v2\/posts\/313272","targetHints":{"allow":["GET"]}}],"collection":[{"href":"https:\/\/www.europesays.com\/de\/wp-json\/wp\/v2\/posts"}],"about":[{"href":"https:\/\/www.europesays.com\/de\/wp-json\/wp\/v2\/types\/post"}],"author":[{"embeddable":true,"href":"https:\/\/www.europesays.com\/de\/wp-json\/wp\/v2\/users\/2"}],"replies":[{"embeddable":true,"href":"https:\/\/www.europesays.com\/de\/wp-json\/wp\/v2\/comments?post=313272"}],"version-history":[{"count":0,"href":"https:\/\/www.europesays.com\/de\/wp-json\/wp\/v2\/posts\/313272\/revisions"}],"wp:featuredmedia":[{"embeddable":true,"href":"https:\/\/www.europesays.com\/de\/wp-json\/wp\/v2\/media\/313273"}],"wp:attachment":[{"href":"https:\/\/www.europesays.com\/de\/wp-json\/wp\/v2\/media?parent=313272"}],"wp:term":[{"taxonomy":"category","embeddable":true,"href":"https:\/\/www.europesays.com\/de\/wp-json\/wp\/v2\/categories?post=313272"},{"taxonomy":"post_tag","embeddable":true,"href":"https:\/\/www.europesays.com\/de\/wp-json\/wp\/v2\/tags?post=313272"}],"curies":[{"name":"wp","href":"https:\/\/api.w.org\/{rel}","templated":true}]}}