{"id":313434,"date":"2025-08-02T13:43:30","date_gmt":"2025-08-02T13:43:30","guid":{"rendered":"https:\/\/www.europesays.com\/de\/313434\/"},"modified":"2025-08-02T13:43:30","modified_gmt":"2025-08-02T13:43:30","slug":"bielefelder-arzt-ist-wegen-seines-kampfes-um-schwangerschaftsabbrueche-deutschlandweit-gefragt","status":"publish","type":"post","link":"https:\/\/www.europesays.com\/de\/313434\/","title":{"rendered":"Bielefelder Arzt ist wegen seines Kampfes um Schwangerschaftsabbr\u00fcche deutschlandweit gefragt"},"content":{"rendered":"<p class=\"&#10;      nw-text-base&#10;      nw-text-gray-500&#10;      nw-font-medium&#10;    \">\n        F\u00fcr Patientinnen-Rechte\n    <\/p>\n<p>    <img decoding=\"async\" src=\"https:\/\/www.nw.de\/_apps\/nw\/plus.svg\" alt=\"NW+-Icon\" style=\"margin-bottom:4px\" height=\"14px\" data-cmp-info=\"10\"\/><\/p>\n<p>                Bielefelder Arzt ist wegen seines Kampfes um Schwangerschaftsabbr\u00fcche deutschlandweit gefragt<\/p>\n<p class=\"nw-text-lg nw-text-black md:nw-w-5\/6 nw-pb-7\">\n                Der Bielefelder Gyn\u00e4kologen Joachim Volz soll keine Abtreibungen mehr vornehmen. Deshalb trifft er sich mit seinem Arbeitgeber, dem Klinikum Lippstadt, vor Gericht. Gro\u00dfe Demo vor dem Prozessauftakt am 8. August.\n            <\/p>\n","protected":false},"excerpt":{"rendered":"F\u00fcr Patientinnen-Rechte Bielefelder Arzt ist wegen seines Kampfes um Schwangerschaftsabbr\u00fcche deutschlandweit gefragt Der Bielefelder Gyn\u00e4kologen Joachim Volz soll&hellip;\n","protected":false},"author":2,"featured_media":312417,"comment_status":"","ping_status":"","sticky":false,"template":"","format":"standard","meta":{"footnotes":"","_share_on_mastodon":"0"},"categories":[1841],"tags":[6238,47600,1605,3364,1497,3387,29,89727,30,152,89726,89728,13305,89729,9311,9307,16402,2377,16401,50755,16368,736,28479,1613,1209,1269,65133,89730],"class_list":["post-313434","post","type-post","status-publish","format-standard","has-post-thumbnail","category-bielefeld","tag-abtreibung","tag-arbeitsgericht","tag-bielefeld","tag-de","tag-dekret","tag-demo","tag-deutschland","tag-erwitte","tag-germany","tag-instagram","tag-joachim-volz","tag-katholische-morallehre","tag-klinikum","tag-klinikum-lippstadt","tag-label_familie-freizeit","tag-label_foto","tag-label_ordne-fr-mich-ein","tag-label_startseite","tag-label_xxl-200","tag-lippstadt","tag-meta_artikelklasse_hintergrund","tag-meta_copyrights_nw","tag-meta_themen_gesundheit","tag-meta_userneeds_informieremich","tag-nordrhein-westfalen","tag-prozess","tag-schwangerschaftsabbruch","tag-volz"],"share_on_mastodon":{"url":"","error":"Validation failed: Text character limit of 500 exceeded"},"_links":{"self":[{"href":"https:\/\/www.europesays.com\/de\/wp-json\/wp\/v2\/posts\/313434","targetHints":{"allow":["GET"]}}],"collection":[{"href":"https:\/\/www.europesays.com\/de\/wp-json\/wp\/v2\/posts"}],"about":[{"href":"https:\/\/www.europesays.com\/de\/wp-json\/wp\/v2\/types\/post"}],"author":[{"embeddable":true,"href":"https:\/\/www.europesays.com\/de\/wp-json\/wp\/v2\/users\/2"}],"replies":[{"embeddable":true,"href":"https:\/\/www.europesays.com\/de\/wp-json\/wp\/v2\/comments?post=313434"}],"version-history":[{"count":0,"href":"https:\/\/www.europesays.com\/de\/wp-json\/wp\/v2\/posts\/313434\/revisions"}],"wp:featuredmedia":[{"embeddable":true,"href":"https:\/\/www.europesays.com\/de\/wp-json\/wp\/v2\/media\/312417"}],"wp:attachment":[{"href":"https:\/\/www.europesays.com\/de\/wp-json\/wp\/v2\/media?parent=313434"}],"wp:term":[{"taxonomy":"category","embeddable":true,"href":"https:\/\/www.europesays.com\/de\/wp-json\/wp\/v2\/categories?post=313434"},{"taxonomy":"post_tag","embeddable":true,"href":"https:\/\/www.europesays.com\/de\/wp-json\/wp\/v2\/tags?post=313434"}],"curies":[{"name":"wp","href":"https:\/\/api.w.org\/{rel}","templated":true}]}}