{"id":313521,"date":"2025-08-02T14:32:13","date_gmt":"2025-08-02T14:32:13","guid":{"rendered":"https:\/\/www.europesays.com\/de\/313521\/"},"modified":"2025-08-02T14:32:13","modified_gmt":"2025-08-02T14:32:13","slug":"berlin-fordert-von-israel-hilfen-sicherzustellen","status":"publish","type":"post","link":"https:\/\/www.europesays.com\/de\/313521\/","title":{"rendered":"Berlin fordert von Israel, Hilfen sicherzustellen"},"content":{"rendered":"<p>Nach Nahost-Reise Wadephuls:Berlin: Israel muss Gaza-Versorgung sichern<\/p>\n<p class=\"i8d9m7i c1bdz7f4\">Es gebe zwar leichte Fortschritte bei der Versorgung in Gaza, Israel stehe aber weiter in der Pflicht, diese sicherzustellen, mahnt die Bundesregierung.<\/p>\n<p><img src=\"https:\/\/www.europesays.com\/de\/wp-content\/uploads\/2025\/08\/gaza-224~2600x1300\"  alt=\"Vertriebene Pal\u00e4stinenser erhalten am 25. Juli 2025 Linsensuppe an einer Essensausgabe in Gaza-Stadt. Hilfsorganisationen warnen vor zunehmender Unterern\u00e4hrung bei Kindern.\" decoding=\"async\" loading=\"eager\"  style=\"object-fit:cover;object-position:center\" fetchpriority=\"high\" class=\"f1mqliu0\"\/><\/p>\n<p>Notleidende Bev\u00f6lkerung im Gazastreifen: Essensverteilung in Gaza-Stadt (Archiv)<\/p>\n<p>Quelle: AFP<\/p>\n<p>Die Bundesregierung sieht nach Worten von Regierungssprecher Stefan Kornelius zwar &#8222;erste leichte Fortschritte bei der humanit\u00e4ren Hilfe f\u00fcr die Bev\u00f6lkerung im <a data-testid=\"richtext-link\" class=\"b7kurox _nl_\" id=\"1202d736\" href=\"https:\/\/www.zdfheute.de\/thema\/gaza-172.html\" rel=\"nofollow noopener\" target=\"_blank\">Gazastreifen<\/a>&#8222;. Diese reichten aber bei Weitem nicht aus, um die Notlage zu lindern.\u00a0Nach der j\u00fcngsten Nahost-Reise von Au\u00dfenminister <a data-testid=\"richtext-link\" class=\"b7kurox _nl_\" id=\"a1aa960a\" href=\"https:\/\/www.zdfheute.de\/thema\/johann-wadephul-120.html\" rel=\"nofollow noopener\" target=\"_blank\">Johann Wadephul<\/a> (CDU) hatte das Sicherheitskabinett am Samstag erneut \u00fcber die Lage im Gaza-Konflikt beraten. Der Minister hatte das Gremium telefonisch informiert. <img decoding=\"async\" loading=\"lazy\" fetchpriority=\"low\" alt=\"Johann Wadephul CDU, Bundesaussenminister, trifft Gideon Saar, Aussenminister des Staates Israel zu einem Gespraech in Jerusalem.\" class=\"pei0kpe\"\/>Au\u00dfenminister Wadephul hat Israel eindringlich vor einer internationalen Isolierung gewarnt. Heute will er sich im Westjordanland mit Pal\u00e4stinenserpr\u00e4sident Abbas treffen.01.08.2025 | 1:38 min<\/p>\n<p>Besorgnis \u00fcber Informationen, wonach die Hamas Hilfsg\u00fcter abzweigt<\/p>\n<p><a data-testid=\"richtext-link\" class=\"b7kurox _nl_\" id=\"f8a501f8\" href=\"https:\/\/www.zdfheute.de\/thema\/israel-220.html\" rel=\"nofollow noopener\" target=\"_blank\">Israel<\/a> stehe &#8222;weiter in der Pflicht, eine umfassende Versorgung auch mit Unterst\u00fctzung der Vereinten Nationen und anderer humanit\u00e4rer Organisationen sicherzustellen&#8220;, teilte Kornelius im Anschluss mit. Gleichzeitig sei man besorgt \u00fcber Informationen, wonach &#8222;gro\u00dfe Mengen an Hilfsg\u00fctern von der Hamas und kriminellen Organisationen zur\u00fcckgehalten werden&#8220;.<\/p>\n<p>In Sicherheitskreisen hie\u00df es, das 50 bis 100 Prozent der Hilfsg\u00fcter abgezweigt w\u00fcrden. Seit vergangener Woche k\u00e4men t\u00e4glich 220 Lastwagen mit Hilfsg\u00fctern in das Gebiet, hie\u00df es weiter. Zwei von drei Gro\u00df-Wasserleitungen im Gazastreifen funktionierten derzeit sowie eine von zehn Strom-\u00dcbertragungsleitungen. Der Mehlpreis liege bei horrenden 80 Euro pro Kilogramm.<\/p>\n<p><img decoding=\"async\" loading=\"lazy\" fetchpriority=\"low\" alt=\"SGS am 01.08.2025 mit Nicole Diekmann zum Besuch Wadephuls in Jerusalem \" class=\"pei0kpe\"\/>Au\u00dfenminister Wadephul hat Israel vor einer Isolation gewarnt, sollte sich die Lage in Gaza nicht bessern. Was Druck auf die Regierung bewirken kann, erkl\u00e4rt Nicole Diekmann.01.08.2025 | 1:22 min<\/p>\n<p>Versorgungskrise: Berlin hatte Israel mit Reaktionen gedroht<\/p>\n<p><img decoding=\"async\" loading=\"lazy\" fetchpriority=\"low\" alt=\"Thorsten Frei im Interview\" class=\"pei0kpe\"\/>Deutschland habe eine besondere Rolle im Verh\u00e4ltnis zu Israel, so Thorsten Frei, Chef des Bundeskanzleramtes. Gleichzeitig betont er, dass die Situation im Gaza-Streifen kaum zu ertragen sei.01.08.2025 | 5:04 min<\/p>\n<p>Merz hatte nach dem Treffen am Montag gesagt, die Bundesregierung behalte sich wegen der humanit\u00e4ren Lage im Gazastreifen Schritte vor, um den Druck auf Israel zu erh\u00f6hen. Forderungen hierzu reichen von einem Stopp von Waffenlieferungen bis zur Aussetzung des EU-Assoziierungsabkommens mit Israel. Eine Entscheidung \u00fcber m\u00f6gliche Sanktionen hatte er von Wadephuls Bericht abh\u00e4ngig gemacht.<\/p>\n<p>Merz hatte die Lage im Gazastreifen als &#8222;inakzeptabel&#8220; bezeichnet, aber betont, die Ursache liege &#8222;eindeutig und ausschlie\u00dflich bei der Hamas&#8220;. Solange der Konflikt andauere, trage Israel jedoch auch Verantwortung f\u00fcr die humanit\u00e4re Hilfe. <\/p>\n<p>Der Gazastreifen steht nach UN-Angaben unmittelbar vor einer Hungersnot. Israel kontrolliert alle Zug\u00e4nge zu dem K\u00fcstengebiet am Mittelmeer und lie\u00df \u00fcber mehrere Monate keine oder nur wenige Hilfslieferungen passieren.<\/p>\n<p>Nahost-Konflikt<\/p>\n<p>:<a class=\"b7kurox f1mro3s7 l19gckv _nl_\" id=\"be19c399\" href=\"https:\/\/www.zdfheute.de\/politik\/ausland\/liveblog-eskalation-nahost-israel-100.html\" rel=\"nofollow noopener\" target=\"_blank\">Aktuelle Nachrichten zur Eskalation in Nahost<\/a><\/p>\n<p>Israels Armee geht seit dem Terrorangriff der Hamas milit\u00e4risch im Gazastreifen vor &#8211; die Verhandlungen in Katar \u00fcber eine Waffenruhe wurden abgebrochen. Die Entwicklungen im Blog.<\/p>\n<p><img src=\"https:\/\/www.europesays.com\/de\/wp-content\/uploads\/2025\/08\/gaza-luftbruecke-104~2600x1300\"  alt=\"Hilftg\u00fcter werden \u00fcber Gaza von der jordanischen Luftwaffe am Sonntag den 27.07.2025. abgeworfen. \" decoding=\"async\" loading=\"lazy\"  style=\"object-fit:cover;object-position:center\" fetchpriority=\"low\" class=\"f1mqliu0\"\/><\/p>\n<p>Liveblog<\/p>\n<p>Quelle: AFP, dpa, Reuters<\/p>\n","protected":false},"excerpt":{"rendered":"Nach Nahost-Reise Wadephuls:Berlin: Israel muss Gaza-Versorgung sichern Es gebe zwar leichte Fortschritte bei der Versorgung in Gaza, Israel&hellip;\n","protected":false},"author":2,"featured_media":313522,"comment_status":"","ping_status":"","sticky":false,"template":"","format":"standard","meta":{"footnotes":""},"categories":[1825],"tags":[1941,1939,296,1937,29,30,1940,1938],"class_list":{"0":"post-313521","1":"post","2":"type-post","3":"status-publish","4":"format-standard","5":"has-post-thumbnail","7":"category-berlin","8":"tag-aktuelle-nachrichten-aus-berlin","9":"tag-aktuelle-news-aus-berlin","10":"tag-berlin","11":"tag-berlin-news","12":"tag-deutschland","13":"tag-germany","14":"tag-nachrichten-aus-berlin","15":"tag-news-aus-berlin"},"share_on_mastodon":{"url":"https:\/\/pubeurope.com\/@de\/114959662778022688","error":""},"_links":{"self":[{"href":"https:\/\/www.europesays.com\/de\/wp-json\/wp\/v2\/posts\/313521","targetHints":{"allow":["GET"]}}],"collection":[{"href":"https:\/\/www.europesays.com\/de\/wp-json\/wp\/v2\/posts"}],"about":[{"href":"https:\/\/www.europesays.com\/de\/wp-json\/wp\/v2\/types\/post"}],"author":[{"embeddable":true,"href":"https:\/\/www.europesays.com\/de\/wp-json\/wp\/v2\/users\/2"}],"replies":[{"embeddable":true,"href":"https:\/\/www.europesays.com\/de\/wp-json\/wp\/v2\/comments?post=313521"}],"version-history":[{"count":0,"href":"https:\/\/www.europesays.com\/de\/wp-json\/wp\/v2\/posts\/313521\/revisions"}],"wp:featuredmedia":[{"embeddable":true,"href":"https:\/\/www.europesays.com\/de\/wp-json\/wp\/v2\/media\/313522"}],"wp:attachment":[{"href":"https:\/\/www.europesays.com\/de\/wp-json\/wp\/v2\/media?parent=313521"}],"wp:term":[{"taxonomy":"category","embeddable":true,"href":"https:\/\/www.europesays.com\/de\/wp-json\/wp\/v2\/categories?post=313521"},{"taxonomy":"post_tag","embeddable":true,"href":"https:\/\/www.europesays.com\/de\/wp-json\/wp\/v2\/tags?post=313521"}],"curies":[{"name":"wp","href":"https:\/\/api.w.org\/{rel}","templated":true}]}}