{"id":313635,"date":"2025-08-02T15:40:10","date_gmt":"2025-08-02T15:40:10","guid":{"rendered":"https:\/\/www.europesays.com\/de\/313635\/"},"modified":"2025-08-02T15:40:10","modified_gmt":"2025-08-02T15:40:10","slug":"fresh-n-funky-im-apollo-variete-artisten-beeidrucken-das-publikum","status":"publish","type":"post","link":"https:\/\/www.europesays.com\/de\/313635\/","title":{"rendered":"\u201eFresh \u2019n\u2019 Funky\u201c im Apollo-Variet\u00e9 \u2013 Artisten beeidrucken das Publikum"},"content":{"rendered":"<p class=\"text_ohne_einzug richtext text-em-55 !leading-serif mx-6 desktop:mx-0\"> Ob Pailletten, Federn oder Fransen \u2013 bei den Kost\u00fcmen des Abends war alles geboten. Aber nicht nur die Verkleidungen sorgten f\u00fcr Begeisterung im Publikum: Acht Artisten-Nummern, Slapstick und nat\u00fcrlich Gesang und Tanz werden in der neuen Show \u201eFresh \u2019n\u2019 Funky\u201c im Apollo-Variet\u00e9 geboten. Die Artisten motivierten die Zuschauer zum Mitklatschen und Mitsingen.<\/p>\n","protected":false},"excerpt":{"rendered":"Ob Pailletten, Federn oder Fransen \u2013 bei den Kost\u00fcmen des Abends war alles geboten. Aber nicht nur die&hellip;\n","protected":false},"author":2,"featured_media":313636,"comment_status":"","ping_status":"","sticky":false,"template":"","format":"standard","meta":{"footnotes":"","_share_on_mastodon":"0"},"categories":[1831],"tags":[21746,70867,3364,29,3405,89894,79245,89895,69344,30,35119,1209,5209,35512,21747],"class_list":["post-313635","post","type-post","status-publish","format-standard","has-post-thumbnail","category-duesseldorf","tag-apollo","tag-artisten","tag-de","tag-deutschland","tag-duesseldorf","tag-fresh","tag-funk","tag-funky","tag-geboten","tag-germany","tag-gesang","tag-nordrhein-westfalen","tag-publikum","tag-sorgte","tag-variete"],"share_on_mastodon":{"url":"https:\/\/pubeurope.com\/@de\/114959930093166186","error":""},"_links":{"self":[{"href":"https:\/\/www.europesays.com\/de\/wp-json\/wp\/v2\/posts\/313635","targetHints":{"allow":["GET"]}}],"collection":[{"href":"https:\/\/www.europesays.com\/de\/wp-json\/wp\/v2\/posts"}],"about":[{"href":"https:\/\/www.europesays.com\/de\/wp-json\/wp\/v2\/types\/post"}],"author":[{"embeddable":true,"href":"https:\/\/www.europesays.com\/de\/wp-json\/wp\/v2\/users\/2"}],"replies":[{"embeddable":true,"href":"https:\/\/www.europesays.com\/de\/wp-json\/wp\/v2\/comments?post=313635"}],"version-history":[{"count":0,"href":"https:\/\/www.europesays.com\/de\/wp-json\/wp\/v2\/posts\/313635\/revisions"}],"wp:featuredmedia":[{"embeddable":true,"href":"https:\/\/www.europesays.com\/de\/wp-json\/wp\/v2\/media\/313636"}],"wp:attachment":[{"href":"https:\/\/www.europesays.com\/de\/wp-json\/wp\/v2\/media?parent=313635"}],"wp:term":[{"taxonomy":"category","embeddable":true,"href":"https:\/\/www.europesays.com\/de\/wp-json\/wp\/v2\/categories?post=313635"},{"taxonomy":"post_tag","embeddable":true,"href":"https:\/\/www.europesays.com\/de\/wp-json\/wp\/v2\/tags?post=313635"}],"curies":[{"name":"wp","href":"https:\/\/api.w.org\/{rel}","templated":true}]}}