{"id":313760,"date":"2025-08-02T16:56:39","date_gmt":"2025-08-02T16:56:39","guid":{"rendered":"https:\/\/www.europesays.com\/de\/313760\/"},"modified":"2025-08-02T16:56:39","modified_gmt":"2025-08-02T16:56:39","slug":"hannover-im-ausnahmezustand-durch-punks-und-polizei","status":"publish","type":"post","link":"https:\/\/www.europesays.com\/de\/313760\/","title":{"rendered":"Hannover im Ausnahmezustand durch Punks und Polizei"},"content":{"rendered":"<p>&#8222;Chaostage&#8220; 1995 <\/p>\n<p>Punks, \u00fcberforderte Polizisten und ein &#8222;B\u00fcrgerkrieg&#8220;<\/p>\n<ul class=\"grid grid-flow-col gap-4\" aria-label=\"Autorenbilder\">\n<li class=\"leading-0\"><img data-tb-author-image=\"\"  loading=\"eager\" src=\"https:\/\/www.europesays.com\/de\/wp-content\/uploads\/2025\/08\/t-online-redakteur-florian-boldt.jpg\" alt=\"t-online-Redakteur Florian Boldt.\" title=\"t-online-Redakteur Florian Boldt.\" width=\"40\" height=\"40\" class=\"\" decoding=\"async\"\/><\/li>\n<\/ul>\n<p>02.08.2025 &#8211; 07:15 UhrLesedauer: 3 Min.<\/p>\n<p><a href=\"#focus-0\" class=\"transition-colors duration-200 focus-within:text-magenta block text-current relative\" data-sctrack=\"FocusGalleryImage.Reference\"><img fetchpriority=\"high\" data-testid=\"Opener.Image\" style=\"--lqipURL:url('https:\/\/images.t-online.de\/2025\/07\/ntHsB9Zienp4\/0x152:1881x1058\/fit-in\/150x0\/filters:blur(25)\/polizisten-schuetzen-sich-mit-schildern-links-brennt-ein-feuer-archivbild-auf-anwohner-wirkten-die-chaostage-teils-wie-ein-buergerkrieg.jpg')\"   loading=\"eager\" src=\"https:\/\/www.europesays.com\/de\/wp-content\/uploads\/2025\/08\/polizisten-schuetzen-sich-mit-schildern-links-brennt-ein-feuer-archivbild-auf-anwohner-wirkten-die-c.jpeg\" alt=\"Polizisten sch\u00fctzen sich mit Schildern, links brennt ein Feuer (Archivbild): Auf Anwohner wirkten die &quot;Chaostage&quot; teils wie ein &quot;B\u00fcrgerkrieg&quot;.\" title=\"Polizisten sch\u00fctzen sich mit Schildern, links brennt ein Feuer (Archivbild): Auf Anwohner wirkten die &quot;Chaostage&quot; teils wie ein &quot;B\u00fcrgerkrieg&quot;.\" width=\"1881\" height=\"1058\" class=\"bg-[url:var(--lqipURL)] bg-cover bg-center flex h-full w-full max-w-full\" decoding=\"async\"\/><img style=\"--width:32;--height:32\" loading=\"lazy\" src=\"https:\/\/www.t-online.de\/s\/paper\/_next\/static\/media\/zoom-in.f7dae02f.svg\" alt=\"Vergr\u00f6\u00dfern des Bildes\" title=\"Vergr\u00f6\u00dfern des Bildes\" class=\"block h-[calc(var(--height)_\/_16_*_1rem)] w-[calc(var(--width)_\/_16_*_1rem)] max-w-none absolute bottom-8 right-8 rounded-4 bg-snow p-8\" decoding=\"async\"\/><\/a><\/p>\n<p>Polizisten sch\u00fctzen sich mit Schilden, links brennt ein Feuer (Archivbild): Auf Anwohner wirkten die &#8222;Chaostage&#8220; teils wie ein &#8222;B\u00fcrgerkrieg&#8220;. (Quelle: IMAGO \/ localpic)<\/p>\n<p class=\"font-bold text-18 leading-17\">Ein Wochenende im August 1995 ersch\u00fctterte Hannover und die gesamte Bundesrepublik. Tausende Punks lieferten sich mit Polizisten eine brutale Stra\u00dfenschlacht.<\/p>\n<p class=\"text-18 leading-17\">Im Sommer 1995 \u00fcbernahmen Punks das Stadtgeschehen in <a class=\"transition-colors duration-200 cursor-pointer text-inherit no-underline text-salemsfur md:hover:text-magenta md:hover:border-magenta md:focus:text-magenta border-current border-b border-solid break-words\" href=\"https:\/\/www.t-online.de\/region\/hannover\/\" data-sctrack=\"BodyAnchor\" target=\"_blank\" rel=\"noopener\">Hannover<\/a>. Vom 4. bis 6. August sollten erneut sogenannte &#8222;Chaostage&#8220; stattfinden. Bereits ein Jahr zuvor, am 6. August 1994, hatten 600 Punks in der Nordstadt rund um das Sprengelgel\u00e4nde randaliert. Sie wollten Hannover &#8222;in Schutt und Asche&#8220; legen. Mehr als 30 Menschen wurden verletzt.<\/p>\n<p class=\"text-18 leading-17\">Politik, Polizei und B\u00fcrger waren gewarnt. Was 1982 als lose Protestverabredung begann \u2013 nachdem eine &#8222;Punker-Kartei&#8220; der Polizei Hannover bekannt geworden war \u2013, eskalierte im August 1995 zu einem der gewaltt\u00e4tigsten Aufst\u00e4nde der Nachwendezeit. Rund 2.000 Punks trafen auf etwa 3.500 Polizisten aus zehn Bundesl\u00e4ndern. Beide Seiten hatten mobilisiert.<\/p>\n<p class=\"text-18 leading-17\">Schon am 3. August, noch vor dem offiziellen Beginn, entz\u00fcndeten 400 Jugendliche eine Stra\u00dfenbarrikade am Sprengelgel\u00e4nde und bewarfen die Polizei mit Steinen und Flaschen.<\/p>\n<p class=\"text-18 leading-17\">Am 4. August, dem ersten offiziellen &#8222;Chaostag&#8220;, spitzte sich die Lage zu. Gleich zu Beginn lieferten sich Hunderte Punks stundenlange Auseinandersetzungen mit der Polizei. Es flogen Steine, Flaschen, Molotowcocktails, Stahlmuttern und Leuchtgeschosse. Einige Polizisten schleuderten Pflastersteine zur\u00fcck. 23 Beamte wurden in der ersten Nacht verletzt, 130 Jugendliche festgenommen, 200 kamen in Gewahrsam. &#8222;Die Taktik der Deeskalation hat nicht gefruchtet&#8220;, sagte ein Polizeisprecher.<\/p>\n<p class=\"text-18 leading-17\">&#8222;Die sind viel gewaltt\u00e4tiger als im vergangenen Jahr&#8220;, kommentierte ein junger Polizist die Lage. &#8222;Das ist ja wie im B\u00fcrgerkrieg hier&#8220;, sagte eine Anwohnerin der Deutschen Presse-Agentur (dpa). Punker griffen L\u00e4den an, besch\u00e4digten Autos und pl\u00fcnderten einen Penny-Supermarkt. Am Samstagmorgen glich das Viertel einem Tr\u00fcmmerfeld. Die Polizei hatte sich vor\u00fcbergehend zur\u00fcckgezogen. Verst\u00e4rkung aus anderen Bundesl\u00e4ndern war noch nicht eingetroffen. Auch intern mehrten sich kritische Stimmen: Einige ersch\u00f6pfte Beamte bem\u00e4ngelten eine unentschlossene Einsatzleitung.<\/p>\n<p class=\"text-18 leading-17\">Am Ende wurden rund 200 verletzte Polizisten gez\u00e4hlt \u2013 und mindestens ebenso viele verletzte Punks. Etwa 1.200 von ihnen wurden in Gewahrsam genommen oder festgenommen. Der Sachschaden betrug \u00fcber 500.000 Mark. Gegen 335 Punks wurden Strafverfahren eingeleitet.<\/p>\n<p class=\"text-18 leading-17\">Innenminister Gerhard Glogowski (SPD) und Hannovers Polizeipr\u00e4sident Herbert Sander gerieten unter Druck. Letzterer zog zun\u00e4chst ein \u00fcberraschend positives Fazit. &#8222;Die Polizei hat es durch ihre Ma\u00dfnahmen immerhin geschafft, die Innenstadt intakt zu halten&#8220;, sagte er. &#8222;Ich habe mir nichts vorzuwerfen.&#8220;<\/p>\n","protected":false},"excerpt":{"rendered":"&#8222;Chaostage&#8220; 1995 Punks, \u00fcberforderte Polizisten und ein &#8222;B\u00fcrgerkrieg&#8220; 02.08.2025 &#8211; 07:15 UhrLesedauer: 3 Min. Polizisten sch\u00fctzen sich mit&hellip;\n","protected":false},"author":2,"featured_media":313761,"comment_status":"","ping_status":"","sticky":false,"template":"","format":"standard","meta":{"footnotes":""},"categories":[1836],"tags":[2201,15543,89929,3364,29,89931,30,46,89932,1411,121,89933,89934,89930],"class_list":{"0":"post-313760","1":"post","2":"type-post","3":"status-publish","4":"format-standard","5":"has-post-thumbnail","7":"category-hannover","8":"tag-2201","9":"tag-buergerkrieg","10":"tag-chaostag","11":"tag-de","12":"tag-deutschland","13":"tag-gerhard-glogowski","14":"tag-germany","15":"tag-hannover","16":"tag-herbert-sander","17":"tag-niedersachsen","18":"tag-polizei","19":"tag-punkerszene","20":"tag-punkszene","21":"tag-strassenschlacht"},"share_on_mastodon":{"url":"https:\/\/pubeurope.com\/@de\/114960229048643861","error":""},"_links":{"self":[{"href":"https:\/\/www.europesays.com\/de\/wp-json\/wp\/v2\/posts\/313760","targetHints":{"allow":["GET"]}}],"collection":[{"href":"https:\/\/www.europesays.com\/de\/wp-json\/wp\/v2\/posts"}],"about":[{"href":"https:\/\/www.europesays.com\/de\/wp-json\/wp\/v2\/types\/post"}],"author":[{"embeddable":true,"href":"https:\/\/www.europesays.com\/de\/wp-json\/wp\/v2\/users\/2"}],"replies":[{"embeddable":true,"href":"https:\/\/www.europesays.com\/de\/wp-json\/wp\/v2\/comments?post=313760"}],"version-history":[{"count":0,"href":"https:\/\/www.europesays.com\/de\/wp-json\/wp\/v2\/posts\/313760\/revisions"}],"wp:featuredmedia":[{"embeddable":true,"href":"https:\/\/www.europesays.com\/de\/wp-json\/wp\/v2\/media\/313761"}],"wp:attachment":[{"href":"https:\/\/www.europesays.com\/de\/wp-json\/wp\/v2\/media?parent=313760"}],"wp:term":[{"taxonomy":"category","embeddable":true,"href":"https:\/\/www.europesays.com\/de\/wp-json\/wp\/v2\/categories?post=313760"},{"taxonomy":"post_tag","embeddable":true,"href":"https:\/\/www.europesays.com\/de\/wp-json\/wp\/v2\/tags?post=313760"}],"curies":[{"name":"wp","href":"https:\/\/api.w.org\/{rel}","templated":true}]}}