{"id":313906,"date":"2025-08-02T18:18:52","date_gmt":"2025-08-02T18:18:52","guid":{"rendered":"https:\/\/www.europesays.com\/de\/313906\/"},"modified":"2025-08-02T18:18:52","modified_gmt":"2025-08-02T18:18:52","slug":"spiel-live-im-tv-und-stream-sehen","status":"publish","type":"post","link":"https:\/\/www.europesays.com\/de\/313906\/","title":{"rendered":"Spiel live im TV und Stream sehen"},"content":{"rendered":"<p>Live-\u00dcbertragung <\/p>\n<p>So ist das 96-Spiel gegen Kaiserslautern im TV zu sehen<\/p>\n<p>01.08.2025 &#8211; 16:18 UhrLesedauer: 2 Min.<\/p>\n<p><a href=\"#focus-0\" class=\"transition-colors duration-200 focus-within:text-magenta block text-current relative\" data-sctrack=\"FocusGalleryImage.Reference\"><img fetchpriority=\"high\" data-testid=\"Opener.Image\" style=\"--lqipURL:url('https:\/\/images.t-online.de\/2025\/08\/7pNAVaz2JAIr\/0x0:4000x2250\/fit-in\/150x0\/filters:blur(25)\/havard-nielsen-hannover-96-gestikuliert-friendly-match-2-hannover-96-vs-sc-paderborn-07-koasastadion-am-19-july-2025-in-st-johann-in-tirol-oesterreich-foto-von-marco-steinbrenner-defodi-images-havard-nielsen-hannover-96-gestures-friendly-match-2-hannover-96-vs-sc-paderborn-07-koasastadion-july-19-2025-in-st-johann-in-tirol-austria-photo-by-marco-steinbrenner-defodi-images-havard-nielsen-hannover-96-gestures-friendly-match-2-hannover-96-vs-sc-paderborn-07-koasastadion-on-july-19.jpg')\"   loading=\"eager\" src=\"https:\/\/www.europesays.com\/de\/wp-content\/uploads\/2025\/08\/havard-nielsen-hannover-96-gestikuliert-friendly-match-2-hannover-96-vs-sc-paderborn-07-koasastadion.jpeg\" alt=\"imago images 1064569679\" title=\"imago images 1064569679\" width=\"4000\" height=\"2250\" class=\"bg-[url:var(--lqipURL)] bg-cover bg-center flex h-full w-full max-w-full\" decoding=\"async\"\/><img style=\"--width:32;--height:32\" loading=\"lazy\" src=\"https:\/\/www.t-online.de\/s\/paper\/_next\/static\/media\/zoom-in.f7dae02f.svg\" alt=\"Vergr\u00f6\u00dfern des Bildes\" title=\"Vergr\u00f6\u00dfern des Bildes\" class=\"block h-[calc(var(--height)_\/_16_*_1rem)] w-[calc(var(--width)_\/_16_*_1rem)] max-w-none absolute bottom-8 right-8 rounded-4 bg-snow p-8\" decoding=\"async\"\/><\/a><\/p>\n<p>Havard Nielsen bei einem Testspiel: Hannover 96 startet gegen den 1. FC Kaiserslautern in die neue Saison. (Quelle: IMAGO\/Marco Steinbrenner\/DeFodi Images\/imago)<\/p>\n<p class=\"font-bold text-18 leading-17\">Live im TV: Hannover 96 empf\u00e4ngt am 1. Spieltag der neuen Saison in der 2. Bundesliga den 1. FC Kaiserslautern. So kann man das Spiel verfolgen.<\/p>\n<p class=\"text-18 leading-17\">Ein neuer Coach, 16 neue Spieler \u2013 <a class=\"transition-colors duration-200 cursor-pointer text-inherit no-underline text-salemsfur md:hover:text-magenta md:hover:border-magenta md:focus:text-magenta border-current border-b border-solid break-words\" href=\"https:\/\/www.t-online.de\/themen\/hannover-96\/\" data-sctrack=\"BodyAnchor\" target=\"_blank\" rel=\"noopener\">Hannover 96<\/a> startet komplett umformiert in die neue Saison in der <a class=\"transition-colors duration-200 cursor-pointer text-inherit no-underline text-salemsfur md:hover:text-magenta md:hover:border-magenta md:focus:text-magenta border-current border-b border-solid break-words\" href=\"https:\/\/www.t-online.de\/sport\/fussball\/2-bundesliga\/\" data-sctrack=\"BodyAnchor\" target=\"_blank\" rel=\"noopener\">2. Bundesliga<\/a>. Zum Auftakt bekommen es die Niedersachsen am Sonntag (Ansto\u00df 13.30 Uhr) mit dem <a class=\"transition-colors duration-200 cursor-pointer text-inherit no-underline text-salemsfur md:hover:text-magenta md:hover:border-magenta md:focus:text-magenta border-current border-b border-solid break-words\" href=\"https:\/\/www.t-online.de\/themen\/1-fc-kaiserslautern\/\" data-sctrack=\"BodyAnchor\" target=\"_blank\" rel=\"noopener\">1. FC Kaiserslautern<\/a> zu tun.<\/p>\n<p class=\"text-18 leading-17\">Die Vorfreude auf das Duell mit den &#8222;Roten Teufeln&#8220; um Trainer <a class=\"transition-colors duration-200 cursor-pointer text-inherit no-underline text-salemsfur md:hover:text-magenta md:hover:border-magenta md:focus:text-magenta border-current border-b border-solid break-words\" href=\"https:\/\/www.t-online.de\/themen\/torsten-lieberknecht\/\" data-sctrack=\"BodyAnchor\" target=\"_blank\" rel=\"noopener\">Torsten Lieberknecht<\/a> ist gro\u00df. F\u00fcr die Partie sind bereits 46.000 Tickets verkauft. Und die Fans im R\u00fccken sollen bei einem erfolgreichen Start in die Saison helfen.<\/p>\n<p class=\"text-18 leading-17\">Das Zweitligaspiel zwischen <a class=\"transition-colors duration-200 cursor-pointer text-inherit no-underline text-salemsfur md:hover:text-magenta md:hover:border-magenta md:focus:text-magenta border-current border-b border-solid break-words\" href=\"https:\/\/www.t-online.de\/region\/hannover\/\" data-sctrack=\"BodyAnchor\" target=\"_blank\" rel=\"noopener\">Hannover<\/a> 96 und dem 1. FC Kaiserslautern wird vom <strong class=\"font-bold\">Pay-TV-Sender Sky<\/strong> live \u00fcbertragen. Auf dem Sender <strong class=\"font-bold\">Sky Sport Bundesliga 2 HD<\/strong> sind die vollen 90 Minuten inklusive Vor- und Nachberichterstattung zu sehen. Als Kommentator ist <strong class=\"font-bold\">Frank Buschmann<\/strong> im Einsatz.<\/p>\n<p class=\"text-18 leading-17\">In der Konferenz-Option l\u00e4uft das Spiel auf <strong class=\"font-bold\">Sky Sport <a class=\"transition-colors duration-200 cursor-pointer text-inherit no-underline text-salemsfur md:hover:text-magenta md:hover:border-magenta md:focus:text-magenta border-current border-b border-solid break-words\" href=\"https:\/\/www.t-online.de\/sport\/fussball\/bundesliga\/\" data-sctrack=\"BodyAnchor\" target=\"_blank\" rel=\"noopener\">Bundesliga<\/a> 1 HD<\/strong>. Dort wird die Sendezeit mit den Partien zwischen dem <a class=\"transition-colors duration-200 cursor-pointer text-inherit no-underline text-salemsfur md:hover:text-magenta md:hover:border-magenta md:focus:text-magenta border-current border-b border-solid break-words\" href=\"https:\/\/www.t-online.de\/themen\/1-fc-magdeburg\/\" data-sctrack=\"BodyAnchor\" target=\"_blank\" rel=\"noopener\">1. FC Magdeburg<\/a> und Eintracht Braunschweig sowie Greuther F\u00fcrth und <a class=\"transition-colors duration-200 cursor-pointer text-inherit no-underline text-salemsfur md:hover:text-magenta md:hover:border-magenta md:focus:text-magenta border-current border-b border-solid break-words\" href=\"https:\/\/www.t-online.de\/themen\/dynamo-dresden\/\" data-sctrack=\"BodyAnchor\" target=\"_blank\" rel=\"noopener\">Dynamo Dresden<\/a> geteilt. F\u00fcr die Sky-Angebote ist ein kostenpflichtiges Abonnement n\u00f6tig.<\/p>\n<p class=\"text-18 leading-17\">Ja, das Spiel zwischen Hannover 96 und dem 1. <a class=\"transition-colors duration-200 cursor-pointer text-inherit no-underline text-salemsfur md:hover:text-magenta md:hover:border-magenta md:focus:text-magenta border-current border-b border-solid break-words\" href=\"https:\/\/www.t-online.de\/themen\/1-fc-kaiserslautern\/\" data-sctrack=\"BodyAnchor\" target=\"_blank\" rel=\"noopener\">FC Kaiserslautern<\/a> ist tats\u00e4chlich au\u00dfer der Reihe im <strong class=\"font-bold\">Free-TV<\/strong> zu sehen. RTL \u00fcbertr\u00e4gt dank einer Kooperation mit Sky an einzelnen Spieltagen die Konferenz. Zum ersten Mal in der neuen Saison ist das bereits am 1. Spieltag der Fall. Die drei Sonntagsspiele werden dort folglich parallel gezeigt. RTL bedient sich dabei an der \u00dcbertragung der Sky-Konferenz. Auch Zusammenfassungen der Partie laufen letztlich im frei empfangbaren Fernsehen.<\/p>\n<p class=\"text-18 leading-17\">Der Pay-TV-Sender Sky bietet \u00fcber den hauseigenen Streamingdienst <strong class=\"font-bold\">WOW TV<\/strong> eine \u00dcbertragung des Spiels an. Ebenso ist die Partie \u00fcber die <strong class=\"font-bold\">Skygo-App<\/strong> per Stream abrufbar. Auch hierf\u00fcr m\u00fcssen Interessierte allerdings bezahlen. RTL bietet den Stream \u00fcber den eigenen Streamingdienst <strong class=\"font-bold\">RTL+<\/strong> an.<\/p>\n<p class=\"text-18 leading-17\">Kostenlose Livestreams mit schlechterer Bild- und Tonqualit\u00e4t sind im Internet ebenfalls zu finden. Die Legalit\u00e4t solcher Streams ist aber nicht verifiziert.<\/p>\n","protected":false},"excerpt":{"rendered":"Live-\u00dcbertragung So ist das 96-Spiel gegen Kaiserslautern im TV zu sehen 01.08.2025 &#8211; 16:18 UhrLesedauer: 2 Min. Havard&hellip;\n","protected":false},"author":2,"featured_media":313907,"comment_status":"","ping_status":"","sticky":false,"template":"","format":"standard","meta":{"footnotes":""},"categories":[1836],"tags":[7974,621,3364,29,89945,30,46,2366,89944,15352,1411,640,29605],"class_list":{"0":"post-313906","1":"post","2":"type-post","3":"status-publish","4":"format-standard","5":"has-post-thumbnail","7":"category-hannover","8":"tag-1-fc-kaiserslautern","9":"tag-2-bundesliga","10":"tag-de","11":"tag-deutschland","12":"tag-frank-buschmann","13":"tag-germany","14":"tag-hannover","15":"tag-hannover-96","16":"tag-havard-nielsen","17":"tag-kaiserslautern","18":"tag-niedersachsen","19":"tag-rtl","20":"tag-torsten-lieberknecht"},"share_on_mastodon":{"url":"https:\/\/pubeurope.com\/@de\/114960555536795569","error":""},"_links":{"self":[{"href":"https:\/\/www.europesays.com\/de\/wp-json\/wp\/v2\/posts\/313906","targetHints":{"allow":["GET"]}}],"collection":[{"href":"https:\/\/www.europesays.com\/de\/wp-json\/wp\/v2\/posts"}],"about":[{"href":"https:\/\/www.europesays.com\/de\/wp-json\/wp\/v2\/types\/post"}],"author":[{"embeddable":true,"href":"https:\/\/www.europesays.com\/de\/wp-json\/wp\/v2\/users\/2"}],"replies":[{"embeddable":true,"href":"https:\/\/www.europesays.com\/de\/wp-json\/wp\/v2\/comments?post=313906"}],"version-history":[{"count":0,"href":"https:\/\/www.europesays.com\/de\/wp-json\/wp\/v2\/posts\/313906\/revisions"}],"wp:featuredmedia":[{"embeddable":true,"href":"https:\/\/www.europesays.com\/de\/wp-json\/wp\/v2\/media\/313907"}],"wp:attachment":[{"href":"https:\/\/www.europesays.com\/de\/wp-json\/wp\/v2\/media?parent=313906"}],"wp:term":[{"taxonomy":"category","embeddable":true,"href":"https:\/\/www.europesays.com\/de\/wp-json\/wp\/v2\/categories?post=313906"},{"taxonomy":"post_tag","embeddable":true,"href":"https:\/\/www.europesays.com\/de\/wp-json\/wp\/v2\/tags?post=313906"}],"curies":[{"name":"wp","href":"https:\/\/api.w.org\/{rel}","templated":true}]}}