{"id":313925,"date":"2025-08-02T18:28:15","date_gmt":"2025-08-02T18:28:15","guid":{"rendered":"https:\/\/www.europesays.com\/de\/313925\/"},"modified":"2025-08-02T18:28:15","modified_gmt":"2025-08-02T18:28:15","slug":"benjamin-sesko-newcastle-bietet-80-millionen-fuer-rb-star","status":"publish","type":"post","link":"https:\/\/www.europesays.com\/de\/313925\/","title":{"rendered":"Benjamin Sesko: Newcastle bietet 80 Millionen f\u00fcr RB-Star"},"content":{"rendered":"<p>Transferticker <\/p>\n<p>Premier-League-Klub bietet 80 Millionen f\u00fcr RB-Star<\/p>\n<p>02.08.2025 &#8211; 20:07 UhrLesedauer: 3 Min.<\/p>\n<p><a href=\"#focus-0\" class=\"transition-colors duration-200 focus-within:text-magenta block text-current relative\" data-sctrack=\"FocusGalleryImage.Reference\"><img fetchpriority=\"high\" data-testid=\"Opener.Image\" style=\"--lqipURL:url('https:\/\/images.t-online.de\/2025\/08\/WCzSR7cTBf5S\/519x189:2985x1679\/fit-in\/150x0\/filters:blur(25)\/blick-richtung-premier-league-leipzigs-benjamin-sesko.jpg')\"   loading=\"eager\" src=\"https:\/\/www.europesays.com\/de\/wp-content\/uploads\/2025\/08\/blick-richtung-premier-league-leipzigs-benjamin-sesko.jpg\" alt=\"Blick Richtung Premier League? Leipzigs Benjamin \u0160e\u0161ko.\" title=\"Blick Richtung Premier League? Leipzigs Benjamin \u0160e\u0161ko.\" width=\"2985\" height=\"1679\" class=\"bg-[url:var(--lqipURL)] bg-cover bg-center flex h-full w-full max-w-full\" decoding=\"async\"\/><img style=\"--width:32;--height:32\" loading=\"lazy\" src=\"https:\/\/www.t-online.de\/s\/paper\/_next\/static\/media\/zoom-in.f7dae02f.svg\" alt=\"Vergr\u00f6\u00dfern des Bildes\" title=\"Vergr\u00f6\u00dfern des Bildes\" class=\"block h-[calc(var(--height)_\/_16_*_1rem)] w-[calc(var(--width)_\/_16_*_1rem)] max-w-none absolute bottom-8 right-8 rounded-4 bg-snow p-8\" decoding=\"async\"\/><\/a><\/p>\n<p>Blick Richtung Premier League? Leipzigs Benjamin \u0160e\u0161ko. (Quelle: IMAGO\/Paul Fritz\/imago-images-bilder)<\/p>\n<p class=\"font-bold text-18 leading-17\">Bei den Klubs laufen die Planungen f\u00fcr die kommende Spielzeit. Alle wichtigen News im Transferticker.<\/p>\n<p class=\"text-18 leading-17\">Bei t-online gibt es die wichtigsten Ger\u00fcchte und Wechsel aus Deutschland und der Welt im \u00dcberblick.<\/p>\n<p class=\"text-18 leading-17\">Der diesj\u00e4hrige Transfersommer hat es in sich. Das liegt daran, dass die Klubs erstmals in zwei verschiedenen Zeitr\u00e4umen Spieler verpflichten d\u00fcrfen. Aufgrund der Klub-WM war das erste Transferfenster f\u00fcr die teilnehmenden Vereine vom 1. bis zum 10. Juni ge\u00f6ffnet. Das regul\u00e4re Transferfenster ist vom 1. Juli bis zum 1. September offen.<\/p>\n<p class=\"text-18 leading-17\"><a class=\"transition-colors duration-200 cursor-pointer text-inherit no-underline text-salemsfur md:hover:text-magenta md:hover:border-magenta md:focus:text-magenta border-current border-b border-solid break-words\" href=\"https:\/\/www.t-online.de\/themen\/rb-leipzig\/\" data-sctrack=\"BodyAnchor\" target=\"_blank\" rel=\"noopener\">RB Leipzig<\/a> hat offenbar ein konkretes Angebot f\u00fcr seinen Torj\u00e4ger Benjamin \u0160e\u0161ko erhalten. Nach Sky-Informationen hat Newcastle United eine schriftliche Offerte \u00fcber 75 Millionen Euro abgegeben \u2013 zus\u00e4tzlich k\u00f6nnten bis zu f\u00fcnf Millionen Euro an Bonuszahlungen hinzukommen. Die Klubf\u00fchrung in Leipzig habe bislang weder zugesagt noch abgelehnt.<\/p>\n<p class=\"text-18 leading-17\"><a class=\"transition-colors duration-200 cursor-pointer text-inherit no-underline text-salemsfur md:hover:text-magenta md:hover:border-magenta md:focus:text-magenta border-current border-b border-solid break-words\" href=\"https:\/\/www.t-online.de\/themen\/manchester-united\/\" data-sctrack=\"BodyAnchor\" target=\"_blank\" rel=\"noopener\">Manchester United<\/a> bleibe allerdings ebenfalls interessiert, hei\u00dft es weiter. Schon vor wenigen Tagen hatte der italienische Transferexperte Fabrizio Romano berichtet, die &#8222;Red Devils&#8220; h\u00e4tten Leipzig informiert, dass man bereit sei, ein offizielles Angebot f\u00fcr den St\u00fcrmer abzugeben \u2013 vorausgesetzt, der Spieler entscheidet sich f\u00fcr einen Wechsel zu den Red Devils.<\/p>\n<p class=\"text-18 leading-17\">Sky berichtet indes weiter, dass ein Wettbieten um \u0160e\u0161ko bevorstehen k\u00f6nnte. Am Samstagabend sollen weitere Gespr\u00e4che stattfinden.<\/p>\n<p class=\"text-18 leading-17\">Der Abgang von Bayer Leverkusens langj\u00e4hrigem Stammkeeper und Mannschaftskapit\u00e4n Luk\u00e1\u0161 Hr\u00e1deck\u00fd steht laut einem Bericht kurz bevor. Die &#8222;Werkself&#8220; habe sich mit der <a class=\"transition-colors duration-200 cursor-pointer text-inherit no-underline text-salemsfur md:hover:text-magenta md:hover:border-magenta md:focus:text-magenta border-current border-b border-solid break-words\" href=\"https:\/\/www.t-online.de\/themen\/as-monaco\/\" data-sctrack=\"BodyAnchor\" target=\"_blank\" rel=\"noopener\">AS Monaco<\/a> geeinigt, berichtet Sky. Demnach soll der franz\u00f6sische Ligue-1-Klub f\u00fcr den finnischen Nationaltorh\u00fcter vier Millionen Euro an den deutschen Vizemeister \u00fcberweisen.<\/p>\n<p class=\"text-18 leading-17\">Der obligatorische Medizincheck soll noch nicht erfolgt sein, Leverkusen aber die Freigabe erteilen, sobald Bayer einen Nachfolger f\u00fcr den 35-J\u00e4hrigen gefunden hat. Daran arbeite der Klub intensiv, hie\u00df es in dem Bericht.<\/p>\n<p class=\"text-18 leading-17\">Mit <a class=\"transition-colors duration-200 cursor-pointer text-inherit no-underline text-salemsfur md:hover:text-magenta md:hover:border-magenta md:focus:text-magenta border-current border-b border-solid break-words\" href=\"https:\/\/www.t-online.de\/themen\/florian-wirtz\/\" data-sctrack=\"BodyAnchor\" target=\"_blank\" rel=\"noopener\">Florian Wirtz<\/a>, Jeremie Frimpong (beide FC Liverpool), <a class=\"transition-colors duration-200 cursor-pointer text-inherit no-underline text-salemsfur md:hover:text-magenta md:hover:border-magenta md:focus:text-magenta border-current border-b border-solid break-words\" href=\"https:\/\/www.t-online.de\/themen\/jonathan-tah\/\" data-sctrack=\"BodyAnchor\" target=\"_blank\" rel=\"noopener\">Jonathan Tah<\/a> (Bayern M\u00fcnchen) und zuletzt Granit Xhaka (AFC Sunderland) haben bereits mehrere Leistungstr\u00e4ger den Vizemeister verlassen. Auch um die beiden Verteidiger Piero Hincapie und Alejandro Grimaldo, Mittelfeldspieler Exequiel Palacios sowie St\u00fcrmer <a class=\"transition-colors duration-200 cursor-pointer text-inherit no-underline text-salemsfur md:hover:text-magenta md:hover:border-magenta md:focus:text-magenta border-current border-b border-solid break-words\" href=\"https:\/\/www.t-online.de\/themen\/victor-boniface\/\" data-sctrack=\"BodyAnchor\" target=\"_blank\" rel=\"noopener\">Victor Boniface<\/a> gibt es weiterhin Wechselger\u00fcchte.<\/p>\n","protected":false},"excerpt":{"rendered":"Transferticker Premier-League-Klub bietet 80 Millionen f\u00fcr RB-Star 02.08.2025 &#8211; 20:07 UhrLesedauer: 3 Min. Blick Richtung Premier League? Leipzigs&hellip;\n","protected":false},"author":2,"featured_media":310029,"comment_status":"","ping_status":"","sticky":false,"template":"","format":"standard","meta":{"footnotes":""},"categories":[1832],"tags":[623,722,2367,403,3364,29,31421,458,30,3150,89805,9392,13975,71,2375,18531,1222,50637,957,1655,859,226,13382],"class_list":{"0":"post-313925","1":"post","2":"type-post","3":"status-publish","4":"format-standard","5":"has-post-thumbnail","7":"category-leipzig","8":"tag-1-fc-koeln","9":"tag-722","10":"tag-bayer-04-leverkusen","11":"tag-bvb","12":"tag-de","13":"tag-deutschland","14":"tag-fabrizio-romano","15":"tag-fc-bayern-muenchen","16":"tag-germany","17":"tag-hamburger-sv","18":"tag-heung-min-son","19":"tag-klub","20":"tag-klub-wm","21":"tag-leipzig","22":"tag-leverkusen","23":"tag-manchester-united","24":"tag-monaco","25":"tag-newcastle-united","26":"tag-premier-league","27":"tag-rb-leipzig","28":"tag-sachsen","29":"tag-t-online","30":"tag-tottenham"},"share_on_mastodon":{"url":"https:\/\/pubeurope.com\/@de\/114960590738726454","error":""},"_links":{"self":[{"href":"https:\/\/www.europesays.com\/de\/wp-json\/wp\/v2\/posts\/313925","targetHints":{"allow":["GET"]}}],"collection":[{"href":"https:\/\/www.europesays.com\/de\/wp-json\/wp\/v2\/posts"}],"about":[{"href":"https:\/\/www.europesays.com\/de\/wp-json\/wp\/v2\/types\/post"}],"author":[{"embeddable":true,"href":"https:\/\/www.europesays.com\/de\/wp-json\/wp\/v2\/users\/2"}],"replies":[{"embeddable":true,"href":"https:\/\/www.europesays.com\/de\/wp-json\/wp\/v2\/comments?post=313925"}],"version-history":[{"count":0,"href":"https:\/\/www.europesays.com\/de\/wp-json\/wp\/v2\/posts\/313925\/revisions"}],"wp:featuredmedia":[{"embeddable":true,"href":"https:\/\/www.europesays.com\/de\/wp-json\/wp\/v2\/media\/310029"}],"wp:attachment":[{"href":"https:\/\/www.europesays.com\/de\/wp-json\/wp\/v2\/media?parent=313925"}],"wp:term":[{"taxonomy":"category","embeddable":true,"href":"https:\/\/www.europesays.com\/de\/wp-json\/wp\/v2\/categories?post=313925"},{"taxonomy":"post_tag","embeddable":true,"href":"https:\/\/www.europesays.com\/de\/wp-json\/wp\/v2\/tags?post=313925"}],"curies":[{"name":"wp","href":"https:\/\/api.w.org\/{rel}","templated":true}]}}