{"id":313926,"date":"2025-08-02T18:29:10","date_gmt":"2025-08-02T18:29:10","guid":{"rendered":"https:\/\/www.europesays.com\/de\/313926\/"},"modified":"2025-08-02T18:29:10","modified_gmt":"2025-08-02T18:29:10","slug":"duesseldorfer-feiern-auch-bei-regen-den-weinsommer","status":"publish","type":"post","link":"https:\/\/www.europesays.com\/de\/313926\/","title":{"rendered":"D\u00fcsseldorfer feiern auch bei Regen den \u201eWeinsommer\u201c"},"content":{"rendered":"<p class=\"text_ohne_einzug richtext text-em-55 !leading-serif mx-6 desktop:mx-0\">  So richtig passte das Wetter zwar nicht zum \u201eWeinsommer\u201c. Gerade wegen des Regens steuerten am Samstag aber einige Besucher die Veranstaltung an der D\u00fcsseldorfer Rheinuferpromenade an. W\u00e4hrend sich unter freiem Himmel viele die Kapuzen \u00fcber den Kopf ziehen mussten, um dem ungem\u00fctlichen Nass zu entgehen, fanden sie beim Fest unter Sonnenschirmen ein trockenes Pl\u00e4tzchen.<\/p>\n","protected":false},"excerpt":{"rendered":"So richtig passte das Wetter zwar nicht zum \u201eWeinsommer\u201c. Gerade wegen des Regens steuerten am Samstag aber einige&hellip;\n","protected":false},"author":2,"featured_media":313927,"comment_status":"","ping_status":"","sticky":false,"template":"","format":"standard","meta":{"footnotes":""},"categories":[1831],"tags":[24788,3364,29,3405,57314,30,60384,89953,89954,64457,1209,9593,9589,16560,68577,48318],"class_list":{"0":"post-313926","1":"post","2":"type-post","3":"status-publish","4":"format-standard","5":"has-post-thumbnail","7":"category-duesseldorf","8":"tag-burgplatz","9":"tag-de","10":"tag-deutschland","11":"tag-duesseldorf","12":"tag-gefragt","13":"tag-germany","14":"tag-golz","15":"tag-grauburgunder","16":"tag-juchem","17":"tag-mitgebracht","18":"tag-nordrhein-westfalen","19":"tag-stand","20":"tag-staende","21":"tag-wein","22":"tag-weinsommer","23":"tag-winzer"},"share_on_mastodon":{"url":"https:\/\/pubeurope.com\/@de\/114960594645507747","error":""},"_links":{"self":[{"href":"https:\/\/www.europesays.com\/de\/wp-json\/wp\/v2\/posts\/313926","targetHints":{"allow":["GET"]}}],"collection":[{"href":"https:\/\/www.europesays.com\/de\/wp-json\/wp\/v2\/posts"}],"about":[{"href":"https:\/\/www.europesays.com\/de\/wp-json\/wp\/v2\/types\/post"}],"author":[{"embeddable":true,"href":"https:\/\/www.europesays.com\/de\/wp-json\/wp\/v2\/users\/2"}],"replies":[{"embeddable":true,"href":"https:\/\/www.europesays.com\/de\/wp-json\/wp\/v2\/comments?post=313926"}],"version-history":[{"count":0,"href":"https:\/\/www.europesays.com\/de\/wp-json\/wp\/v2\/posts\/313926\/revisions"}],"wp:featuredmedia":[{"embeddable":true,"href":"https:\/\/www.europesays.com\/de\/wp-json\/wp\/v2\/media\/313927"}],"wp:attachment":[{"href":"https:\/\/www.europesays.com\/de\/wp-json\/wp\/v2\/media?parent=313926"}],"wp:term":[{"taxonomy":"category","embeddable":true,"href":"https:\/\/www.europesays.com\/de\/wp-json\/wp\/v2\/categories?post=313926"},{"taxonomy":"post_tag","embeddable":true,"href":"https:\/\/www.europesays.com\/de\/wp-json\/wp\/v2\/tags?post=313926"}],"curies":[{"name":"wp","href":"https:\/\/api.w.org\/{rel}","templated":true}]}}