{"id":313961,"date":"2025-08-02T18:47:11","date_gmt":"2025-08-02T18:47:11","guid":{"rendered":"https:\/\/www.europesays.com\/de\/313961\/"},"modified":"2025-08-02T18:47:11","modified_gmt":"2025-08-02T18:47:11","slug":"heidi-klum-ueberrumpelt-michelle-im-liebesurlaub-mit-show-anfrage","status":"publish","type":"post","link":"https:\/\/www.europesays.com\/de\/313961\/","title":{"rendered":"Heidi Klum \u00fcberrumpelt Michelle im Liebesurlaub mit Show-Anfrage"},"content":{"rendered":"<p>&#8222;HeidiFest&#8220; mit Starpower <\/p>\n<p>Heidi Klum \u00fcberrumpelt Michelle im Liebesurlaub mit Anfrage<\/p>\n<p>von spot on news<\/p>\n<p>02.08.2025, 19:52 Uhr<\/p>\n<p>02. August 2025 um 19:52 Uhr<\/p>\n<p>Michelle und ihr Partner Eric Philippi wollten Zeit f\u00fcr sich. Doch dann flattert eine Anfrage von Heidi Klums herein.<\/p>\n<p>Ab Januar geht Schlagerstar <a href=\"https:\/\/www.bunte.de\/starprofile\/michelle-hewer.html\" rel=\"follow nofollow noopener\" target=\"_self\">Michelle<\/a> (53) auf ihre gro\u00dfe Abschiedstournee. Doch bereits vorher sorgt die S\u00e4ngerin f\u00fcr Highlights: In K\u00fcrze erscheint eine Sonderedition ihres Hit-Albums &#8222;Flutlicht&#8220;. Zusammen mit ihrem Partner, S\u00e4nger Eric Philippi (28), wird sie zudem beim &#8222;HeidiFest&#8220; von <a href=\"https:\/\/www.bunte.de\/starprofile\/heidi-klum.html\" rel=\"follow nofollow noopener\" target=\"_self\">Heidi Klum<\/a> (52) dabei sein, das am 18. September auf ProSieben und Joyn \u00fcbertragen wird.<\/p>\n<p>Anfrage f\u00fcr das &#8222;HeidiFest&#8220;: Michelle und Partner Eric wurden im Urlaub \u00fcberrascht<\/p>\n<p>&#8222;W\u00e4hrend wir im Urlaub waren, kam die Anfrage&#8220;, erz\u00e4hlt Michelle auf Nachfrage der Nachrichtenagentur spot on news. &#8222;Wir haben uns sehr dar\u00fcber gefreut. Die Einladung von Heidi war f\u00fcr uns eine sch\u00f6ne Gelegenheit, die wir gerne angenommen haben.&#8220; Noch kenne die S\u00e4ngerin Klum nicht pers\u00f6nlich, &#8222;aber nat\u00fcrlich wei\u00df man voneinander. Ich freue mich darauf, sie beim &#8218;HeidiFest&#8216; einmal pers\u00f6nlich zu treffen und kennenzulernen.&#8220;\u00a0<\/p>\n<p>ANZEIGE<\/p>\n<p>Das &#8222;HeidiFest&#8220; wird im M\u00fcnchner Hofbr\u00e4uhaus steigen, auch die Location ist f\u00fcr Michelle neu. &#8222;Ich war selbst noch nicht dort, aber man kennt das Hofbr\u00e4uhaus nat\u00fcrlich als festen Bestandteil der bayerischen Kultur&#8220;, erkl\u00e4rt sie. &#8222;Ich stelle es mir sehr lebendig, gesellig und traditionsreich vor und freue mich darauf.&#8220;\u00a0<\/p>\n<p>ANZEIGE<\/p>\n<p><a data-hk=\"031110\" data-qa-article-links-box-title-link=\"https:\/\/www.bunte.de\/stars\/true\" href=\"https:\/\/www.bunte.de\/stars\/\" rel=\"follow nofollow noopener\" target=\"_self\">Mehr aus dem Bereich Stars<\/a><a data-hk=\"031120\" data-qa-article-links-box-href=\"https:\/\/www.bunte.de\/stars\/true\" href=\"https:\/\/www.bunte.de\/stars\/star-news\/leichtathlet-beruehrt-im-ard-interview-nach-sieg-mama-liegt-im-sterbebett_3964356c-7a37-4698-867e-29461cc69267.html\" rel=\"follow nofollow noopener\" target=\"_self\" class=\"LinkBox_Link row\"><\/p>\n<p>Leichtathlet ber\u00fchrt im ARD-Interview: &#8222;Mama liegt im Sterbebett&#8220;<\/p>\n<p>Samstag, 02.08.2025 | 20:37<\/a><a data-hk=\"031125\" data-qa-article-links-box-href=\"https:\/\/www.bunte.de\/stars\/true\" href=\"https:\/\/www.bunte.de\/stars\/lebenslange-belastung-messner-ueber-laura-dahlmeiers-seilpartnerin-krauss_5468065b-eb65-403d-a8ad-e21469f9eb27.html\" rel=\"follow nofollow noopener\" target=\"_self\" class=\"LinkBox_Link row\"><\/p>\n<p>Messner zum Rettungsversuch von Dahlmeiers Seilpartnerin<\/p>\n<p>Samstag, 02.08.2025 | 20:32<\/a><a data-hk=\"03112a10\" data-qa-article-links-box-href=\"https:\/\/www.bunte.de\/stars\/true\" href=\"https:\/\/www.bunte.de\/stars\/eindeutig-dass-sie-nicht-mehr-am-leben-war-us-kletterer-sah-laura-dahlmeier_56f81684-b695-4148-8801-9f4f6b9f696a.html\" rel=\"follow nofollow noopener\" target=\"_self\" class=\"LinkBox_Link row LinkBox_Link--Last-Visible\"><\/p>\n<p>Laura Dahlmeier im Schnee entdeckt: US-Kletterer \u00fcber dramatischen Moment<\/p>\n<p>Samstag, 02.08.2025 | 20:30<\/a><a data-hk=\"03112a15\" data-qa-article-links-box-href=\"https:\/\/www.bunte.de\/stars\/true\" href=\"https:\/\/www.bunte.de\/stars\/star-news\/muhammad-alis-bruder-rahaman-ist-mit-82-jahren-verstorben_2cdf26a0-c24d-4d51-b31c-18be0a57169c.html\" rel=\"follow nofollow noopener\" target=\"_self\" class=\"LinkBox_Link row LinkBox_Link--Hidden\"><\/p>\n<p>Muhammad Alis (\u2020) Bruder Rahaman ist mit 82 Jahren verstorben<\/p>\n<p>Samstag, 02.08.2025 | 20:27<\/a><a data-hk=\"03112a20\" data-qa-article-links-box-href=\"https:\/\/www.bunte.de\/stars\/true\" href=\"https:\/\/www.bunte.de\/stars\/kochvideos-im-netz-thomas-gottschalk-tritt-in-cathy-hummels-fussstapfen_50704d77-d62d-4124-87ff-58c3f6419fb8.html\" rel=\"follow nofollow noopener\" target=\"_self\" class=\"LinkBox_Link row LinkBox_Link--Hidden\"><\/p>\n<p>Thomas Gottschalk tritt in Cathy Hummels&#8216; Fu\u00dfstapfen<\/p>\n<p>Samstag, 02.08.2025 | 19:55<\/a><a data-hk=\"03112a25\" data-qa-article-links-box-href=\"https:\/\/www.bunte.de\/stars\/true\" href=\"https:\/\/www.bunte.de\/stars\/goodbye-deutschland-stars-konny-und-manu-reimann-treten-ploetzlich-bei-wacken-auf_31f7c49a-b489-4195-a291-a9d64eb4cb12.html\" rel=\"follow nofollow noopener\" target=\"_self\" class=\"LinkBox_Link row LinkBox_Link--Hidden\"><\/p>\n<p>Konny und Manu Reimann stehen pl\u00f6tzlich auf der Wacken-B\u00fchne<\/p>\n<p>Samstag, 02.08.2025 | 19:55<\/a><a data-hk=\"03112a30\" data-qa-article-links-box-href=\"https:\/\/www.bunte.de\/stars\/true\" href=\"https:\/\/www.bunte.de\/stars\/pfarrer-aus-laura-dahlmeiers-heimat-trauert-sie-blieb-menschlich_afe37695-d50c-419f-8ced-d35b4a8960e1.html\" rel=\"follow nofollow noopener\" target=\"_self\" class=\"LinkBox_Link row LinkBox_Link--Hidden\"><\/p>\n<p>&#8222;Sie blieb menschlich&#8220;: Pfarrer aus Laura Dahlmeiers Heimat trauert<\/p>\n<p>Samstag, 02.08.2025 | 19:53<\/a><a data-hk=\"03112a35\" data-qa-article-links-box-href=\"https:\/\/www.bunte.de\/stars\/true\" href=\"https:\/\/www.bunte.de\/stars\/rtl-star-mareile-hoeppner-zieht-in-heissem-look-blicke-auf-sich-wow-goettin_f0b211a1-b2ba-4d98-9e63-c02eec99ac80.html\" rel=\"follow nofollow noopener\" target=\"_self\" class=\"LinkBox_Link row LinkBox_Link--Hidden\"><\/p>\n<p>&#8222;Wow, G\u00f6ttin&#8220;: Mareile H\u00f6ppner zieht Blicke in feurigem Look auf sich<\/p>\n<p>Samstag, 02.08.2025 | 19:53<\/a><a data-hk=\"03112a40\" data-qa-article-links-box-href=\"https:\/\/www.bunte.de\/stars\/true\" href=\"https:\/\/www.bunte.de\/stars\/tobey-maguire-will-gemeinsames-sorgerecht-fuer-16-jaehrigen-sohn_38cf696a-abc8-43ba-bb2a-76ec26204b70.html\" rel=\"follow nofollow noopener\" target=\"_self\" class=\"LinkBox_Link row LinkBox_Link--Hidden\"><\/p>\n<p>Tobey Maguire fordert gemeinsames Sorgerecht f\u00fcr 16-j\u00e4hrigen Sohn<\/p>\n<p>Samstag, 02.08.2025 | 19:51<\/a><a data-hk=\"03112a45\" data-qa-article-links-box-href=\"https:\/\/www.bunte.de\/stars\/true\" href=\"https:\/\/www.bunte.de\/stars\/goodbye-deutschland-sendung-gibt-einblicke-in-letzte-wochen-von-urgestein-hasi_44e539da-3fa7-4e9d-ab16-f294a6205ecb.html\" rel=\"follow nofollow noopener\" target=\"_self\" class=\"LinkBox_Link row LinkBox_Link--Hidden\"><\/p>\n<p>&#8222;Goodbye Deutschland&#8220;-Sendung gibt Einblicke in letzte Wochen von Hasi<\/p>\n<p>Samstag, 02.08.2025 | 19:49<\/a>Michelle \u00fcber Partner Eric Philippi: &#8222;Es ist toll, das zu teilen, was man liebt.&#8220;<\/p>\n<p>Gesellig und sehr lebendig wird es beim &#8222;HeidiFest&#8220; wohl auf alle F\u00e4lle. Die Schlagers\u00e4ngerin schw\u00e4rmt auch vorab von dem gemeinsamen Auftritt mit ihrem Verlobten Philippi, <a href=\"https:\/\/www.bunte.de\/stars\/schlager\/schlagerstar-michelle-spricht-ueber-hochzeit-aussagen-sorgen-fuer-stirnrunzeln_b92bd72f-9b7e-4bed-aeb2-fe391600cd0d.html\" rel=\"follow nofollow noopener\" target=\"_self\">den Michelle so schnell nicht heiraten wird<\/a>. &#8222;Gemeinsam aufzutreten ist f\u00fcr uns immer etwas Besonderes&#8220;, schw\u00e4rmt Michelle. &#8222;Es ist toll, das zu teilen, was man liebt. Wir freuen uns auf die B\u00fchne und die Atmosph\u00e4re &#8211; was genau wir geplant haben, bleibt aber noch eine \u00dcberraschung.&#8220; Und diese \u00dcberraschung wird noch nicht verraten.\u00a0<\/p>\n<p>Vielleicht singen die beiden ja gemeinsam ein Lied aus dem kommenden Album &#8222;Fluchtlicht &#8211; Wahnsinnig Edition&#8220;. Die Sonderedition soll am 17. Oktober erscheinen und laut Pressemitteilung zehn neue Studio-Songs beinhalten.<\/p>\n<p>Dass das Paar sp\u00e4ter auch das echte Oktoberfest besucht, ist offenbar fraglich. &#8222;Wir \u00fcberlegen es uns&#8220;, sagt Michelle. &#8222;Wenn es zeitlich passt, schauen wir gerne mal vorbei, wahrscheinlich wird es aber zeitlich eher schwierig.&#8220;<\/p>\n","protected":false},"excerpt":{"rendered":"&#8222;HeidiFest&#8220; mit Starpower Heidi Klum \u00fcberrumpelt Michelle im Liebesurlaub mit Anfrage von spot on news 02.08.2025, 19:52 Uhr&hellip;\n","protected":false},"author":2,"featured_media":313235,"comment_status":"","ping_status":"","sticky":false,"template":"","format":"standard","meta":{"footnotes":""},"categories":[1776],"tags":[1801,29,214,30,1802,215],"class_list":{"0":"post-313961","1":"post","2":"type-post","3":"status-publish","4":"format-standard","5":"has-post-thumbnail","7":"category-prominente","8":"tag-celebrities","9":"tag-deutschland","10":"tag-entertainment","11":"tag-germany","12":"tag-prominente","13":"tag-unterhaltung"},"share_on_mastodon":{"url":"https:\/\/pubeurope.com\/@de\/114960665334516712","error":""},"_links":{"self":[{"href":"https:\/\/www.europesays.com\/de\/wp-json\/wp\/v2\/posts\/313961","targetHints":{"allow":["GET"]}}],"collection":[{"href":"https:\/\/www.europesays.com\/de\/wp-json\/wp\/v2\/posts"}],"about":[{"href":"https:\/\/www.europesays.com\/de\/wp-json\/wp\/v2\/types\/post"}],"author":[{"embeddable":true,"href":"https:\/\/www.europesays.com\/de\/wp-json\/wp\/v2\/users\/2"}],"replies":[{"embeddable":true,"href":"https:\/\/www.europesays.com\/de\/wp-json\/wp\/v2\/comments?post=313961"}],"version-history":[{"count":0,"href":"https:\/\/www.europesays.com\/de\/wp-json\/wp\/v2\/posts\/313961\/revisions"}],"wp:featuredmedia":[{"embeddable":true,"href":"https:\/\/www.europesays.com\/de\/wp-json\/wp\/v2\/media\/313235"}],"wp:attachment":[{"href":"https:\/\/www.europesays.com\/de\/wp-json\/wp\/v2\/media?parent=313961"}],"wp:term":[{"taxonomy":"category","embeddable":true,"href":"https:\/\/www.europesays.com\/de\/wp-json\/wp\/v2\/categories?post=313961"},{"taxonomy":"post_tag","embeddable":true,"href":"https:\/\/www.europesays.com\/de\/wp-json\/wp\/v2\/tags?post=313961"}],"curies":[{"name":"wp","href":"https:\/\/api.w.org\/{rel}","templated":true}]}}