{"id":313978,"date":"2025-08-02T18:57:11","date_gmt":"2025-08-02T18:57:11","guid":{"rendered":"https:\/\/www.europesays.com\/de\/313978\/"},"modified":"2025-08-02T18:57:11","modified_gmt":"2025-08-02T18:57:11","slug":"elektrogeraet-auf-keinen-fall-mehr-verwenden","status":"publish","type":"post","link":"https:\/\/www.europesays.com\/de\/313978\/","title":{"rendered":"Elektroger\u00e4t auf keinen Fall mehr verwenden"},"content":{"rendered":"<ol class=\"id-DonaldBreadcrumb lp_west_breadcrumb id-DonaldBreadcrumb--default\" data-k5a-pos=\"west_breadcrumb\">\n<li class=\"id-Breadcrumb-item\"><a href=\"https:\/\/www.ruhr24.de\/\" class=\"id-Breadcrumb-link\" data-id-ec=\"{\" shn=\"\" textlink=\"\" data-k5a-pos=\"1_ruhr24\" rel=\"nofollow noopener\" target=\"_blank\">ruhr24<\/a><\/li>\n<li class=\"id-Breadcrumb-item\"><a href=\"https:\/\/www.ruhr24.de\/service\/\" class=\"id-Breadcrumb-link\" data-id-ec=\"{\" shn=\"\" textlink=\"\" data-k5a-pos=\"2_service\" rel=\"nofollow noopener\" target=\"_blank\">Service<\/a><\/li>\n<li class=\"id-Breadcrumb-item\"><a href=\"https:\/\/www.ruhr24.de\/service\/rueckrufe-warnungen\/\" class=\"id-Breadcrumb-link\" data-id-ec=\"{\" shn=\"\" textlink=\"\" data-k5a-pos=\"3_rueckrufeWarnungen\" rel=\"nofollow noopener\" target=\"_blank\">R\u00fcckrufe\/Warnungen<\/a><\/li>\n<\/ol>\n<p class=\"id-Story-timestamp id-Story-timestamp--default\">Stand: 02.08.2025, 13:19 Uhr<\/p>\n<p class=\"id-Story-authors id-Story-authors--default\">Von: <a class=\"id-Story-authors-link lp_west_author\" href=\"https:\/\/www.ruhr24.de\/autor\/magnus-hoppe-epaiysi3r.html\" title=\"Zur Autorenseite von Magnus Hoppe\" data-id-ec=\"{\" shn=\"\" author-link=\"\" hoppe=\"\" data-k5a-pos=\"west_author\" rel=\"nofollow noopener\" target=\"_blank\">Magnus Hoppe<\/a><\/p>\n<p class=\"id-Story-interactionBar id-Story-interactionBar--default\">DruckenTeilen<\/p>\n<p><img decoding=\"async\" class=\"id-RatioPlaceholder-element wv_story_el_image\" src=\"https:\/\/www.europesays.com\/de\/wp-content\/uploads\/2025\/08\/39129647-frau-steckt-stecker-in-eine-steckdose-3hONQFvqVMfe.jpg\" loading=\"eager\" fetchpriority=\"high\"   height=\"619\" width=\"1100\" alt=\"Frau steckt Stecker in eine Steckdose.\"\/>Zahlreiche Steckdosen in Deutschland m\u00fcssen \u00fcberpr\u00fcft werden. \u00a9\u00a0wolterfoto\/Imago<\/p>\n<p class=\"id-StoryElement-leadText\">Ein Elektrohersteller warnt aktuell vor mehreren seiner Produkte. Es drohen k\u00f6rperliche Langzeitsch\u00e4den und sogar Lebensgefahr.<\/p>\n<p class=\"id-StoryElement-paragraph\">Dortmund \u2013 Jeder benutzt sie im Alltag: Steckdosen. In Haushalten mit Kindern sollten diese besonders gut gesch\u00fctzt sein. Doch nun warnt ein Hersteller dringend vor dem Gebrauch zahlreicher Modelle und leitet eine R\u00fcckrufaktion ein.<\/p>\n<p>Bundesweiter R\u00fcckruf: Elektroger\u00e4t blo\u00df nicht mehr verwenden<\/p>\n<p class=\"id-StoryElement-paragraph\">Die Busch-Jaeger Elektro GmbH ruft eine Vielzahl an Steckdosen mit Zusatz-Sicherheitsmechanismus zur\u00fcck. Modelle mit dem Ber\u00fchrungsschutz \u201eSafety+\u201c bergen laut Angaben des Herstellers ein erh\u00f6htes Risiko f\u00fcr Stromschl\u00e4ge. Die betroffenen Steckdosen sind seit 1. November 2024 im Handel \u2013 in Bau- und Elektronikm\u00e4rkten sowie Online (<a href=\"https:\/\/www.ruhr24.de\/service\/rueckrufe-warnungen\/aktuell-liste-lebensmittel-produkte-discounter-supermarkt-rewe-edeka-aldi-rueckgabe-rossmann-93371346.html\" class=\"id-import-Link\" data-id-ec=\"{&quot;sht&quot;:&quot;Container&quot;,&quot;shn&quot;:&quot;Story&quot;,&quot;p&quot;:{&quot;containerType&quot;:&quot;Paragraph&quot;,&quot;displayType&quot;:&quot;Paragraph InlineLink&quot;,&quot;type&quot;:&quot;INLINE_LINK&quot;,&quot;value&quot;:&quot;weitere aktuelle R&#xFC;ckrufe&quot;,&quot;variant&quot;:&quot;standardLink&quot;,&quot;sponsored&quot;:false,&quot;linkHref&quot;:&quot;https:\/\/www.ruhr24.de\/service\/rueckrufe-warnungen\/aktuell-liste-lebensmittel-produkte-discounter-supermarkt-rewe-edeka-aldi-rueckgabe-rossmann-93371346.html&quot;,&quot;storyElementPosition&quot;:12,&quot;storyElementCount&quot;:27}}\" rel=\"nofollow noopener\" target=\"_blank\">weitere aktuelle R\u00fcckrufe<\/a> gibt es bei RUHR24).<\/p>\n<p class=\"id-StoryElement-paragraph\">Bei den Steckdosen k\u00f6nnten Teile der Sicherheitsmechanik, die sogenannten \u201eShutter\u201c, blockieren und nicht mehr selbstst\u00e4ndig schlie\u00dfen. Stecken beispielsweise Kinder einen metallischen Gegenstand in die Steckdose, kann es einen Stromschlag geben, der zu dauerhaften k\u00f6rperlichen Sch\u00e4den f\u00fchrt. Im schlimmsten Fall droht Lebensgefahr, warnt das Unternehmen.<\/p>\n<p>Akuter Steckdosen-R\u00fcckruf: Diese Modelle sind betroffen<\/p>\n<p class=\"id-StoryElement-paragraph\">Die betroffenen Steckdosen mit dem Zusatz \u201eSafety+\u201c sind in verschiedenen Farben und Ausf\u00fchrungen verkauft worden. Eine vollst\u00e4ndige Liste stellt der Hersteller bereit (Excel-Datei <a href=\"https:\/\/www.busch-jaeger.de\/media\/1Relaunch_Webseite\/Produkte\/Produktbilder\/SCHUKO_Steckdose_Safety_Plus\/BuschJaeger_Rueckruf_Safety__Produktuebersicht.xlsx\" target=\"_blank\" class=\"id-import-Link id-pageApi-Link--externalDomain\" data-id-ec=\"{&quot;sht&quot;:&quot;Container&quot;,&quot;shn&quot;:&quot;Story&quot;,&quot;p&quot;:{&quot;containerType&quot;:&quot;Paragraph&quot;,&quot;displayType&quot;:&quot;Paragraph InlineLink&quot;,&quot;type&quot;:&quot;INLINE_LINK&quot;,&quot;value&quot;:&quot;hier&quot;,&quot;variant&quot;:&quot;standardLink&quot;,&quot;sponsored&quot;:false,&quot;linkHref&quot;:&quot;https:\/\/www.busch-jaeger.de\/media\/1Relaunch_Webseite\/Produkte\/Produktbilder\/SCHUKO_Steckdose_Safety_Plus\/BuschJaeger_Rueckruf_Safety__Produktuebersicht.xlsx&quot;,&quot;storyElementPosition&quot;:16,&quot;storyElementCount&quot;:27}}\" rel=\"nofollow noopener\">hier<\/a> herunterladen). Hier einmal eine \u00dcbersicht mit den wichtigsten Informationen zum R\u00fcckruf:<\/p>\n<ul class=\"id-StoryElement-list id-StoryElement-list--unordered\">\n<li class=\"id-StoryElement-list-item\"><strong>Betroffene Produkte: <\/strong>Steckdosen mit erh\u00f6htem Ber\u00fchrungsschutz \u201eSafety+\u201c der Busch-Jaeger Elektro GmbH<\/li>\n<li class=\"id-StoryElement-list-item\"><strong>Verkaufszeitraum: <\/strong>Seit 1. November 2024<\/li>\n<li class=\"id-StoryElement-list-item\"><strong>Vertriebswege:<\/strong> Elektronikfachhandel, Baum\u00e4rkte, diverse Online-Shops<\/li>\n<li class=\"id-StoryElement-list-item\"><strong>Betroffene Varianten:<\/strong> Diverse Farben und Ausf\u00fchrungen, insbesondere mit integriertem Kinderschutz<\/li>\n<\/ul>\n<p><img decoding=\"async\" class=\"id-RatioPlaceholder-element wv_story_el_image\" src=\"https:\/\/www.europesays.com\/de\/wp-content\/uploads\/2025\/08\/39129103-zurueckgerufene-steckdosen-der-busch-jaeger-elektro-gmbh-2lazv6D9I6fe.jpg\" loading=\"lazy\"   height=\"619\" width=\"1100\" alt=\"Zur&#xFC;ckgerufene Steckdosen der Busch-Jaeger Elektro GmbH.\"\/>Die Busch-Jaeger Elektro GmbH ruft verschiedene Steckdosenmodelle zur\u00fcck. (Beispielabbildungen) \u00a9\u00a0Busch-Jaeger Elektro GmbH<\/p>\n<p class=\"id-StoryElement-paragraph\">Eltern und Hausbesitzer sollen dringend vermeiden, dass Kinder oder andere gef\u00e4hrdete Personen die betroffenen Steckdosen nutzen. Normale Stecker k\u00f6nnten jedoch weiterhin in die Steckdosen gesteckt werden.<\/p>\n<p>Dringender R\u00fcckruf von Steckdosen: Kunden sollen Fachleute kontaktieren<\/p>\n<p class=\"id-StoryElement-paragraph\">Wer bereits eine der zur\u00fcckgerufenen Steckdosen der Busch-Jaeger Elektro GmbH bei sich Zuhause verbaut hat, sollte einen Elektroinstallateur kontaktieren. Dieser soll die Steckdose \u00fcberpr\u00fcfen und m\u00f6glicherweise austauschen. Verbraucher sollten die Steckdosen keinesfalls selbst ersetzen.<\/p>\n<p>XXL-R\u00fcckruf bei TEMU: Bilder zeigen 89 Produkte mit Sicherheitsrisiko<img decoding=\"async\" class=\"id-RatioPlaceholder-element wv_story_el_interstitialImage\" src=\"https:\/\/www.europesays.com\/de\/wp-content\/uploads\/2025\/08\/36740443-temu-logo-2bwWKR1marfe.jpg\" loading=\"lazy\"   height=\"4000\" width=\"6000\" alt=\"Temu Logo\"\/><a href=\"https:\/\/www.ruhr24.de\/service\/verbraucher-produkte-temu-rueckruf-warnung-sicherheitsbedenken-spielzeug-schmuck-kinder-93515866.html\" class=\"id-StoryElement-intestitialLink-link\" data-id-ec=\"{\" shn=\"\" ansehen=\"\" data-k5a-pos=\"west_story_23_photoGalleryLink\" title=\"Zur Fotostrecke: XXL-R&#xFC;ckruf bei TEMU: Bilder zeigen 89 Produkte mit Sicherheitsrisiko\" rel=\"nofollow noopener\" target=\"_blank\">Fotostrecke ansehen<\/a><\/p>\n<p class=\"id-StoryElement-paragraph\">Busch-Jaeger erkl\u00e4rt, dass noch nicht installierte Steckdosen an den H\u00e4ndler zur\u00fcckgegeben oder umgetauscht werden k\u00f6nnen. Kunden erhalten wahlweise einen Ersatz oder eine R\u00fcckerstattung des Kaufpreises.<\/p>\n<p>B\u00fcrger sollen ihr Umfeld auf Steckdosen-R\u00fcckruf aufmerksam machen<\/p>\n<p class=\"id-StoryElement-paragraph\">Busch-Jaeger ruft dazu auf, Verwandte, Freunde und Familie auf den aktuellen R\u00fcckruf aufmerksam zu machen. Bei weiteren Fragen zum R\u00fcckruf steht die Busch-Jaeger Elektro GmbH unter der Telefonnummer 02351\/956 1600 bereit. <\/p>\n","protected":false},"excerpt":{"rendered":"ruhr24 Service R\u00fcckrufe\/Warnungen Stand: 02.08.2025, 13:19 Uhr Von: Magnus Hoppe DruckenTeilen Zahlreiche Steckdosen in Deutschland m\u00fcssen \u00fcberpr\u00fcft werden.&hellip;\n","protected":false},"author":2,"featured_media":313979,"comment_status":"","ping_status":"","sticky":false,"template":"","format":"standard","meta":{"footnotes":""},"categories":[134],"tags":[175,170,169,29,30,171,174,173,172],"class_list":{"0":"post-313978","1":"post","2":"type-post","3":"status-publish","4":"format-standard","5":"has-post-thumbnail","7":"category-unternehmen-maerkte","8":"tag-business","9":"tag-companies","10":"tag-companies-markets","11":"tag-deutschland","12":"tag-germany","13":"tag-markets","14":"tag-maerkte","15":"tag-unternehmen","16":"tag-unternehmen-maerkte"},"share_on_mastodon":{"url":"https:\/\/pubeurope.com\/@de\/114960704828791619","error":""},"_links":{"self":[{"href":"https:\/\/www.europesays.com\/de\/wp-json\/wp\/v2\/posts\/313978","targetHints":{"allow":["GET"]}}],"collection":[{"href":"https:\/\/www.europesays.com\/de\/wp-json\/wp\/v2\/posts"}],"about":[{"href":"https:\/\/www.europesays.com\/de\/wp-json\/wp\/v2\/types\/post"}],"author":[{"embeddable":true,"href":"https:\/\/www.europesays.com\/de\/wp-json\/wp\/v2\/users\/2"}],"replies":[{"embeddable":true,"href":"https:\/\/www.europesays.com\/de\/wp-json\/wp\/v2\/comments?post=313978"}],"version-history":[{"count":0,"href":"https:\/\/www.europesays.com\/de\/wp-json\/wp\/v2\/posts\/313978\/revisions"}],"wp:featuredmedia":[{"embeddable":true,"href":"https:\/\/www.europesays.com\/de\/wp-json\/wp\/v2\/media\/313979"}],"wp:attachment":[{"href":"https:\/\/www.europesays.com\/de\/wp-json\/wp\/v2\/media?parent=313978"}],"wp:term":[{"taxonomy":"category","embeddable":true,"href":"https:\/\/www.europesays.com\/de\/wp-json\/wp\/v2\/categories?post=313978"},{"taxonomy":"post_tag","embeddable":true,"href":"https:\/\/www.europesays.com\/de\/wp-json\/wp\/v2\/tags?post=313978"}],"curies":[{"name":"wp","href":"https:\/\/api.w.org\/{rel}","templated":true}]}}