{"id":314677,"date":"2025-08-03T01:51:17","date_gmt":"2025-08-03T01:51:17","guid":{"rendered":"https:\/\/www.europesays.com\/de\/314677\/"},"modified":"2025-08-03T01:51:17","modified_gmt":"2025-08-03T01:51:17","slug":"wacken-open-air-2025-polizei-sanitaeter-und-veranstalter-zufrieden","status":"publish","type":"post","link":"https:\/\/www.europesays.com\/de\/314677\/","title":{"rendered":"Wacken Open Air 2025: Polizei, Sanit\u00e4ter und Veranstalter zufrieden"},"content":{"rendered":"<p>        <img decoding=\"async\" src=\"https:\/\/www.europesays.com\/de\/wp-content\/uploads\/2025\/08\/wacken-508.webp\" alt=\"Die gro\u00dfe B\u00fchne beim Wacken Open Air.\" title=\"Die gro\u00dfe B\u00fchne beim Wacken Open Air Festival mit vielen Fans in der Menge. | picture alliance\/dpa | Marcus Brandt\" class=\"responsive\"\/><\/p>\n<p>\n            Stand: 02.08.2025 18:15 Uhr<\/p>\n<p class=\"preface\">Guns N&#8216; Roses feierten ihre Premiere, &#8222;Matsch-Wacken&#8220; erlebte ein Comeback, die Verantwortlichen berichten von einem friedlichen Festival &#8211; eine Bilanz kurz vor Ende des Wacken Open Air 2025.<\/p>\n<p class=\"\">\nIn einem Punkt waren sich Polizei, Feuerwehr und Rettungsdienst am Sonnabendnachmittag einig: Es war ein ruhiges Wacken 2025. Bei der traditionellen gemeinsamen Pressekonferenz am letzten Tag erkl\u00e4rte der Chef der Polizeidirekten Itzehoe, Frank Matthiesen, das gemeinsame Verkehrskonzept habe funktioniert. Und: Die Straftaten w\u00e4ren Stand heute um rund 20 Prozent zur\u00fcckgegangen &#8211; von 86 auf 68. Au\u00dferdem gab es laut Matthiesen noch 150 sonstige Eins\u00e4tze, zum Beispiel Hilfeleistungen f\u00fcr verwirrte Personen. Deren Zahl sei gestiegen.<\/p>\n<p>    Rettungsdienst hatte auf Wacken &#8222;10 bis 15 Prozent weniger zu tun&#8220;<\/p>\n<p>                    <a href=\"https:\/\/www.europesays.com\/de\/wp-content\/uploads\/2025\/08\/jensen-104.webp\" class=\"zoomimage\" title=\"Bild vergr\u00f6\u00dfern\"><\/p>\n<p>        <img decoding=\"async\" src=\"https:\/\/www.europesays.com\/de\/wp-content\/uploads\/2025\/08\/jensen-104.webp\" alt=\"Wacken-Gr\u00fcnder Thomas Jensen h\u00e4lt seine H\u00e4nde zusammen vorm Gesicht bei einem Interview.\" title=\"Trotz viel Regen und Matsch: Thomas Jensen ist mit Wacken 2025 zufrieden. | NDR\" class=\"responsive\" loading=\"lazy\"\/><\/p>\n<p>                    <\/a><\/p>\n<p>                    Trotz viel Regen und Matsch: Thomas Jensen ist mit Wacken 2025 zufrieden.<\/p>\n<p class=\"\">\nVolker B\u00f6hm, Leiter des Fachbereichs Einsatzdienst bei der Rettungsdienst Kooperation Schleswig-Holstein sch\u00e4tzt, dass die etwa 1.000 Mitarbeitenden des Rettungsdienstes 10 bis 15 Prozent weniger zu tun hatten. Es sei alles &#8222;super professionell&#8220; gelaufen, die Zusammenarbeit mit der Klinik in <a href=\"https:\/\/www.ndr.de\/nachrichten\/schleswig-holstein\/Itzehoe,itzehoe456.html\" title=\"Itzehoe\" rel=\"nofollow noopener\" target=\"_blank\">Itzehoe<\/a> habe super funktioniert. Es seien 2.800 Menschen versorgt worden, 150 Fans seien in ein Krankenhaus gebracht worden, sagt Rettungsdienstleiter B\u00f6hm. Auch Amtswehrf\u00fchrer Matthias Venohr spricht von einem ruhigen Jahr. Es habe eher viele kleine Eins\u00e4tze gegeben, au\u00dferdem einen Kabelbrand bei einem Pkw.<\/p>\n<blockquote><p>\n        Wir k\u00f6nnen halt Matsch. K\u00f6nnen wir.<\/p>\n<p>                Veranstaltungsleiter Daniel Schlatter<\/p>\n<\/blockquote>\n<p class=\"\">\nWacken-Mitgr\u00fcnder Thomas Jensen zeigt sich ebenfalls zufrieden mit dem Verlauf des Festivals: &#8222;Das was die Fans geleistet haben &#8211; das sind unsere Heroes. (&#8230;) 2023, da waren die Heroes die, die nicht gekommen sind. Diesmal sind die Heroes alle, die da waren, die das hier in diesem Jahr echt m\u00f6glich gemacht haben.&#8220; Die Anreise sei entspannt verlaufen, erg\u00e4nzt Veranstaltungsleiter Daniel Schlatter.<\/p>\n<p>    Vor W:O:A-Abreise: Abschlepphaken am Auto montieren<\/p>\n<p class=\"\">\nNoch ist das Festival aber nicht zu Ende, noch bekommen die Wacken-Fans am Abend zahlreiche Konzerte geboten. In der Nacht rechnet Mitgr\u00fcnder Jensen dann mit viel Regen und einer entsprechend schwierigen Abreise-Situation. &#8222;Die Abreise wird wahrscheinlich hart&#8220;, stellt Jensen n\u00fcchtern fest.<\/p>\n<p class=\"\">\nMetalheads sollen sich auf die Abreise vorbereiten: Wer mit dem Auto im Schlamm feststeckt, muss laut Veranstalter einen Abschlepphaken montieren &#8211; und dem Abschleppen aus Haftungsgr\u00fcnden vor Ort zustimmen. Das Abschleppen erfolgt kostenlos durch 30 W:O:A-Trecker. Veranstaltungsleiter Daniel Schlatter appelliert aber an die Fans, es zun\u00e4chst selbst zu versuchen. Jeder Traktoreinsatz zerst\u00f6re den Boden. Wer abreist, soll sich an die von den Veranstalter geplanten Routen halten, erkl\u00e4rt die Polizei.<\/p>\n<p>        <img decoding=\"async\" src=\"https:\/\/www.europesays.com\/de\/wp-content\/uploads\/2025\/08\/wacken-424.webp\" alt=\"Das matschige Wacken Festivalgel\u00e4nde ohne Besucherinnen und Besucher\" title=\"Das matschige Wacken Festivalgel\u00e4nde ohne Besucherinnen und Besucher | NDR, J\u00f6rn Zahlmann\" class=\"responsive\" loading=\"lazy\"\/><\/p>\n<p>Das Wacken Open Air geht in diesem Jahr vom 30. Juli bis zum 2. August. Alle Infos zum 34. W:O:A 2025 in unserem Liveblog.<\/p>\n<p>        <img decoding=\"async\" src=\"https:\/\/www.europesays.com\/de\/wp-content\/uploads\/2025\/07\/1753891519_470_wacken-170.webp\" alt=\"auf dem Wacken-Festival macht ein Fan Stagediving.\" title=\"auf dem Wacken-Festival macht ein Fan Stagediving. | IMAGO \/ Dirk Jacobs\" class=\"responsive\" loading=\"lazy\"\/><\/p>\n<p>Das Heavy-Metal-Festival im Kreis Steinburg ist ausverkauft. Headliner beim Wacken Open Air 2025 sind Guns N&#8216; Roses.<\/p>\n<p>        <img decoding=\"async\" src=\"https:\/\/www.europesays.com\/de\/wp-content\/uploads\/2025\/07\/1753854316_886_wacken6382.webp\" alt=\"Wacken: Das Festival-Logo gefertigt aus gro\u00dfen Metallbuchstaben, steht auf einer Wiese.\" title=\"Wacken: Das Festival-Logo gefertigt aus gro\u00dfen Metallbuchstaben, steht auf einer Wiese. | dpa, Axel Heimken\" class=\"responsive\" loading=\"lazy\"\/><\/p>\n<p>Es ist das gr\u00f6\u00dfte Metal-Festival der Welt: Das Wacken Open Air lockt jedes Jahr 75.000 Besucher in das kleine Dorf im Norden. <\/p>\n","protected":false},"excerpt":{"rendered":"Stand: 02.08.2025 18:15 Uhr Guns N&#8216; Roses feierten ihre Premiere, &#8222;Matsch-Wacken&#8220; erlebte ein Comeback, die Verantwortlichen berichten von&hellip;\n","protected":false},"author":2,"featured_media":314678,"comment_status":"","ping_status":"","sticky":false,"template":"","format":"standard","meta":{"footnotes":""},"categories":[155],"tags":[2217,29,214,5561,30,29917,215,78403,80624,87557],"class_list":{"0":"post-314677","1":"post","2":"type-post","3":"status-publish","4":"format-standard","5":"has-post-thumbnail","7":"category-unterhaltung","8":"tag-bilanz","9":"tag-deutschland","10":"tag-entertainment","11":"tag-festival","12":"tag-germany","13":"tag-kreis-steinburg","14":"tag-unterhaltung","15":"tag-wacken","16":"tag-wacken-open-air","17":"tag-woa"},"share_on_mastodon":{"url":"https:\/\/pubeurope.com\/@de\/114962332730324117","error":""},"_links":{"self":[{"href":"https:\/\/www.europesays.com\/de\/wp-json\/wp\/v2\/posts\/314677","targetHints":{"allow":["GET"]}}],"collection":[{"href":"https:\/\/www.europesays.com\/de\/wp-json\/wp\/v2\/posts"}],"about":[{"href":"https:\/\/www.europesays.com\/de\/wp-json\/wp\/v2\/types\/post"}],"author":[{"embeddable":true,"href":"https:\/\/www.europesays.com\/de\/wp-json\/wp\/v2\/users\/2"}],"replies":[{"embeddable":true,"href":"https:\/\/www.europesays.com\/de\/wp-json\/wp\/v2\/comments?post=314677"}],"version-history":[{"count":0,"href":"https:\/\/www.europesays.com\/de\/wp-json\/wp\/v2\/posts\/314677\/revisions"}],"wp:featuredmedia":[{"embeddable":true,"href":"https:\/\/www.europesays.com\/de\/wp-json\/wp\/v2\/media\/314678"}],"wp:attachment":[{"href":"https:\/\/www.europesays.com\/de\/wp-json\/wp\/v2\/media?parent=314677"}],"wp:term":[{"taxonomy":"category","embeddable":true,"href":"https:\/\/www.europesays.com\/de\/wp-json\/wp\/v2\/categories?post=314677"},{"taxonomy":"post_tag","embeddable":true,"href":"https:\/\/www.europesays.com\/de\/wp-json\/wp\/v2\/tags?post=314677"}],"curies":[{"name":"wp","href":"https:\/\/api.w.org\/{rel}","templated":true}]}}