{"id":314821,"date":"2025-08-03T03:17:16","date_gmt":"2025-08-03T03:17:16","guid":{"rendered":"https:\/\/www.europesays.com\/de\/314821\/"},"modified":"2025-08-03T03:17:16","modified_gmt":"2025-08-03T03:17:16","slug":"bakterien-in-beliebter-wiltmann-marke-entdeckt","status":"publish","type":"post","link":"https:\/\/www.europesays.com\/de\/314821\/","title":{"rendered":"Bakterien in beliebter Wiltmann-Marke entdeckt"},"content":{"rendered":"<p class=\"font-sans font-medium\">Berlin. In Salami-Produkten, die es bei Edeka, Netto, Kaufland und Co. gibt, wurden E.Coli-Bakterien entdeckt. Das m\u00fcssen Verbraucher wissen.<\/p>\n<p>       Zusammenfassung <\/p>\n<ul class=\"m-0 mt-4 pl-5 text-body2\">\n<li>E.Coli-Bakterien wurden in der \u201eRein Rind Salami\u201c der Firma Franz Wiltmann GmbH &amp; Co. KG nachgewiesen<\/li>\n<li>Die betroffenen Salami-Packungen sollten nicht verzehrt werden <\/li>\n<li>Der R\u00fcckruf betrifft bundesweit verkaufte Produkte, unter anderem bei Edeka, Kaufland und Netto<\/li>\n<\/ul>\n<p>Salami-Liebhaber aufgepasst: Bei einer Untersuchung einer Rinder-Salami der Firma Franz Wiltmann GmbH &amp; Co. KG wurden E.Coli-Bakterien nachgewiesen. Die Bakterien k\u00f6nnen <a href=\"https:\/\/www.morgenpost.de\/ratgeber-wissen\/krankheit\/\" data-category-full-path=\"https:\/\/www.morgenpost.de\/ratgeber-wissen\/\" data-paid-status=\"free\" data-article-publish-date=\"1688030003\" rel=\"nofollow noopener\" target=\"_blank\">Magen-Darm<\/a> verursachen und sind besonders f\u00fcr Schwangere, Kinder, Senioren und Menschen mit geschw\u00e4chten Immunsystem gef\u00e4hrlich.<\/p>\n<p>   Ein FUNKE Liebe<\/p>\n<p class=\"text-body2 mt-2\">Alle zwei Wochen sonntags: Antworten auf Beziehungsfragen \u2013 ehrlich, nah und alltagstauglich.<\/p>\n<p class=\"text-caption text-copy-secondary\">\n          Mit meiner Anmeldung zum Newsletter stimme ich der<br \/>\n          <a href=\"https:\/\/www.morgenpost.de\/service\/newsletter-adconsent\" class=\"text-overline text-copy-accent-negative dark:underline\" rel=\"nofollow noopener\" target=\"_blank\">Werbevereinbarung<\/a><br \/>\n          zu.\n        <\/p>\n<p>Die \u201eWiltmann Rein Rind Salami\u201c in der 70-Gramm-Packung mit der Chargennummer L2517700010 wird nun vorsorglich zur\u00fcckgerufen, wie die Seite \u201elebensmittelwarnung.de\u201c berichtet. Betroffen sind Packungen mit dem Mindesthaltbarkeitsdaten 14.08.2025, 21.08.2025 und 25.08.2025. <\/p>\n<p>   Salami-R\u00fcckruf: Das sollten Kunden \u00fcberpr\u00fcfen  <\/p>\n<p>Wer die Chargennummer auf einer Packung der Salami zu Hause findet, sollte das Produkt nicht verzehren. Der Hersteller erkl\u00e4rt auf seiner Webseite: \u201eDas Produkt kann am Ort des Kaufes zur\u00fcckgegeben werden. Der Kaufpreis wird selbstverst\u00e4ndlich erstattet, auch ohne Vorlage des Kassenbons.\u201c<\/p>\n<p>Die Salami wurde bundesweit verkauft, unter anderem bei <a href=\"https:\/\/www.morgenpost.de\/wirtschaft\/edeka\/\" data-category-full-path=\"https:\/\/www.morgenpost.de\/wirtschaft\/\" data-paid-status=\"free\" data-article-publish-date=\"1653642119\" rel=\"nofollow noopener\" target=\"_blank\">Edeka<\/a>, <a href=\"https:\/\/www.morgenpost.de\/wirtschaft\/kaufland\/\" data-category-full-path=\"https:\/\/www.morgenpost.de\/wirtschaft\/\" data-paid-status=\"free\" data-article-publish-date=\"1653642469\" rel=\"nofollow noopener\" target=\"_blank\">Kaufland<\/a> und <a href=\"https:\/\/www.morgenpost.de\/wirtschaft\/netto\/\" data-category-full-path=\"https:\/\/www.morgenpost.de\/wirtschaft\/\" data-paid-status=\"free\" data-article-publish-date=\"1653642637\" rel=\"nofollow noopener\" target=\"_blank\">Netto<\/a>. Weitere Chargen und andere Produkte seien hingegen nicht betroffen, so der Hersteller weiter. <\/p>\n<p rel=\"author\" class=\"text-brand\">emi<\/p>\n","protected":false},"excerpt":{"rendered":"Berlin. In Salami-Produkten, die es bei Edeka, Netto, Kaufland und Co. gibt, wurden E.Coli-Bakterien entdeckt. Das m\u00fcssen Verbraucher&hellip;\n","protected":false},"author":2,"featured_media":314822,"comment_status":"","ping_status":"","sticky":false,"template":"","format":"standard","meta":{"footnotes":""},"categories":[134],"tags":[175,170,169,29,30,171,174,173,172],"class_list":{"0":"post-314821","1":"post","2":"type-post","3":"status-publish","4":"format-standard","5":"has-post-thumbnail","7":"category-unternehmen-maerkte","8":"tag-business","9":"tag-companies","10":"tag-companies-markets","11":"tag-deutschland","12":"tag-germany","13":"tag-markets","14":"tag-maerkte","15":"tag-unternehmen","16":"tag-unternehmen-maerkte"},"share_on_mastodon":{"url":"https:\/\/pubeurope.com\/@de\/114962671070998895","error":""},"_links":{"self":[{"href":"https:\/\/www.europesays.com\/de\/wp-json\/wp\/v2\/posts\/314821","targetHints":{"allow":["GET"]}}],"collection":[{"href":"https:\/\/www.europesays.com\/de\/wp-json\/wp\/v2\/posts"}],"about":[{"href":"https:\/\/www.europesays.com\/de\/wp-json\/wp\/v2\/types\/post"}],"author":[{"embeddable":true,"href":"https:\/\/www.europesays.com\/de\/wp-json\/wp\/v2\/users\/2"}],"replies":[{"embeddable":true,"href":"https:\/\/www.europesays.com\/de\/wp-json\/wp\/v2\/comments?post=314821"}],"version-history":[{"count":0,"href":"https:\/\/www.europesays.com\/de\/wp-json\/wp\/v2\/posts\/314821\/revisions"}],"wp:featuredmedia":[{"embeddable":true,"href":"https:\/\/www.europesays.com\/de\/wp-json\/wp\/v2\/media\/314822"}],"wp:attachment":[{"href":"https:\/\/www.europesays.com\/de\/wp-json\/wp\/v2\/media?parent=314821"}],"wp:term":[{"taxonomy":"category","embeddable":true,"href":"https:\/\/www.europesays.com\/de\/wp-json\/wp\/v2\/categories?post=314821"},{"taxonomy":"post_tag","embeddable":true,"href":"https:\/\/www.europesays.com\/de\/wp-json\/wp\/v2\/tags?post=314821"}],"curies":[{"name":"wp","href":"https:\/\/api.w.org\/{rel}","templated":true}]}}