{"id":315006,"date":"2025-08-03T05:00:43","date_gmt":"2025-08-03T05:00:43","guid":{"rendered":"https:\/\/www.europesays.com\/de\/315006\/"},"modified":"2025-08-03T05:00:43","modified_gmt":"2025-08-03T05:00:43","slug":"nimmt-die-scheuren-anbindung-an-die-solinger-viehbachtalstrasse-jetzt-fahrt-auf","status":"publish","type":"post","link":"https:\/\/www.europesays.com\/de\/315006\/","title":{"rendered":"Nimmt die Scheuren-Anbindung an die Solinger Viehbachtalstra\u00dfe jetzt Fahrt auf?"},"content":{"rendered":"<p class=\"small date article__date\">Ver\u00f6ffentlicht:\u00a0Samstag, 02.08.2025 06:25<\/p>\n<p>In Solingen steht die Anbindung des Gewerbegebiets Scheuren an die Viehbachtalstra\u00dfe erneut im Fokus. <\/p>\n<p><img decoding=\"async\" alt=\"\" src=\"https:\/\/www.europesays.com\/de\/wp-content\/uploads\/2025\/08\/viehbachtalstrasse-1a.jpg&#038;crop=0x103x1200x750&#038;resize=1200x750&#038;dt=202111110904140.jpeg\" data-size=\"1200x750\"\/>\u00a9 Radio RSG<\/p>\n<p>Es geht um eine neue Auf- und Abfahrt, die den Verkehr rund um das Gebiet deutlich entlasten soll. Die FDP dr\u00e4ngt darauf, dass das Vorhaben jetzt schnell umgesetzt wird, denn die fehlende Verbindung sorge f\u00fcr Staus vor allem im LKW-Verkehr. Gefordert wird, dass die Stadt z\u00fcgig mit Stra\u00dfen.NRW zusammenarbeitet und F\u00f6rdergelder aus dem Bundes-Infrastrukturpaket nutzt. Die Stadt weist darauf hin, dass die Viehbachtalstra\u00dfe nicht in ihrer Hand liegt, sondern dem Landesbetrieb Stra\u00dfen.NRW geh\u00f6rt. Daher m\u00fcssen alle Planungen abgestimmt werden. Wegen Personalengp\u00e4ssen kam es zuletzt zu Verz\u00f6gerungen. Inzwischen sei das Team wieder vollz\u00e4hlig, und in der zweiten Jahresh\u00e4lfte soll eine neue Planskizze entstehen. Diese soll Grundlage f\u00fcr weitere Gespr\u00e4che und den notwendigen Grunderwerb sein. (so)<\/p>\n","protected":false},"excerpt":{"rendered":"Ver\u00f6ffentlicht:\u00a0Samstag, 02.08.2025 06:25 In Solingen steht die Anbindung des Gewerbegebiets Scheuren an die Viehbachtalstra\u00dfe erneut im Fokus. \u00a9&hellip;\n","protected":false},"author":2,"featured_media":315007,"comment_status":"","ping_status":"","sticky":false,"template":"","format":"standard","meta":{"footnotes":""},"categories":[1840],"tags":[90141,90140,46904,3364,29,30,1209,4418],"class_list":{"0":"post-315006","1":"post","2":"type-post","3":"status-publish","4":"format-standard","5":"has-post-thumbnail","7":"category-wuppertal","8":"tag-gewerbegebiet-scheuren","9":"tag-viehbachtalstrae","10":"tag-anbindung","11":"tag-de","12":"tag-deutschland","13":"tag-germany","14":"tag-nordrhein-westfalen","15":"tag-wuppertal"},"share_on_mastodon":{"url":"https:\/\/pubeurope.com\/@de\/114963076099836579","error":""},"_links":{"self":[{"href":"https:\/\/www.europesays.com\/de\/wp-json\/wp\/v2\/posts\/315006","targetHints":{"allow":["GET"]}}],"collection":[{"href":"https:\/\/www.europesays.com\/de\/wp-json\/wp\/v2\/posts"}],"about":[{"href":"https:\/\/www.europesays.com\/de\/wp-json\/wp\/v2\/types\/post"}],"author":[{"embeddable":true,"href":"https:\/\/www.europesays.com\/de\/wp-json\/wp\/v2\/users\/2"}],"replies":[{"embeddable":true,"href":"https:\/\/www.europesays.com\/de\/wp-json\/wp\/v2\/comments?post=315006"}],"version-history":[{"count":0,"href":"https:\/\/www.europesays.com\/de\/wp-json\/wp\/v2\/posts\/315006\/revisions"}],"wp:featuredmedia":[{"embeddable":true,"href":"https:\/\/www.europesays.com\/de\/wp-json\/wp\/v2\/media\/315007"}],"wp:attachment":[{"href":"https:\/\/www.europesays.com\/de\/wp-json\/wp\/v2\/media?parent=315006"}],"wp:term":[{"taxonomy":"category","embeddable":true,"href":"https:\/\/www.europesays.com\/de\/wp-json\/wp\/v2\/categories?post=315006"},{"taxonomy":"post_tag","embeddable":true,"href":"https:\/\/www.europesays.com\/de\/wp-json\/wp\/v2\/tags?post=315006"}],"curies":[{"name":"wp","href":"https:\/\/api.w.org\/{rel}","templated":true}]}}