{"id":315300,"date":"2025-08-03T07:55:22","date_gmt":"2025-08-03T07:55:22","guid":{"rendered":"https:\/\/www.europesays.com\/de\/315300\/"},"modified":"2025-08-03T07:55:22","modified_gmt":"2025-08-03T07:55:22","slug":"frankreich-unbekannte-attackieren-offenbar-145-menschen-mit-spritzen","status":"publish","type":"post","link":"https:\/\/www.europesays.com\/de\/315300\/","title":{"rendered":"Frankreich: Unbekannte attackieren offenbar 145 Menschen mit Spritzen"},"content":{"rendered":"<p class=\"metatextline\">Stand: 23.06.2025 13:06 Uhr<\/p>\n<p class=\"textabsatz columns twelve  m-ten  m-offset-one l-eight l-offset-two\">\n        <strong>Die Opfer berichten \u00fcber Einstiche am Bein, Arm oder im Nacken: Vor allem Frauen wurden bei Festivals in Frankreich von Unbekannten mit Nadeln und Spritzen attackiert. Ob Drogen injiziert wurden &#8211; und welche &#8211; ist unklar. <\/strong>\n    <\/p>\n<p>                                        <a class=\"authorline__link\" href=\"https:\/\/www.tagesschau.de\/korrespondenten\/julia-borutta-103.html\" rel=\"nofollow noopener\" target=\"_blank\"><br \/>\n                                            <img decoding=\"async\" class=\"authorline__img\" alt=\"Julia Borutta\" src=\"https:\/\/www.europesays.com\/de\/wp-content\/uploads\/2025\/08\/julia-borutta-101.jpg\"\/><br \/>\n                                        <\/a><\/p>\n<p class=\"textabsatz m-ten m-offset-one l-eight l-offset-two columns twelve\">\nDie ausgelassene Stimmung am Samstag bei der F\u00eate de la Musique, die in diesem Jahr besonders viele Menschen angezogen hat, wurde \u00fcberschattet von zahlreichen Attacken mit Spritzen oder Nadeln. Wie das Innenministerium am Sonntag mitteilte, erstatteten landesweit 145 Opfer Anzeige, 21 davon allein in Paris und im Umkreis der franz\u00f6sischen Hauptstadt. \u00a0<\/p>\n<p class=\"textabsatz m-ten m-offset-one l-eight l-offset-two columns twelve\">\nAber auch in kleineren Orten kam es zu Dutzenden \u00dcbergriffen. Medienberichten zufolge nahm die Polizei etwa in dem St\u00e4dtchen Angoul\u00eame im Westen von Frankreich zwei mutma\u00dfliche T\u00e4ter fest, die insgesamt 50 Personen mit Spritzen oder Nadeln gestochen haben sollen. Auch im Osten des Landes bei Metz wurden zahlreiche Personen Opfer von Attacken, vorwiegend Frauen, aber nicht ausschlie\u00dflich.<\/p>\n<p>    \u00dcbelkeit, Schwindel und Erbrechen<\/p>\n<p class=\"textabsatz m-ten m-offset-one l-eight l-offset-two columns twelve\">\nNoch ist v\u00f6llig unklar, wer dahintersteckt. Franz\u00f6sische Medien berichten, dass es im Vorfeld der F\u00eate de la Musique Aufrufe im Netz gegeben haben soll, Frauen zu stechen. Ob es sich um eine konzertierte Aktion handelt, ist aber noch nicht gekl\u00e4rt. Die Opfer berichten \u00fcber Einstiche am Bein, Arm oder im Nacken. Die meisten klagen \u00fcber \u00dcbelkeit, Schwindel und Erbrechen.<\/p>\n<p class=\"textabsatz m-ten m-offset-one l-eight l-offset-two columns twelve\">\nBislang gibt es noch keine Angaben dar\u00fcber, was sich in den Spritzen befand. Handelt es sich um Drogen wie Liquid Ecstasy oder vielleicht um k\u00f6rpereigene Substanzen wie Adrenalin oder Insulin? Gibt es gar T\u00e4ter, die gar nichts injizierten, sondern mit einfachen Nadeln Angst machen wollten?<\/p>\n<p class=\"textabsatz m-ten m-offset-one l-eight l-offset-two columns twelve\">\nDiese Frage k\u00f6nne oft nicht gekl\u00e4rt werden, berichten die Spezialisten im Krankenhaus von Dijon, weil sich die Opfer erst Stunden nach dem Angriff bei Krankenh\u00e4usern melden, und die Stoffe so nicht mehr nachweisbar sind.<\/p>\n<p>    \u00c4hnliche Vorf\u00e4lle im Jahr 2022<\/p>\n<p class=\"textabsatz m-ten m-offset-one l-eight l-offset-two columns twelve\">\nKulturministerin Rachida Dati zeigte sich emp\u00f6rt \u00fcber die Vorf\u00e4lle: &#8222;Bei jeder Feierlichkeit in Paris eskaliert die Lage! Frauen k\u00f6nnen nicht mehr feiern, ohne angegriffen zu werden!&#8220; schrieb sie auf X.<\/p>\n<p class=\"textabsatz m-ten m-offset-one l-eight l-offset-two columns twelve\">\nDie Attacken auf der F\u00eate de la Musique sind eine Art D\u00e9j\u00e0-Vu im Kleinen und erinnern an die sogenannten &#8222;piq\u00fbres sauvages&#8220;, die in Frankreich schon vor drei Jahren f\u00fcr Aufregung gesorgt hatten. Im Jahr 2022 hatten insgesamt 2.000 Opfer von solchen &#8222;wilden Stechattacken&#8220; Anzeigen erstattet. Ort des Geschehens waren damals vor allem Nachtklubs.<\/p>\n","protected":false},"excerpt":{"rendered":"Stand: 23.06.2025 13:06 Uhr Die Opfer berichten \u00fcber Einstiche am Bein, Arm oder im Nacken: Vor allem Frauen&hellip;\n","protected":false},"author":2,"featured_media":315301,"comment_status":"","ping_status":"","sticky":false,"template":"","format":"standard","meta":{"footnotes":""},"categories":[3974],"tags":[331,332,548,663,3934,3980,156,13,14,15,12,37947],"class_list":{"0":"post-315300","1":"post","2":"type-post","3":"status-publish","4":"format-standard","5":"has-post-thumbnail","7":"category-frankreich","8":"tag-aktuelle-nachrichten","9":"tag-aktuelle-news","10":"tag-eu","11":"tag-europa","12":"tag-europe","13":"tag-france","14":"tag-frankreich","15":"tag-headlines","16":"tag-nachrichten","17":"tag-news","18":"tag-schlagzeilen","19":"tag-spritzen"},"share_on_mastodon":{"url":"https:\/\/pubeurope.com\/@de\/114963763927161659","error":""},"_links":{"self":[{"href":"https:\/\/www.europesays.com\/de\/wp-json\/wp\/v2\/posts\/315300","targetHints":{"allow":["GET"]}}],"collection":[{"href":"https:\/\/www.europesays.com\/de\/wp-json\/wp\/v2\/posts"}],"about":[{"href":"https:\/\/www.europesays.com\/de\/wp-json\/wp\/v2\/types\/post"}],"author":[{"embeddable":true,"href":"https:\/\/www.europesays.com\/de\/wp-json\/wp\/v2\/users\/2"}],"replies":[{"embeddable":true,"href":"https:\/\/www.europesays.com\/de\/wp-json\/wp\/v2\/comments?post=315300"}],"version-history":[{"count":0,"href":"https:\/\/www.europesays.com\/de\/wp-json\/wp\/v2\/posts\/315300\/revisions"}],"wp:featuredmedia":[{"embeddable":true,"href":"https:\/\/www.europesays.com\/de\/wp-json\/wp\/v2\/media\/315301"}],"wp:attachment":[{"href":"https:\/\/www.europesays.com\/de\/wp-json\/wp\/v2\/media?parent=315300"}],"wp:term":[{"taxonomy":"category","embeddable":true,"href":"https:\/\/www.europesays.com\/de\/wp-json\/wp\/v2\/categories?post=315300"},{"taxonomy":"post_tag","embeddable":true,"href":"https:\/\/www.europesays.com\/de\/wp-json\/wp\/v2\/tags?post=315300"}],"curies":[{"name":"wp","href":"https:\/\/api.w.org\/{rel}","templated":true}]}}