{"id":315509,"date":"2025-08-03T09:54:10","date_gmt":"2025-08-03T09:54:10","guid":{"rendered":"https:\/\/www.europesays.com\/de\/315509\/"},"modified":"2025-08-03T09:54:10","modified_gmt":"2025-08-03T09:54:10","slug":"berlin-brandenburg-82-jaehriger-stirbt-bei-explosion-in-mehrfamilienhaus","status":"publish","type":"post","link":"https:\/\/www.europesays.com\/de\/315509\/","title":{"rendered":"Berlin &#038; Brandenburg: 82-J\u00e4hriger stirbt bei Explosion in Mehrfamilienhaus"},"content":{"rendered":"<p>                    Berlin &amp; Brandenburg<br \/>\n                82-J\u00e4hriger stirbt bei Explosion in Mehrfamilienhaus<\/p>\n<p>\t\t\t\t              03.08.2025, 11:41 Uhr<\/p>\n<p><strong>Ein gef\u00e4hrlicher Gegenstand explodiert in einer Wohnung in Gropiusstadt. Der 82 Jahre alte Bewohner stirbt, das Haus wird evakuiert. Die Hintergr\u00fcnde sind unklar.<\/strong><\/p>\n<p>Berlin (dpa\/bb) &#8211; Bei einer Explosion in einer Wohnung in Berlin-Neuk\u00f6lln ist ein 82 Jahre alter Mann ums Leben gekommen. Die Bewohnerinnen und Bewohner des Mehrfamilienhauses in Gropiusstadt h\u00e4tten in der Nacht auf Sonntag einen lauten Knall geh\u00f6rt und die Einsatzkr\u00e4fte alarmiert, wie die Polizei mitteilte. In der Wohnung fanden die Beamten den Toten. Explodiert sei ersten Erkenntnissen zufolge ein gef\u00e4hrlicher Gegenstand, hie\u00df es.\u00a0<\/p>\n<p>Um was f\u00fcr einen Gegenstand es sich gehandelt hat und wie es zu der Explosion kam, blieb offen. Durch die Wucht der Explosion seien die Fenster in der Wohnung zerborsten. Das Haus wurde evakuiert. Die Bewohnerinnen und Bewohner kamen f\u00fcr die Dauer des Einsatzes in einem Betreuungsbus unter. Weitere gef\u00e4hrliche Gegenst\u00e4nde fanden die Einsatzkr\u00e4fte den Angaben zufolge aber nicht in der Wohnung des Mannes.<\/p>\n","protected":false},"excerpt":{"rendered":"Berlin &amp; Brandenburg 82-J\u00e4hriger stirbt bei Explosion in Mehrfamilienhaus 03.08.2025, 11:41 Uhr Ein gef\u00e4hrlicher Gegenstand explodiert in einer&hellip;\n","protected":false},"author":2,"featured_media":315510,"comment_status":"","ping_status":"","sticky":false,"template":"","format":"standard","meta":{"footnotes":""},"categories":[1816],"tags":[1960,1958,1959,1957,296,1956,1890,29,2805,30,12182],"class_list":{"0":"post-315509","1":"post","2":"type-post","3":"status-publish","4":"format-standard","5":"has-post-thumbnail","7":"category-brandenburg","8":"tag-aktuelle-nachrichten-aus-berlin-und-brandenburg","9":"tag-aktuelle-nachrichten-aus-brandenburg","10":"tag-aktuelle-news-aus-berlin-und-brandenburg","11":"tag-aktuelle-news-aus-brandenburg","12":"tag-berlin","13":"tag-berlin-und-brandenburg","14":"tag-brandenburg","15":"tag-deutschland","16":"tag-explosion","17":"tag-germany","18":"tag-mehrfamilienhaus"},"share_on_mastodon":{"url":"https:\/\/pubeurope.com\/@de\/114964231958181260","error":""},"_links":{"self":[{"href":"https:\/\/www.europesays.com\/de\/wp-json\/wp\/v2\/posts\/315509","targetHints":{"allow":["GET"]}}],"collection":[{"href":"https:\/\/www.europesays.com\/de\/wp-json\/wp\/v2\/posts"}],"about":[{"href":"https:\/\/www.europesays.com\/de\/wp-json\/wp\/v2\/types\/post"}],"author":[{"embeddable":true,"href":"https:\/\/www.europesays.com\/de\/wp-json\/wp\/v2\/users\/2"}],"replies":[{"embeddable":true,"href":"https:\/\/www.europesays.com\/de\/wp-json\/wp\/v2\/comments?post=315509"}],"version-history":[{"count":0,"href":"https:\/\/www.europesays.com\/de\/wp-json\/wp\/v2\/posts\/315509\/revisions"}],"wp:featuredmedia":[{"embeddable":true,"href":"https:\/\/www.europesays.com\/de\/wp-json\/wp\/v2\/media\/315510"}],"wp:attachment":[{"href":"https:\/\/www.europesays.com\/de\/wp-json\/wp\/v2\/media?parent=315509"}],"wp:term":[{"taxonomy":"category","embeddable":true,"href":"https:\/\/www.europesays.com\/de\/wp-json\/wp\/v2\/categories?post=315509"},{"taxonomy":"post_tag","embeddable":true,"href":"https:\/\/www.europesays.com\/de\/wp-json\/wp\/v2\/tags?post=315509"}],"curies":[{"name":"wp","href":"https:\/\/api.w.org\/{rel}","templated":true}]}}