{"id":315521,"date":"2025-08-03T10:00:12","date_gmt":"2025-08-03T10:00:12","guid":{"rendered":"https:\/\/www.europesays.com\/de\/315521\/"},"modified":"2025-08-03T10:00:12","modified_gmt":"2025-08-03T10:00:12","slug":"familie-beckham-die-besten-fotos-von-david-victoria-und-ihren-kindern","status":"publish","type":"post","link":"https:\/\/www.europesays.com\/de\/315521\/","title":{"rendered":"Familie Beckham: Die besten Fotos von David, Victoria und ihren Kindern"},"content":{"rendered":"<p class=\"text-element u-richtext u-typo u-typo--article-text gallery__text-element text-element--context-gallery\"> Die Beckhams sind eine Klasse f\u00fcr sich. <a class=\"link--person\" data-target-type=\"article\" href=\"https:\/\/www.gala.de\/stars\/starportraets\/david-beckham-20511378.html\" rel=\"nofollow noopener\" target=\"_blank\">David Beckham<\/a>, ehemaliger gefeierter Fu\u00dfballprofi wird heute f\u00fcr sein unheimlich gutes Aussehen bewundert und angehimmelt. An seiner Seite <a class=\"link--person\" data-target-type=\"article\" href=\"https:\/\/www.gala.de\/stars\/starportraets\/victoria-beckham-20510110.html\" rel=\"nofollow noopener\" target=\"_blank\">Victoria Beckham<\/a>, auch sie wurde gefeiert als &#8222;Posh Spice&#8220;, dem taffen Spice-Girl aus den flippigen 90ern. Die Musikkarriere und ihre bunten Klamotten hing Victoria an den Nagel, kramte stattdessen die stylischsten Outfits und eine stets ernste Miene aus ihrer Trickkiste.<\/p>\n<p>Glamour-Paar der Glamour-Paare<\/p>\n<p class=\"text-element u-richtext u-typo u-typo--article-text gallery__text-element text-element--context-gallery\"> Egal wo die Familie auftaucht, lauern schon zahlreiche <a class=\"taxonomy-entity keyword\" data-target-type=\"article\" href=\"https:\/\/www.gala.de\/stars\/themen\/paparazzi-20971226.html\" rel=\"nofollow noopener\" target=\"_blank\">Paparazzi<\/a> und Journalisten, um perfekte Beckham-Fotos der Glamour-Familie zu schie\u00dfen. Alleine die Anwesenheit der sechs-k\u00f6pfigen Beckham-Familie ist ein Event f\u00fcr sich. W\u00e4hrend Victoria Beckham in die Modewelt eingetaucht ist und regelm\u00e4\u00dfig mit Mager-Ger\u00fcchten und Mager-Wahrheiten Schlagzeilen macht, zeigt sich David Beckham lieber in Unterw\u00e4sche f\u00fcr ein schwedisches Modelabel vor der Kamera. Seit 1999 sind die beiden schon verheiratet und seit jeher gern gesehene G\u00e4ste auf den roten Teppichen dieser Welt.<\/p>\n<p>Beckhams Rasselbande<\/p>\n<p class=\"text-element u-richtext u-typo u-typo--article-text gallery__text-element text-element--context-gallery\"> Drei S\u00f6hne und eine Tochter haben David und Victoria, die auch liebevoll &#8222;Becks&#8220; und &#8222;Posh&#8220; genannt werden. Die Kinder Romeo, Brooklyn, Harper Seven und Cruz genossen schon immer die volle mediale Aufmerksamkeit &#8211;\u00a0kein Wunder bei den Eltern. Genau wie Papa David schl\u00fcpft Sohn <a class=\"link--person\" data-target-type=\"article\" href=\"https:\/\/www.gala.de\/stars\/starportraets\/brooklyn-beckham-20487658.html\" rel=\"nofollow noopener\" target=\"_blank\">Brooklyn Beckham<\/a> in die Fu\u00dfballschuhe und somit in Papas Fu\u00dfstapfen. Zwar musste er den FC Arsenal schon recht fr\u00fch wieder verlassen, aber Victoria und Beckham sind auf ihn und ihre anderen gelungenen Kinder dennoch sehr stolz.<\/p>\n<p class=\"text-element u-richtext u-typo u-typo--article-text gallery__text-element text-element--context-gallery\"> Brooklyn zieht inzwischen eh lieber mit dem Fotoapparat herum und knipst Bilder &#8211; und b\u00e4ndelt mit Models und jungen Hollywood-Stars an. <a class=\"\" data-target-type=\"article\" href=\"https:\/\/www.gala.de\/beauty-fashion\/themen\/romeo-beckham-20970468.html\" rel=\"nofollow noopener\" target=\"_blank\">Romeo Beckham<\/a> interessiert sich weniger f\u00fcr Fu\u00dfball &#8211; er m\u00f6chte Tennisspieler werden und trainiert schon seit Jahren hart daf\u00fcr. <a class=\"link--person\" data-target-type=\"article\" href=\"https:\/\/www.gala.de\/stars\/starportraets\/cruz-beckham-20487586.html\" rel=\"nofollow noopener\" target=\"_blank\">Cruz Beckham<\/a> scheint es mehr in Richtung Tanz und Musik zu ziehen &#8211; und <a class=\"\" data-target-type=\"article\" href=\"https:\/\/www.gala.de\/beauty-fashion\/themen\/harper-beckham-20955662.html\" rel=\"nofollow noopener\" target=\"_blank\">Harper Beckham<\/a>, das Nesth\u00e4kchen, mag vom Rumtoben mit ihren Br\u00fcdern \u00fcber Shoppen und Anziehen mit Mama bis hin zu Pferden und Ballett einfach alles.<\/p>\n<p class=\"text-element u-richtext u-typo u-typo--article-text gallery__text-element text-element--context-gallery\"> Dass sie ihre Kinder dazu erziehen wollen, h\u00f6flich, aufmerksam und flei\u00dfig zu sein, betonen die gestrengen Beckham-Eltern regelm\u00e4\u00dfig in Interviews. Doch die Instagram-Bilder der Familie zeigen: Hier wird auch viel gelacht und gekuschelt. Happy family eben.<\/p>\n<p>\nGala<\/p>\n","protected":false},"excerpt":{"rendered":"Die Beckhams sind eine Klasse f\u00fcr sich. David Beckham, ehemaliger gefeierter Fu\u00dfballprofi wird heute f\u00fcr sein unheimlich gutes&hellip;\n","protected":false},"author":2,"featured_media":315522,"comment_status":"","ping_status":"","sticky":false,"template":"","format":"standard","meta":{"footnotes":""},"categories":[1776],"tags":[1801,29,214,30,1802,215],"class_list":{"0":"post-315521","1":"post","2":"type-post","3":"status-publish","4":"format-standard","5":"has-post-thumbnail","7":"category-prominente","8":"tag-celebrities","9":"tag-deutschland","10":"tag-entertainment","11":"tag-germany","12":"tag-prominente","13":"tag-unterhaltung"},"share_on_mastodon":{"url":"https:\/\/pubeurope.com\/@de\/114964255509380932","error":""},"_links":{"self":[{"href":"https:\/\/www.europesays.com\/de\/wp-json\/wp\/v2\/posts\/315521","targetHints":{"allow":["GET"]}}],"collection":[{"href":"https:\/\/www.europesays.com\/de\/wp-json\/wp\/v2\/posts"}],"about":[{"href":"https:\/\/www.europesays.com\/de\/wp-json\/wp\/v2\/types\/post"}],"author":[{"embeddable":true,"href":"https:\/\/www.europesays.com\/de\/wp-json\/wp\/v2\/users\/2"}],"replies":[{"embeddable":true,"href":"https:\/\/www.europesays.com\/de\/wp-json\/wp\/v2\/comments?post=315521"}],"version-history":[{"count":0,"href":"https:\/\/www.europesays.com\/de\/wp-json\/wp\/v2\/posts\/315521\/revisions"}],"wp:featuredmedia":[{"embeddable":true,"href":"https:\/\/www.europesays.com\/de\/wp-json\/wp\/v2\/media\/315522"}],"wp:attachment":[{"href":"https:\/\/www.europesays.com\/de\/wp-json\/wp\/v2\/media?parent=315521"}],"wp:term":[{"taxonomy":"category","embeddable":true,"href":"https:\/\/www.europesays.com\/de\/wp-json\/wp\/v2\/categories?post=315521"},{"taxonomy":"post_tag","embeddable":true,"href":"https:\/\/www.europesays.com\/de\/wp-json\/wp\/v2\/tags?post=315521"}],"curies":[{"name":"wp","href":"https:\/\/api.w.org\/{rel}","templated":true}]}}