{"id":315597,"date":"2025-08-03T10:41:10","date_gmt":"2025-08-03T10:41:10","guid":{"rendered":"https:\/\/www.europesays.com\/de\/315597\/"},"modified":"2025-08-03T10:41:10","modified_gmt":"2025-08-03T10:41:10","slug":"handelshemmnisse-im-binnenmarkt-katherina-reiche-fordert-beseitigung-wirtschaft","status":"publish","type":"post","link":"https:\/\/www.europesays.com\/de\/315597\/","title":{"rendered":"Handelshemmnisse im Binnenmarkt: Katherina Reiche fordert Beseitigung &#8211; Wirtschaft"},"content":{"rendered":"<p data-manual=\"paragraph\" data-schema-org-speakable=\"true\" class=\"css-1ylqqlw\">Bundeswirtschaftsministerin <a href=\"https:\/\/www.sueddeutsche.de\/thema\/Katherina_Reiche\" target=\"_blank\" rel=\"noopener\">Katherina Reiche<\/a> fordert, interne Barrieren im EU-Binnenmarkt zu beseitigen. Es gehe um eine Gesamtbelastung durch solche Hindernisse von 44 Prozent, also fast das Dreifache der drohenden Trump-Z\u00f6lle, sagte die CDU-Politikerin der Bild am Sonntag.\u00a0\u201eDas sind \u00fcber das Jahr genommen Milliarden Verluste, die den Unternehmen und damit auch den Arbeitnehmern verloren gehen\u201c, sagte Reiche. Die EU m\u00fcsse endlich ihren Binnenmarkt vollenden. Zuletzt habe es kleine Fortschritte gegeben. Man sei aber noch l\u00e4ngst nicht am Ende. Unterst\u00fctzung bekommt Reiche von der \u201eWirtschaftsweisen\u201c Veronika Grimm. \u201eDer Schaden ist immens. Diese vielen unterschiedlichen Regeln schrecken Unternehmen und vor allem Investoren ab\u201c, sagte die \u00d6konomin dem Blatt. \u201eUnternehmen investieren nicht, wenn sie die Regelungen gar nicht mehr durchschauen.\u201c Auf EU-Ebene, in den Mitgliedstaaten, in den Bundesl\u00e4ndern und in Kommunen \u2013 \u00fcberall gebe es unterschiedliche oder zus\u00e4tzliche Regeln. Die Europ\u00e4ische Kommission sagte dem Blatt, mit der neuen Binnenmarktstrategie w\u00fcrden die zehn gr\u00f6\u00dften Hindernisse \u2013 die sogenannten schrecklichen Zehn \u2013 angegangen. Die neue Binnenmarktstrategie sehe vor, den EU-Markt \u201enahtlos, einfacher und st\u00e4rker zu machen\u201c.<\/p>\n","protected":false},"excerpt":{"rendered":"Bundeswirtschaftsministerin Katherina Reiche fordert, interne Barrieren im EU-Binnenmarkt zu beseitigen. Es gehe um eine Gesamtbelastung durch solche Hindernisse&hellip;\n","protected":false},"author":2,"featured_media":315598,"comment_status":"","ping_status":"","sticky":false,"template":"","format":"standard","meta":{"footnotes":""},"categories":[3933],"tags":[331,332,548,942,663,158,3934,3935,13,30427,148,14,15,12,149,55],"class_list":{"0":"post-315597","1":"post","2":"type-post","3":"status-publish","4":"format-standard","5":"has-post-thumbnail","7":"category-eu","8":"tag-aktuelle-nachrichten","9":"tag-aktuelle-news","10":"tag-eu","11":"tag-eu-kommission","12":"tag-europa","13":"tag-europaeische-union","14":"tag-europe","15":"tag-european-union","16":"tag-headlines","17":"tag-katherina-reiche","18":"tag-leserdiskussion","19":"tag-nachrichten","20":"tag-news","21":"tag-schlagzeilen","22":"tag-sueddeutsche-zeitung","23":"tag-wirtschaft"},"share_on_mastodon":{"url":"https:\/\/pubeurope.com\/@de\/114964416751110238","error":""},"_links":{"self":[{"href":"https:\/\/www.europesays.com\/de\/wp-json\/wp\/v2\/posts\/315597","targetHints":{"allow":["GET"]}}],"collection":[{"href":"https:\/\/www.europesays.com\/de\/wp-json\/wp\/v2\/posts"}],"about":[{"href":"https:\/\/www.europesays.com\/de\/wp-json\/wp\/v2\/types\/post"}],"author":[{"embeddable":true,"href":"https:\/\/www.europesays.com\/de\/wp-json\/wp\/v2\/users\/2"}],"replies":[{"embeddable":true,"href":"https:\/\/www.europesays.com\/de\/wp-json\/wp\/v2\/comments?post=315597"}],"version-history":[{"count":0,"href":"https:\/\/www.europesays.com\/de\/wp-json\/wp\/v2\/posts\/315597\/revisions"}],"wp:featuredmedia":[{"embeddable":true,"href":"https:\/\/www.europesays.com\/de\/wp-json\/wp\/v2\/media\/315598"}],"wp:attachment":[{"href":"https:\/\/www.europesays.com\/de\/wp-json\/wp\/v2\/media?parent=315597"}],"wp:term":[{"taxonomy":"category","embeddable":true,"href":"https:\/\/www.europesays.com\/de\/wp-json\/wp\/v2\/categories?post=315597"},{"taxonomy":"post_tag","embeddable":true,"href":"https:\/\/www.europesays.com\/de\/wp-json\/wp\/v2\/tags?post=315597"}],"curies":[{"name":"wp","href":"https:\/\/api.w.org\/{rel}","templated":true}]}}