{"id":315691,"date":"2025-08-03T11:38:17","date_gmt":"2025-08-03T11:38:17","guid":{"rendered":"https:\/\/www.europesays.com\/de\/315691\/"},"modified":"2025-08-03T11:38:17","modified_gmt":"2025-08-03T11:38:17","slug":"der-vfl-startet-mit-einem-00-gegen-alemania-aachen-in-die-neue-saison","status":"publish","type":"post","link":"https:\/\/www.europesays.com\/de\/315691\/","title":{"rendered":"Der VfL startet mit einem 0:0 gegen Alemania Aachen in die neue Saison"},"content":{"rendered":"<p><strong>Nach einer Partie, die erst in den Schlussminuten wirklich an Fahrt aufnahm, endet das Spiel mit einem aus Osnabr\u00fccker Sicht etwas ungl\u00fccklichen 0:0, zumal ihm ein Elfmeter verwehrt wurde.<\/strong><\/p>\n<p><strong>F\u00fcr den VfL geht es weiter am 09.08. um 14.00 Uhr in M\u00fcnchen gegen 1860, eine Woche sp\u00e4ter ist dann die erste Runde im DFB-Pokal, bevor es am 23.08. an der Br\u00fccke gegen den 1. FC Saarbr\u00fccken weitergeht.<\/strong><\/p>\n<p>                             Zur Information: Unsere Spielberichte werden wie ein Liveticker direkt am Laptop verfasst und gleich nach Schlusspfiff ohne Netz und doppelten Boden ins Internet gesetzt. Die Rubrik \u201eZahlen, Daten, Fakten\u201c wird, falls notwendig, mitunter erst einige Stunden nach dem Spiel vervollst\u00e4ndigt, dasselbe gilt f\u00fcr Korrekturen von Tippfehlern.<br \/>\nUnsere aktuellen<a href=\"https:\/\/os-rundschau.de\/category\/podcasts\/\" target=\"_blank\" rel=\"noopener\"> <strong>VfL-Podcasts<\/strong><\/a> und\u00a0<a href=\"https:\/\/os-rundschau.de\/category\/podcasts\/\" target=\"_blank\" rel=\"noopener\"><strong>Kallas Einw\u00fcrfe<\/strong><\/a> gibt es rund um die Uhr zu h\u00f6ren. Ansonsten werden der aktuelle VfL-Podcast jeden Donnerstag von 19.00 bis 20.00 Uhr auf OS-Radio 104,8 \u00fcbertragen und \u201eKallas Einwurf\u201c jeden Montag und Freitag mehrmals am Tag.&#13;<\/p>\n<p>\u00a0<\/p>\n<p><strong>Vor dem Spiel<\/strong><\/p>\n<p>Genug der Worte, Mahnungen und Ratschl\u00e4ge, nun z\u00e4hlt nur noch \u201eauf dem Platz\u201c.<\/p>\n<p>Jonsson \u2013 Karademir, M\u00fcller, Wiemann \u2013 Kammerbauer, Henning, Wagner, Christensen \u2013 Kopacz, Goguadze, Kehl<\/p>\n<p>Erwartet werden heute 15.741 Zuschauer:innen, davon 1.400 aus Aachen.<\/p>\n<p><img fetchpriority=\"high\" decoding=\"async\" class=\"wp-image-94598 size-full\" src=\"data:image\/svg+xml,%3Csvg%20xmlns=\" http:=\"\" alt=\"\" width=\"1597\" height=\"898\" data-lazy- data-lazy- data-lazy-src=\"https:\/\/www.europesays.com\/de\/wp-content\/uploads\/2025\/08\/dachv.jpg\"\/>Und die Ost heute unter einem kunstvoll errichteten Dach aus lila-wei\u00dfer Pappmach\u00e9<\/p>\n<p><strong>Beginn<\/strong><\/p>\n<p>Die Schiedsrichterin des Jahres 2024, Fabienne Michel aus Gau-Odernheim, pfeift bei Nieselregen und Temperaturen um die 18 Grad an.<\/p>\n<p>Die Aachener haben Ansto\u00df. Der VfL spielt zun\u00e4chst Richtung Ostkurve und die ersten Minuten passiert nicht viel, der VfL greift fr\u00fch an, kommt aber zu keinen nennenswerten Gelegenheiten.<\/p>\n<p>Stattdessen geh\u00f6rt die erst Torchance den Aachenern: Wiebe spielt lang auf Richter, dessen Steckpasse bei Wriedt im Strafraum landet, er sofort aufs lange Ecke abzieht, doch Karademir kann den Ball im letzten Moment zur Ecke abgr\u00e4tschen.<\/p>\n<p>Wenig sp\u00e4ter erh\u00e4lt Karademir nach einer Gr\u00e4tsche an Wriedt zurecht die gelbe Karte.<\/p>\n<p><strong><br \/>Nach einer Viertelstunde \u2026<\/strong><\/p>\n<p>\u2026 f\u00e4llt durch einen v\u00f6llig missgl\u00fcckten R\u00fcckpass von Wiebe fast das 1:0. Olschowsky\u00a0 kann nur noch zusehen, wie der Ball \u00fcber ihn hinweg und knapp am Tor vorbeigeht.<\/p>\n<p>Kurz drauf erh\u00e4lt der Aachener Strujic Gelb, nachdem er Kammerbauer per Blutgr\u00e4tsche von den Beinen geholt hat<\/p>\n<p>Der VfL kommt nun immer besser ins Spiel. Distanzsch\u00fcsse von Kehl und Kopacz verfehlen das Tor.<\/p>\n<p>Aufregung in der 30. Minute: Nach einer Flanke Christensens wird Kammerbauer auf H\u00f6he des Elmeterpunkts leicht von Strujic getroffen. Als der Osnabr\u00fccker zu Boden geht, forden die Zuschauer einen Elfmeter, doch Schiedsrichterin Michel winkt ab und l\u00e4sst das Spiel weiterlaufen.<\/p>\n<p>Der VfL wei\u00df mit seiner \u00dcberlegenheit nicht viel anzufangen und die Aachener kommen gegen Ende der ersten Halbzeit noch einmal gef\u00e4hrlich vor das Osnabr\u00fccker Tor, aber Jonsson kann gegen Matti Wagner kl\u00e4ren.<\/p>\n<p><img loading=\"lazy\" decoding=\"async\" class=\"alignnone size-full wp-image-94596\" src=\"data:image\/svg+xml,%3Csvg%20xmlns=\" http:=\"\" alt=\"\" width=\"850\" height=\"272\" data-lazy- data-lazy- data-lazy-src=\"https:\/\/www.europesays.com\/de\/wp-content\/uploads\/2025\/08\/hzaa1.jpg\"\/><\/p>\n<p><strong>Halbzeitfazit<\/strong><\/p>\n<p>Nach einer zwar umk\u00e4mpften, aber recht chancenlosen ersten Halbzeit mit leichten Vorteilen f\u00fcr den VfL, steht es leistungsgerecht 0:0. Hier ist noch nichts entschieden.<\/p>\n<tr style=\"height: 219px;\">\n<td style=\"height: 219px;\" bgcolor=\"#f8effb\"><strong>Tipp:<\/strong>\u00a0Die Halbzeitgedanken, eine Melange aus Hintergrundinformation und Kommentar, erfreuen sich wachsender Beliebtheit. Sie fallen hin und wieder recht knapp, manchmal aber auch sehr ausf\u00fchrlich aus. Wem das Lesen der Halbzeitgedanken zu m\u00fchselig und informativ ist: Ganz einfach weiter nach unten scrollen, dort geht es dann mit dem aktuellen Spielbericht weiter.<\/p>\n<p><strong>Als Halbzeitgedanken heute zwei Berichte \u00fcber die rechtsradikale Fanszene von Alemannia Aachen \u2026<br \/><\/strong><\/p>\n<p><strong><a style=\"color: #008080;\" href=\"https:\/\/www.ardmediathek.de\/video\/sportschau\/alemannia-aachen-und-das-problem-mit-rechten-hooligans\/das-erste\/Y3JpZDovL3Nwb3J0c2NoYXUuZGUvc3BvcnRzY2hhdS1mZm1wZWctdmlkZW8tZmE2NjYzM2MtYThjZS00Y2E1LTk0ZDktMzc1ZTdjZWUyZTlk\" target=\"_blank\" rel=\"noopener\">Sportschau-Doku \u00fcber die rechtsradikale Fanszene in Aachen<\/a><\/strong><\/p>\n<\/p>\n<\/td>\n<\/tr>\n<p><strong><br \/>Beide Mannschaften gehen unver\u00e4ndert in die zweite H\u00e4lfte \u2026<\/strong><\/p>\n<p>\u2026 und das Spiel schlie\u00dft nahtlos an die recht ereignislose erste Halbzeit an, wenngleich Aachen mehr Spielanteile hat. In der 58. Minute wird der eher gl\u00fccklose Goguadze durch Neuzugang Kai Pr\u00f6ger ersetzt.<\/p>\n<p>Bis auf einen Distanzschuss der Aachener passierte hier in der Anfangsviertelstunde des 2. Halbzeit nichts.<\/p>\n<p><strong><br \/>Nach 60 Minuten \u2026<\/strong><\/p>\n<p>\u2026 hat der VfL mal wieder etwas mehr vom Spiel, bringt aber nichts Verwertbares zustanden. Das Publikum gibt alles, es kommt auf beiden Seiten zur diversen Wechseln.<\/p>\n<p>Und in der 75. Minute eine gute Chance durch Kammerbauer, als er nach Zuspiel von Ihorst von rechts aufs lange Eck abzieht, aber Olschowsky zur Ecke kl\u00e4ren kann.<\/p>\n<p>Eine Minute danach k\u00f6pft M\u00fcller eine Kehl-Flanke unbedr\u00e4ngt \u00fcber den Kasten.<\/p>\n<p>In der 82. Minute landet ein Eckball von Christensen perfekt am zweiten Pfosten, wo Wiemann v\u00f6llig frei steht, es aber schafft, den Ball per Aufsetzer aus vier Metern \u00fcber das Tor zu k\u00f6pfen.<\/p>\n<p>Der VfL hatte nun etliche Chancen, das Spiel f\u00fcr sich zu entscheiden und man darf auf die Schlussphase gespannt sein.<\/p>\n<p><strong><br \/>Fazit<\/strong><\/p>\n<p>Nach einer Partie, die erst in den Schlussminuten wirklich an Fahrt aufnahm, endet das Spiel mit einem aus Osnabr\u00fccker Sicht etwas ungl\u00fccklichen 0:0, zumal ihm ein Elfmeter verwehrt wurde.<\/p>\n<p>F\u00fcr den VfL geht es weiter am 09.08. um 14.00 Uhr in M\u00fcnchen gegen 1860, eine Woche sp\u00e4ter ist dann die erste Runde im DFB-Pokal, bevor es am 23.08. an der Br\u00fccke gegen den 1. FC Saarbr\u00fccken weitergeht.<\/p>\n<p>\n<strong>Zahlen, Daten &amp; Fakten<\/strong><\/p>\n<p><strong>Zuschauer*innen:<\/strong> 15.741, davon 1.400 aus Aachen<\/p>\n<p><strong>Tore: <\/strong>Fehlanzeige<\/p>\n<p><strong>Gelbe Karten:<\/strong><br \/>(13.) Karademir<br \/>(18.) Strujic<br \/>(83.) Kehl<br \/>(93.) Henning<\/p>\n<p><strong>Gelb-Rote Karten:<\/strong><br \/>(.)<\/p>\n<p><strong>Rote Karten:<\/strong><br \/>(.)<\/p>\n<p><strong>VfL Osnabr\u00fcck:<\/strong><br \/>Jonsson \u2013 Karademir, M\u00fcller, Wiemann \u2013 Kammerbauer, Henning, F. Wagner (74. Jacobsen), Christensen (87. Schumacher) \u2013 Kopacz (74. Ihorst), Goguadze (58. Pr\u00f6ger), Kehl (87. Wiethaup)<br \/><strong>Trainer:<\/strong> Timo Schultz<\/p>\n<p><strong>Alemannia Aachen<br \/><\/strong>Olschowsky \u2013 Yarbrough (86. Ademi), Lorch (54. da Silva Kiala), Meyer \u2013 Strujic, Gaudino, Wiebe, M. Wagner (86. Winter) \u2013 Richter, Wriedt, Torsiello (61. Scepanik)<br \/><strong>Trainer: <\/strong>Muzzicato Benedetto<\/p>\n<p><strong>Schiedsrichterin: <\/strong>Fabienne Michel<\/p>\n<p><strong>Statistik:<\/strong><br \/>Seit dem 16.01.1965 trafen die beiden Clubs 45 x in Pflichtspielen aufeinander. Die Bilanz lautet 13-10-22.\u00a0 Hier geht es zur kompletten <strong><a style=\"color: #008080;\" href=\"https:\/\/www.weltfussball.de\/teams\/vfl-osnabrueck\/alemannia-aachen\/11\/\" target=\"_blank\" rel=\"noreferrer noopener\">Statistik<\/a><\/strong> von <strong>\u201c<a style=\"color: #008080;\" href=\"https:\/\/www.weltfussball.de\/\" target=\"_blank\" rel=\"noreferrer noopener\">weltfussball.de<\/a>\u201c.<\/strong><\/p>\n<p><strong>Tabellarisches:<\/strong><br \/>Noch keine Daten \u2026<\/p>\n<p><strong><a style=\"color: #008080;\" href=\"https:\/\/www.weltfussball.de\/wettbewerb\/3-liga\/\" target=\"_blank\" rel=\"noreferrer noopener\">Ergebnisse und Tabelle der 3. Liga<\/a><\/strong><\/p>\n","protected":false},"excerpt":{"rendered":"Nach einer Partie, die erst in den Schlussminuten wirklich an Fahrt aufnahm, endet das Spiel mit einem aus&hellip;\n","protected":false},"author":2,"featured_media":315692,"comment_status":"","ping_status":"","sticky":false,"template":"","format":"standard","meta":{"footnotes":""},"categories":[1853],"tags":[995,1424,51811,83315,3364,29,548,663,3934,30,13,14,15,1209,741,90242,12,90243,13371,12777],"class_list":{"0":"post-315691","1":"post","2":"type-post","3":"status-publish","4":"format-standard","5":"has-post-thumbnail","7":"category-aachen","8":"tag-3-liga","9":"tag-aachen","10":"tag-alemannia","11":"tag-bremer-bruecke","12":"tag-de","13":"tag-deutschland","14":"tag-eu","15":"tag-europa","16":"tag-europe","17":"tag-germany","18":"tag-headlines","19":"tag-nachrichten","20":"tag-news","21":"tag-nordrhein-westfalen","22":"tag-osnabrueck","23":"tag-schanzer","24":"tag-schlagzeilen","25":"tag-stadt-osnabrueck","26":"tag-vfl","27":"tag-vfl-osnabrueck"},"share_on_mastodon":{"url":"https:\/\/pubeurope.com\/@de\/114964640977226064","error":""},"_links":{"self":[{"href":"https:\/\/www.europesays.com\/de\/wp-json\/wp\/v2\/posts\/315691","targetHints":{"allow":["GET"]}}],"collection":[{"href":"https:\/\/www.europesays.com\/de\/wp-json\/wp\/v2\/posts"}],"about":[{"href":"https:\/\/www.europesays.com\/de\/wp-json\/wp\/v2\/types\/post"}],"author":[{"embeddable":true,"href":"https:\/\/www.europesays.com\/de\/wp-json\/wp\/v2\/users\/2"}],"replies":[{"embeddable":true,"href":"https:\/\/www.europesays.com\/de\/wp-json\/wp\/v2\/comments?post=315691"}],"version-history":[{"count":0,"href":"https:\/\/www.europesays.com\/de\/wp-json\/wp\/v2\/posts\/315691\/revisions"}],"wp:featuredmedia":[{"embeddable":true,"href":"https:\/\/www.europesays.com\/de\/wp-json\/wp\/v2\/media\/315692"}],"wp:attachment":[{"href":"https:\/\/www.europesays.com\/de\/wp-json\/wp\/v2\/media?parent=315691"}],"wp:term":[{"taxonomy":"category","embeddable":true,"href":"https:\/\/www.europesays.com\/de\/wp-json\/wp\/v2\/categories?post=315691"},{"taxonomy":"post_tag","embeddable":true,"href":"https:\/\/www.europesays.com\/de\/wp-json\/wp\/v2\/tags?post=315691"}],"curies":[{"name":"wp","href":"https:\/\/api.w.org\/{rel}","templated":true}]}}