{"id":315777,"date":"2025-08-03T12:29:19","date_gmt":"2025-08-03T12:29:19","guid":{"rendered":"https:\/\/www.europesays.com\/de\/315777\/"},"modified":"2025-08-03T12:29:19","modified_gmt":"2025-08-03T12:29:19","slug":"staatsschutz-ermittelt-nach-brandanschlag-auf-bahnstrecke","status":"publish","type":"post","link":"https:\/\/www.europesays.com\/de\/315777\/","title":{"rendered":"Staatsschutz ermittelt nach Brandanschlag auf Bahnstrecke"},"content":{"rendered":"<p>Verbindung nach Sachsen-Anhalt? <\/p>\n<p>Staatsschutz ermittelt nach Brandanschlag auf Bahnstrecke<\/p>\n<p>03.08.2025 &#8211; 13:27 UhrLesedauer: 2 Min.<\/p>\n<p><a href=\"#focus-0\" class=\"transition-colors duration-200 focus-within:text-magenta block text-current relative\" data-sctrack=\"FocusGalleryImage.Reference\"><img fetchpriority=\"high\" data-testid=\"Opener.Image\" style=\"--lqipURL:url('https:\/\/images.t-online.de\/2025\/08\/9or81ajuXVcB\/0x107:2048x1152\/fit-in\/150x0\/filters:blur(25)\/ein-mitarbeiter-der-ktu-kriminaltechnische-untersuchung-steht-an-betonwanne-am-rande-der-bahngleise-in-der-sich-verbrannte-kabel-befinden-auf-die-wichtige-nord-sued-strecke-der-deutschen-bahn-ist-ein-weiterer-brandanschlag-veruebt-worden.jpg')\"   loading=\"eager\" src=\"https:\/\/www.europesays.com\/de\/wp-content\/uploads\/2025\/08\/ein-mitarbeiter-der-ktu-kriminaltechnische-untersuchung-steht-an-betonwanne-am-rande-der-bahngleise-.jpeg\" alt=\"Weiterer Brandanschlag auf wichtige Bahnstrecke - D\u00fcsseldorf\" title=\"Weiterer Brandanschlag auf wichtige Bahnstrecke - D\u00fcsseldorf\" width=\"2048\" height=\"1152\" class=\"bg-[url:var(--lqipURL)] bg-cover bg-center flex h-full w-full max-w-full\" decoding=\"async\"\/><img style=\"--width:32;--height:32\" loading=\"lazy\" src=\"https:\/\/www.t-online.de\/s\/paper\/_next\/static\/media\/zoom-in.f7dae02f.svg\" alt=\"Vergr\u00f6\u00dfern des Bildes\" title=\"Vergr\u00f6\u00dfern des Bildes\" class=\"block h-[calc(var(--height)_\/_16_*_1rem)] w-[calc(var(--width)_\/_16_*_1rem)] max-w-none absolute bottom-8 right-8 rounded-4 bg-snow p-8\" decoding=\"async\"\/><\/a><\/p>\n<p>Ein Mitarbeiter der Kriminaltechnische Untersuchung steht am Rande der Bahngleise, in der sich verbrannte Kabel befinden (Archivbild): Seit Samstag ist die Strecke wieder freigegeben. (Quelle: Christoph Reichwein\/dpa\/dpa-bilder)<\/p>\n<p class=\"font-bold text-18 leading-17\">Mutma\u00dfliche Brandstifter halten nicht nur die Deutsche Bahn und Polizei in Atem. Nach F\u00e4llen in NRW und Sachsen-Anhalt hat der Staatsschutz die Ermittlungen aufgenommen.<\/p>\n<p class=\"text-18 leading-17\">Nach mutma\u00dflichen Brandanschl\u00e4gen auf Kabelnetze der Deutschen Bahn in Nordrhein-Westfalen und Sachsen-Anhalt laufen die Ermittlungen zu den T\u00e4tern. Ein Polizeisprecher sagte der Deutschen Presse-Agentur in <a class=\"transition-colors duration-200 cursor-pointer text-inherit no-underline text-salemsfur md:hover:text-magenta md:hover:border-magenta md:focus:text-magenta border-current border-b border-solid break-words\" href=\"https:\/\/www.t-online.de\/region\/duesseldorf\/\" data-sctrack=\"BodyAnchor\" rel=\"nofollow noopener\" target=\"_blank\">D\u00fcsseldorf<\/a>, vieles spreche f\u00fcr die Echtheit eines Bekennerschreibens aus dem linksradikalen Spektrum. Die Pr\u00fcfung des Staatsschutzes sei jedoch noch nicht vollst\u00e4ndig abgeschlossen.<\/p>\n<p class=\"text-18 leading-17\">Ein m\u00f6glicher Zusammenhang zwischen den Kabelbr\u00e4nden in D\u00fcsseldorf und dem am Freitagabend mutma\u00dflich vors\u00e4tzlich gelegten Brand an einer G\u00fcterverkehrsstrecke im sachsen-anhaltischen Hohenm\u00f6lsen bleibt unklar. Ein Sprecher der Polizeiinspektion Halle erkl\u00e4rte, die Polizei ermittle in alle Richtungen. Einen offensichtlichen Tatzusammenhang gebe es bislang nicht. Zu dem Vorfall im Burgenlandkreis habe sich noch niemand bekannt.<\/p>\n<p class=\"text-18 leading-17\">In beiden Bundesl\u00e4ndern ermittelt der Staatsschutz. In NRW geht die Polizei von Sabotage aus. Auf der Plattform &#8222;Indymedia&#8220; erschien bereits am Donnerstag ein Bekennerschreiben. Ein &#8222;Kommando Angry Birds&#8220; reklamiert darin die Tat f\u00fcr sich, die sich gegen &#8222;das industrielle System&#8220; richte. Nach Angaben von NRW-Innenminister Herbert Reul (CDU) ist die Gruppe <a target=\"_blank\" class=\"transition-colors duration-200 cursor-pointer text-inherit no-underline text-salemsfur md:hover:text-magenta md:hover:border-magenta md:focus:text-magenta border-current border-b border-solid break-words\" href=\"https:\/\/www.t-online.de\/region\/duesseldorf\/id_100848234\/duesseldorf-linksextremisten-zuendeten-brandsaetze-an-bahnstrecke-sperrung.html\" data-sctrack=\"BodyAnchor\" rel=\"nofollow noopener\">&#8222;als linksextremistische Mitmach-Kampagne&#8220; bekannt<\/a>.<\/p>\n<p class=\"text-18 leading-17\">Die <a class=\"transition-colors duration-200 cursor-pointer text-inherit no-underline text-salemsfur md:hover:text-magenta md:hover:border-magenta md:focus:text-magenta border-current border-b border-solid break-words\" href=\"https:\/\/www.t-online.de\/themen\/deutsche-bahn\/\" data-sctrack=\"BodyAnchor\" rel=\"nofollow noopener\" target=\"_blank\">Deutsche Bahn<\/a> teilte mit: &#8222;Die Auswirkungen des Brandanschlags haben Zehntausende Reisende zu sp\u00fcren bekommen \u2013 Pendlerinnen und Pendler genauso wie Urlaubsreisende, beispielsweise auf ihrer Anreise zum <a class=\"transition-colors duration-200 cursor-pointer text-inherit no-underline text-salemsfur md:hover:text-magenta md:hover:border-magenta md:focus:text-magenta border-current border-b border-solid break-words\" href=\"https:\/\/www.t-online.de\/themen\/flughafen\/\" data-sctrack=\"BodyAnchor\" rel=\"nofollow noopener\" target=\"_blank\">Flughafen<\/a> D\u00fcsseldorf.&#8220;<\/p>\n<p class=\"text-18 leading-17\">Bahnreisende in NRW k\u00f6nnen in der Mitte der Sommerferien ihre Fahrten nun wieder wie geplant antreten. Auf den Bahnh\u00f6fen in D\u00fcsseldorf und <a class=\"transition-colors duration-200 cursor-pointer text-inherit no-underline text-salemsfur md:hover:text-magenta md:hover:border-magenta md:focus:text-magenta border-current border-b border-solid break-words\" href=\"https:\/\/www.t-online.de\/themen\/duisburg\/\" data-sctrack=\"BodyAnchor\" rel=\"nofollow noopener\" target=\"_blank\">Duisburg<\/a> l\u00e4uft der Betrieb wieder normal. &#8222;Der Schienenersatzverkehr ist nicht mehr n\u00f6tig&#8220;, teilte die Bahn mit.<\/p>\n","protected":false},"excerpt":{"rendered":"Verbindung nach Sachsen-Anhalt? Staatsschutz ermittelt nach Brandanschlag auf Bahnstrecke 03.08.2025 &#8211; 13:27 UhrLesedauer: 2 Min. Ein Mitarbeiter der&hellip;\n","protected":false},"author":2,"featured_media":315778,"comment_status":"","ping_status":"","sticky":false,"template":"","format":"standard","meta":{"footnotes":""},"categories":[1831],"tags":[722,17161,19289,2226,12941,3364,2030,29,3405,30,90247,1209,121,860,3447],"class_list":{"0":"post-315777","1":"post","2":"type-post","3":"status-publish","4":"format-standard","5":"has-post-thumbnail","7":"category-duesseldorf","8":"tag-722","9":"tag-17161","10":"tag-bahngleis","11":"tag-bahnstrecke","12":"tag-brandanschlag","13":"tag-de","14":"tag-deutsche-bahn","15":"tag-deutschland","16":"tag-duesseldorf","17":"tag-germany","18":"tag-hohenmoelsen","19":"tag-nordrhein-westfalen","20":"tag-polizei","21":"tag-sachsen-anhalt","22":"tag-staatsschutz"},"share_on_mastodon":{"url":"https:\/\/pubeurope.com\/@de\/114964841413914151","error":""},"_links":{"self":[{"href":"https:\/\/www.europesays.com\/de\/wp-json\/wp\/v2\/posts\/315777","targetHints":{"allow":["GET"]}}],"collection":[{"href":"https:\/\/www.europesays.com\/de\/wp-json\/wp\/v2\/posts"}],"about":[{"href":"https:\/\/www.europesays.com\/de\/wp-json\/wp\/v2\/types\/post"}],"author":[{"embeddable":true,"href":"https:\/\/www.europesays.com\/de\/wp-json\/wp\/v2\/users\/2"}],"replies":[{"embeddable":true,"href":"https:\/\/www.europesays.com\/de\/wp-json\/wp\/v2\/comments?post=315777"}],"version-history":[{"count":0,"href":"https:\/\/www.europesays.com\/de\/wp-json\/wp\/v2\/posts\/315777\/revisions"}],"wp:featuredmedia":[{"embeddable":true,"href":"https:\/\/www.europesays.com\/de\/wp-json\/wp\/v2\/media\/315778"}],"wp:attachment":[{"href":"https:\/\/www.europesays.com\/de\/wp-json\/wp\/v2\/media?parent=315777"}],"wp:term":[{"taxonomy":"category","embeddable":true,"href":"https:\/\/www.europesays.com\/de\/wp-json\/wp\/v2\/categories?post=315777"},{"taxonomy":"post_tag","embeddable":true,"href":"https:\/\/www.europesays.com\/de\/wp-json\/wp\/v2\/tags?post=315777"}],"curies":[{"name":"wp","href":"https:\/\/api.w.org\/{rel}","templated":true}]}}