{"id":315789,"date":"2025-08-03T12:35:10","date_gmt":"2025-08-03T12:35:10","guid":{"rendered":"https:\/\/www.europesays.com\/de\/315789\/"},"modified":"2025-08-03T12:35:10","modified_gmt":"2025-08-03T12:35:10","slug":"koeln-betrunkener-porsche-fahrer-kracht-in-hauswand-regional","status":"publish","type":"post","link":"https:\/\/www.europesays.com\/de\/315789\/","title":{"rendered":"K\u00f6ln: Betrunkener Porsche-Fahrer kracht in Hauswand | Regional"},"content":{"rendered":"<p>K\u00f6ln \u2013 <b>In der Nacht zu Sonntag, den 3. August, fuhr ein betrunkener 19-J\u00e4hriger in K\u00f6ln-Lindenthal mit einem Porsche gegen eine Hauswand.<\/b><\/p>\n<p>Die Beifahrerin, ebenfalls 19 Jahre alt, erlitt leichte Verletzungen. Der Fahrer und zwei weitere junge M\u00e4nner auf der R\u00fcckbank blieben unverletzt.<\/p>\n<p>Auch interessant<\/p>\n<p>Anzeige<\/p>\n<p>Auch interessant<\/p>\n<p>Anzeige<\/p>\n<p>Ein Atemalkoholtest zeigte bei dem Fahrer etwa 1,5 Promille. Die Polizei ordnete eine Blutprobe an.<\/p>\n<p>Zeugen berichten, dass der Fahrer gegen 3:30 Uhr von der Aachener Stra\u00dfe stadtausw\u00e4rts nach rechts in Richtung Innere Kanalstra\u00dfe abbog.<\/p>\n<p><b>Bei einem U-Turn zur Universit\u00e4tsstra\u00dfe verlor er die Kontrolle und prallte gegen die Fassade eines Mehrfamilienhauses.<\/b><\/p>\n<p>Der Porsche und das Geb\u00e4ude wurden erheblich besch\u00e4digt.<\/p>\n<p>Dieser Text basiert auf einer offiziellen Beh\u00f6rden-Information und wurde mit Hilfe von KI erstellt.<\/p>\n","protected":false},"excerpt":{"rendered":"K\u00f6ln \u2013 In der Nacht zu Sonntag, den 3. August, fuhr ein betrunkener 19-J\u00e4hriger in K\u00f6ln-Lindenthal mit einem&hellip;\n","protected":false},"author":2,"featured_media":310921,"comment_status":"","ping_status":"","sticky":false,"template":"","format":"standard","meta":{"footnotes":""},"categories":[1828],"tags":[29,30,2509,1420,1209,121,45,2624],"class_list":{"0":"post-315789","1":"post","2":"type-post","3":"status-publish","4":"format-standard","5":"has-post-thumbnail","7":"category-koeln","8":"tag-deutschland","9":"tag-germany","10":"tag-ki-ots","11":"tag-koeln","12":"tag-nordrhein-westfalen","13":"tag-polizei","14":"tag-texttospeech","15":"tag-unfaelle"},"share_on_mastodon":{"url":"https:\/\/pubeurope.com\/@de\/114964865018809352","error":""},"_links":{"self":[{"href":"https:\/\/www.europesays.com\/de\/wp-json\/wp\/v2\/posts\/315789","targetHints":{"allow":["GET"]}}],"collection":[{"href":"https:\/\/www.europesays.com\/de\/wp-json\/wp\/v2\/posts"}],"about":[{"href":"https:\/\/www.europesays.com\/de\/wp-json\/wp\/v2\/types\/post"}],"author":[{"embeddable":true,"href":"https:\/\/www.europesays.com\/de\/wp-json\/wp\/v2\/users\/2"}],"replies":[{"embeddable":true,"href":"https:\/\/www.europesays.com\/de\/wp-json\/wp\/v2\/comments?post=315789"}],"version-history":[{"count":0,"href":"https:\/\/www.europesays.com\/de\/wp-json\/wp\/v2\/posts\/315789\/revisions"}],"wp:featuredmedia":[{"embeddable":true,"href":"https:\/\/www.europesays.com\/de\/wp-json\/wp\/v2\/media\/310921"}],"wp:attachment":[{"href":"https:\/\/www.europesays.com\/de\/wp-json\/wp\/v2\/media?parent=315789"}],"wp:term":[{"taxonomy":"category","embeddable":true,"href":"https:\/\/www.europesays.com\/de\/wp-json\/wp\/v2\/categories?post=315789"},{"taxonomy":"post_tag","embeddable":true,"href":"https:\/\/www.europesays.com\/de\/wp-json\/wp\/v2\/tags?post=315789"}],"curies":[{"name":"wp","href":"https:\/\/api.w.org\/{rel}","templated":true}]}}