{"id":31588,"date":"2025-04-14T16:42:22","date_gmt":"2025-04-14T16:42:22","guid":{"rendered":"https:\/\/www.europesays.com\/de\/31588\/"},"modified":"2025-04-14T16:42:22","modified_gmt":"2025-04-14T16:42:22","slug":"und-leben-de-stiefel-weitwurf-djs-und-podiumsdiskussionen-der-dioezesantag-der-kljb","status":"publish","type":"post","link":"https:\/\/www.europesays.com\/de\/31588\/","title":{"rendered":"und-Leben.de &#8211; Stiefel-Weitwurf, DJs und Podiumsdiskussionen: Der Di\u00f6zesantag der KLJB"},"content":{"rendered":"<p>Der Tag steht unter dem Motto \u201eSteh auf, mach laut\u201c. Wir starten mit einem Gottesdienst, an deren Vorbereitung sich viele beteiligt haben. Ortsgruppen ziehen mit ihren Bannern ein und es gibt beispielsweise auch einen Chor, der sich daf\u00fcr zusammengefunden hat.<\/p>\n<p>Danach gibt es einige Gru\u00dfworte, unter anderem von der Bundesebene der KLJB und vom <a href=\"https:\/\/www.kirche-und-leben.de\/themen\/themenbereich\/bund-der-deutschen-katholischen-jugend-bdkj\" target=\"_blank\" title=\"Mehr \u00fcber den BDKJ\" rel=\"nofollow noopener\">BDKJ M\u00fcnster<\/a>, wo wir auch zugeh\u00f6rig sind. \u00dcber den Nachmittag verteilt gibt es verschiedene Mitmachaktionen, Preisverleihungen und Podiumsdiskussionen. Es wird zum Beispiel gefragt: Was bedeutet es f\u00fcr junge Menschen, auf dem Land zu arbeiten und den Beruf des <a href=\"https:\/\/www.kirche-und-leben.de\/themen\/themenbereich\/landwirtschaft\" target=\"_blank\" title=\"Landwirtschaft\" rel=\"nofollow noopener\">Landwirts<\/a> zu erlernen? An der Podiumsdiskussion \u00fcber das Engagement junger Leute auf dem Land wird auch <a href=\"https:\/\/www.kirche-und-leben.de\/artikel\/familie-katholische-kirche-bistum-muenster-bischof-felix-genn-josefine-paul-dioezesankomitee\" target=\"_blank\" rel=\"nofollow noopener\">NRW-Familienministerin Josefine Paul<\/a> teilnehmen.<\/p>\n<p>Die Mitmachaktionen sind \u00fcbrigens wie eine kleine Kirmes aufgebaut. Da gibt es zum Beispiel Stiefel-Weitwurf oder Rodeoreiten.<\/p>\n<p class=\"fragen\">\u201eSteh auf, mach laut\u201c \u2013 das ist doch ein Lied der H\u00f6hner. Die sind nicht zuf\u00e4llig als musikalische Unterst\u00fctzung eingeplant?<\/p>\n<p>Leider nein, die kommen nicht vorbei. Daf\u00fcr gibt es ein anderes musikalisches Highlight: einen DJ-Bus, den \u201eLilabedford\u201c-Musiktruck. Da haben wir in den Ortsgruppen gefragt, ob es Mitglieder gibt, die gerne auflegen m\u00f6chten. Wir haben jetzt insgesamt f\u00fcnf DJ-Gruppen, die den Tag musikalisch begleiten. Das geht abends in unsere Landjugend-Party mit der Band \u201ePlay High\u201c \u00fcber.<\/p>\n<p class=\"fragen\">An 29 Orten im Bistum M\u00fcnster haben die KLJB-Ortsgruppen Strohpuppen aufgestellt. Was hat es damit auf sich?<\/p>\n","protected":false},"excerpt":{"rendered":"Der Tag steht unter dem Motto \u201eSteh auf, mach laut\u201c. Wir starten mit einem Gottesdienst, an deren Vorbereitung&hellip;\n","protected":false},"author":2,"featured_media":31589,"comment_status":"","ping_status":"","sticky":false,"template":"","format":"standard","meta":{"footnotes":""},"categories":[1843],"tags":[3364,29,30,16393,8970,1209],"class_list":{"0":"post-31588","1":"post","2":"type-post","3":"status-publish","4":"format-standard","5":"has-post-thumbnail","7":"category-muenster","8":"tag-de","9":"tag-deutschland","10":"tag-germany","11":"tag-kirche-und-leben-netz","12":"tag-muenster","13":"tag-nordrhein-westfalen"},"share_on_mastodon":{"url":"https:\/\/pubeurope.com\/@de\/114337319751983653","error":""},"_links":{"self":[{"href":"https:\/\/www.europesays.com\/de\/wp-json\/wp\/v2\/posts\/31588","targetHints":{"allow":["GET"]}}],"collection":[{"href":"https:\/\/www.europesays.com\/de\/wp-json\/wp\/v2\/posts"}],"about":[{"href":"https:\/\/www.europesays.com\/de\/wp-json\/wp\/v2\/types\/post"}],"author":[{"embeddable":true,"href":"https:\/\/www.europesays.com\/de\/wp-json\/wp\/v2\/users\/2"}],"replies":[{"embeddable":true,"href":"https:\/\/www.europesays.com\/de\/wp-json\/wp\/v2\/comments?post=31588"}],"version-history":[{"count":0,"href":"https:\/\/www.europesays.com\/de\/wp-json\/wp\/v2\/posts\/31588\/revisions"}],"wp:featuredmedia":[{"embeddable":true,"href":"https:\/\/www.europesays.com\/de\/wp-json\/wp\/v2\/media\/31589"}],"wp:attachment":[{"href":"https:\/\/www.europesays.com\/de\/wp-json\/wp\/v2\/media?parent=31588"}],"wp:term":[{"taxonomy":"category","embeddable":true,"href":"https:\/\/www.europesays.com\/de\/wp-json\/wp\/v2\/categories?post=31588"},{"taxonomy":"post_tag","embeddable":true,"href":"https:\/\/www.europesays.com\/de\/wp-json\/wp\/v2\/tags?post=31588"}],"curies":[{"name":"wp","href":"https:\/\/api.w.org\/{rel}","templated":true}]}}