{"id":315881,"date":"2025-08-03T13:24:10","date_gmt":"2025-08-03T13:24:10","guid":{"rendered":"https:\/\/www.europesays.com\/de\/315881\/"},"modified":"2025-08-03T13:24:10","modified_gmt":"2025-08-03T13:24:10","slug":"studentin-aus-gaza-in-frankreich-antisemitische-posts-politik","status":"publish","type":"post","link":"https:\/\/www.europesays.com\/de\/315881\/","title":{"rendered":"Studentin aus Gaza in Frankreich: Antisemitische Posts? &#8211; Politik"},"content":{"rendered":"<p data-manual=\"paragraph\" data-schema-org-speakable=\"true\" class=\"css-1ylqqlw\">Ein Skandal bewegt die Franzosen. Nour A., eine Rechtsstudentin aus Gaza, 25 Jahre alt, war erst vor ein paar Wochen von <a href=\"https:\/\/www.sueddeutsche.de\/thema\/Frankreich\" target=\"_blank\" rel=\"noopener\">Frankreich<\/a> eingeladen worden, ihre kriegsversehrte Heimat zu verlassen und an einer franz\u00f6sischen Universit\u00e4t weiterzustudieren. Mit einem Stipendium der Regierung, im Rahmen eines Hilfsprogramms. Empfohlen hatte sie und rund 300 weitere junge Pal\u00e4stinenser das franz\u00f6sische Generalkonsulat in Jerusalem. Nour A. erf\u00fcllte alle Kriterien.<\/p>\n<p data-manual=\"paragraph\" data-schema-org-speakable=\"true\" class=\"css-1ylqqlw\">Man fand f\u00fcr sie einen Masterkurs an der Universit\u00e4t Sciences Po in Lille, in dem es noch Pl\u00e4tze gab. Ihr Zimmer aber war noch nicht frei, und so \u00fcberlie\u00df der Direktor des Instituts, \u00c9tienne Peyrat, seine eigene Wohnung der jungen Frau, weil er selbst gerade in den Ferien war. Der Radiosender RMC besuchte Nour A. in Lille. Im Interview sagt sie, sie sei gl\u00fccklich, \u201eendlich einen ruhigen Ort\u201c gefunden zu haben, weit weg von den Bomben. Eine gute Geste und das Gesicht dazu: RMC zeigte auf seiner Webseite ihr Foto, hell l\u00e4chelnd.<\/p>\n<p>Eine Gefahr f\u00fcr Frankreichs diplomatische Offensive im Gaza-Krieg?<\/p>\n<p data-manual=\"paragraph\" data-schema-org-speakable=\"true\" class=\"css-1ylqqlw\">Ein paar Tage sp\u00e4ter publizierte dann die Sonntagszeitung Journal du Dimanche\u00a0uns\u00e4glich antisemitische Posts und Retweets von X, von denen es hie\u00df, sie stammten vom Profil von Nour A. aus Gaza. Auf einem Post sieht man den Kopf von Adolf Hitler, dazu den Aufruf, alle Juden zu t\u00f6ten, jung und alt, ohne Gnade.<\/p>\n<p data-manual=\"paragraph\" data-schema-org-speakable=\"true\" class=\"css-1ylqqlw\">Der Artikel im oft polemischen JDD l\u00f6ste schnell Reaktionen aus. Bruno Retailleau, Frankreichs rechter Innenminister, schrieb auf X,\u00a0 \u201edie Propagandisten der Hamas\u201c h\u00e4tten in Frankreich nichts zu suchen, sie geh\u00f6re sofort ausgewiesen. Sein Ministerium trage f\u00fcr den Fall aber keine Verantwortung, die liege beim Au\u00dfenministerium. Auch der Direktor der Sciences Po Lille, der seine Wohnung zur Verf\u00fcgung gestellt hatte, wehrte sich gegen jede Kritik der Nachl\u00e4ssigkeit. Die Auswahl, sagte er, habe das Au\u00dfenministerium getroffen; der Universit\u00e4t falle nur die Aufgabe zu, die akademische Eignung der Studentinnen und Studenten zu \u00fcberpr\u00fcfen.<\/p>\n<p data-manual=\"paragraph\" data-schema-org-speakable=\"true\" class=\"css-1ylqqlw\">Die Einschreibung von Nour A. an der Sciences Po Lille wurde nun wieder gel\u00f6scht, ihr Masterstudium h\u00e4tte im September beginnen sollen. Die Universit\u00e4t\u00a0hat eine Untersuchung eingeleitet. Man will auch ganz sicher sein, dass dieses Profil, von dem kompromittierende Screenshots zirkulieren, tats\u00e4chlich Nour A. geh\u00f6rt. Aber so viel ist schon mal sicher: Die Posts, schreibt Sciences Po Lille ebenfalls auf X, widerspr\u00e4chen frontal allen ihren Werten, \u201eihrem Kampf gegen Rassismus, gegen <a href=\"https:\/\/www.sueddeutsche.de\/thema\/Antisemitismus\" target=\"_blank\" rel=\"noopener\">Antisemitismus<\/a>, gegen alle Diskriminierungen und gegen alle Appelle zum Hass, gegen welchen Bev\u00f6lkerungsteil der auch immer gerichtet ist\u201c.<\/p>\n<p data-manual=\"paragraph\" data-schema-org-speakable=\"true\" class=\"css-1ylqqlw\">Der Fall von Nour A. hat unmittelbare Folgen f\u00fcr andere Fl\u00fcchtlinge aus Gaza, die auf eine Aufnahme in Frankreich gehofft hatten: Frankreichs Au\u00dfenminister Jean-No\u00ebl Barrot beschloss, das Programm werde so lange ausgesetzt, bis alle Schwachstellen im Auswahlsystem \u00fcberarbeitet seien. Sein Ministerium werde nun die pers\u00f6nlichen Hintergr\u00fcnde aller Teilnehmer des Programms durchleuchten, die sich bereits in Frankreich aufhielten.<\/p>\n<p data-manual=\"paragraph\" data-schema-org-speakable=\"true\" class=\"css-1ylqqlw\">Die politische Nervosit\u00e4t hat mindestens zwei Gr\u00fcnde. Erstens wird der Nahostkonflikt in Frankreich, wo die jeweils gr\u00f6\u00dfte muslimische und gr\u00f6\u00dfte j\u00fcdische Gemeinde Europas leben, immer mit besonderer Dringlichkeit erlebt. Zweitens bem\u00fcht sich Frankreich gerade, m\u00f6glichst viele westliche Staaten, die das noch nicht tun, daf\u00fcr zu gewinnen, Pal\u00e4stina als Staat anzuerkennen.<\/p>\n<p data-manual=\"paragraph\" data-schema-org-speakable=\"true\" class=\"css-1ylqqlw\">Israels Regierung kritisiert Emmanuel Macron f\u00fcr diesen Vorsto\u00df hart. Sie wirft dem franz\u00f6sischen Pr\u00e4sidenten vor, ein \u201eHandlanger der Hamas\u201c zu sein. Wenn Frankreich jetzt nicht sehr entschlossen gegen eine Studentin aus Gaza vorgeht, die offenbar antisemitische Posts abgesetzt hat, w\u00fcrde Paris vielleicht auch die Dynamik seiner diplomatischen Offensive gef\u00e4hrden.<\/p>\n","protected":false},"excerpt":{"rendered":"Ein Skandal bewegt die Franzosen. Nour A., eine Rechtsstudentin aus Gaza, 25 Jahre alt, war erst vor ein&hellip;\n","protected":false},"author":2,"featured_media":315882,"comment_status":"","ping_status":"","sticky":false,"template":"","format":"standard","meta":{"footnotes":""},"categories":[3974],"tags":[331,332,712,147,548,663,3934,3980,156,739,738,13,411,148,14,5796,15,16,12,149],"class_list":{"0":"post-315881","1":"post","2":"type-post","3":"status-publish","4":"format-standard","5":"has-post-thumbnail","7":"category-frankreich","8":"tag-aktuelle-nachrichten","9":"tag-aktuelle-news","10":"tag-antisemitismus","11":"tag-ausland","12":"tag-eu","13":"tag-europa","14":"tag-europe","15":"tag-france","16":"tag-frankreich","17":"tag-gaza","18":"tag-gazastreifen","19":"tag-headlines","20":"tag-israel","21":"tag-leserdiskussion","22":"tag-nachrichten","23":"tag-naher-osten","24":"tag-news","25":"tag-politik","26":"tag-schlagzeilen","27":"tag-sueddeutsche-zeitung"},"share_on_mastodon":{"url":"https:\/\/pubeurope.com\/@de\/114965057767928304","error":""},"_links":{"self":[{"href":"https:\/\/www.europesays.com\/de\/wp-json\/wp\/v2\/posts\/315881","targetHints":{"allow":["GET"]}}],"collection":[{"href":"https:\/\/www.europesays.com\/de\/wp-json\/wp\/v2\/posts"}],"about":[{"href":"https:\/\/www.europesays.com\/de\/wp-json\/wp\/v2\/types\/post"}],"author":[{"embeddable":true,"href":"https:\/\/www.europesays.com\/de\/wp-json\/wp\/v2\/users\/2"}],"replies":[{"embeddable":true,"href":"https:\/\/www.europesays.com\/de\/wp-json\/wp\/v2\/comments?post=315881"}],"version-history":[{"count":0,"href":"https:\/\/www.europesays.com\/de\/wp-json\/wp\/v2\/posts\/315881\/revisions"}],"wp:featuredmedia":[{"embeddable":true,"href":"https:\/\/www.europesays.com\/de\/wp-json\/wp\/v2\/media\/315882"}],"wp:attachment":[{"href":"https:\/\/www.europesays.com\/de\/wp-json\/wp\/v2\/media?parent=315881"}],"wp:term":[{"taxonomy":"category","embeddable":true,"href":"https:\/\/www.europesays.com\/de\/wp-json\/wp\/v2\/categories?post=315881"},{"taxonomy":"post_tag","embeddable":true,"href":"https:\/\/www.europesays.com\/de\/wp-json\/wp\/v2\/tags?post=315881"}],"curies":[{"name":"wp","href":"https:\/\/api.w.org\/{rel}","templated":true}]}}