{"id":315990,"date":"2025-08-03T14:26:10","date_gmt":"2025-08-03T14:26:10","guid":{"rendered":"https:\/\/www.europesays.com\/de\/315990\/"},"modified":"2025-08-03T14:26:10","modified_gmt":"2025-08-03T14:26:10","slug":"aufregung-in-intercity-nach-braunschweig-polizeieinsatz-in-magdeburg","status":"publish","type":"post","link":"https:\/\/www.europesays.com\/de\/315990\/","title":{"rendered":"Aufregung in Intercity nach Braunschweig: Polizeieinsatz in Magdeburg"},"content":{"rendered":"<p class=\"font-sans font-medium\">Braunschweig. Der Mann hatte keinen Fahrausweis dabei. Kurz nach der Polizeikontrolle wurde der 24-J\u00e4hrige unfl\u00e4tig. Das erwartet ihn jetzt.<\/p>\n<p>In einem Intercity, der am Freitag zwischen Berlin und Norddeich \u00fcber Helmstedt und Braunschweig unterwegs war, hat es Aufregung gegeben. Laut Magdeburger Bundespolizei bat der Zugbegleiter gegen 16.30 Uhr die Beamten am Hauptbahnhof Magdeburg um Unterst\u00fctzung bei einem Mann, der bei der Fahrkartenkontrolle keinen g\u00fcltigen Fahrausweis vorzeigen konnte. Der 24-J\u00e4hrige versteckte sich anschlie\u00dfend laut Polizei in den Sanit\u00e4ranlagen des Zuges. <\/p>\n<p>Nach Ankunft im Hauptbahnhof traf die alarmierte Streife den Mann am Bahnsteig an und kontrollierte ihn. Die Beamten stellten seine Personalien fest, belehrten ihn \u00fcber sein Verhalten und h\u00e4ndigten ihm eine vom Zugbegleiter ausgestellte Fahrpreisnacherhebung aus. Anschlie\u00dfend wurde der Mann aus der polizeilichen Ma\u00dfnahme entlassen. Kurz darauf begab sich der Mann in den Personentunnel des Bahnhofs und verbrannte dort demonstrativ das ihm zuvor ausgeh\u00e4ndigte Dokument.<\/p>\n<p>   Ihr Newsletter f\u00fcr Braunschweig &amp; Region<\/p>\n<p class=\"text-body2 mt-2\">Kostenlosen Newsletter bestellen und t\u00e4glich das Neueste aus der Region im Postfach lesen.<\/p>\n<p class=\"text-caption text-copy-secondary\">\n          Mit meiner Anmeldung zum Newsletter stimme ich der<br \/>\n          <a href=\"https:\/\/www.braunschweiger-zeitung.de\/229318664\" class=\"text-overline text-copy-accent-negative dark:underline\" rel=\"nofollow noopener\" target=\"_blank\">Werbevereinbarung<\/a><br \/>\n          zu.\n        <\/p>\n<p>Bahnmitarbeiter f\u00fchrten ihn daraufhin zur\u00fcck zum Bahnsteig. Dort beleidigte er die noch anwesenden Polizeikr\u00e4fte, unter anderem durch das Zeigen des Mittelfingers. Der Mann wurde erneut belehrt, verblieb jedoch im Anschluss auf freiem Fu\u00df. Ihn erwarten nun Anzeigen wegen Betruges, Beleidigung sowie Verunreinigung von Bahnanlagen.<\/p>\n<p>              Mehr Nachrichten aus der Region und Niedersachsen:<\/p>\n<p rel=\"author\" class=\"text-brand\">red<\/p>\n","protected":false},"excerpt":{"rendered":"Braunschweig. Der Mann hatte keinen Fahrausweis dabei. Kurz nach der Polizeikontrolle wurde der 24-J\u00e4hrige unfl\u00e4tig. Das erwartet ihn&hellip;\n","protected":false},"author":2,"featured_media":315991,"comment_status":"","ping_status":"","sticky":false,"template":"","format":"standard","meta":{"footnotes":""},"categories":[1850],"tags":[6429,3364,29,548,663,3934,30,13,14,15,1411,12],"class_list":{"0":"post-315990","1":"post","2":"type-post","3":"status-publish","4":"format-standard","5":"has-post-thumbnail","7":"category-braunschweig","8":"tag-braunschweig","9":"tag-de","10":"tag-deutschland","11":"tag-eu","12":"tag-europa","13":"tag-europe","14":"tag-germany","15":"tag-headlines","16":"tag-nachrichten","17":"tag-news","18":"tag-niedersachsen","19":"tag-schlagzeilen"},"share_on_mastodon":{"url":"https:\/\/pubeurope.com\/@de\/114965301324961353","error":""},"_links":{"self":[{"href":"https:\/\/www.europesays.com\/de\/wp-json\/wp\/v2\/posts\/315990","targetHints":{"allow":["GET"]}}],"collection":[{"href":"https:\/\/www.europesays.com\/de\/wp-json\/wp\/v2\/posts"}],"about":[{"href":"https:\/\/www.europesays.com\/de\/wp-json\/wp\/v2\/types\/post"}],"author":[{"embeddable":true,"href":"https:\/\/www.europesays.com\/de\/wp-json\/wp\/v2\/users\/2"}],"replies":[{"embeddable":true,"href":"https:\/\/www.europesays.com\/de\/wp-json\/wp\/v2\/comments?post=315990"}],"version-history":[{"count":0,"href":"https:\/\/www.europesays.com\/de\/wp-json\/wp\/v2\/posts\/315990\/revisions"}],"wp:featuredmedia":[{"embeddable":true,"href":"https:\/\/www.europesays.com\/de\/wp-json\/wp\/v2\/media\/315991"}],"wp:attachment":[{"href":"https:\/\/www.europesays.com\/de\/wp-json\/wp\/v2\/media?parent=315990"}],"wp:term":[{"taxonomy":"category","embeddable":true,"href":"https:\/\/www.europesays.com\/de\/wp-json\/wp\/v2\/categories?post=315990"},{"taxonomy":"post_tag","embeddable":true,"href":"https:\/\/www.europesays.com\/de\/wp-json\/wp\/v2\/tags?post=315990"}],"curies":[{"name":"wp","href":"https:\/\/api.w.org\/{rel}","templated":true}]}}