{"id":315996,"date":"2025-08-03T14:30:10","date_gmt":"2025-08-03T14:30:10","guid":{"rendered":"https:\/\/www.europesays.com\/de\/315996\/"},"modified":"2025-08-03T14:30:10","modified_gmt":"2025-08-03T14:30:10","slug":"augsburg-polizeieinsatz-wegen-spielzeugpistole-in-innenstadt-regional","status":"publish","type":"post","link":"https:\/\/www.europesays.com\/de\/315996\/","title":{"rendered":"Augsburg: Polizeieinsatz wegen Spielzeugpistole in Innenstadt | Regional"},"content":{"rendered":"<p>Augsburg \u2013 <b>Ein 14-J\u00e4hriger hat am Samstag, dem 02.08.2025, in der Augsburger Innenstadt einen gr\u00f6\u00dferen Polizeieinsatz ausgel\u00f6st.<\/b><\/p>\n<p>Der Jugendliche war gegen 19:30 Uhr in der Volkhartstra\u00dfe mit einer Pistole unterwegs, die sich sp\u00e4ter als Softair-Spielzeugwaffe herausstellte. Zahlreiche Streifenwagen r\u00fcckten aus, um den jungen Mann zu finden. Schlie\u00dflich wurde er am K\u00f6nigsplatz gestellt.<\/p>\n<p>Auch interessant<\/p>\n<p>Anzeige<\/p>\n<p>Auch interessant<\/p>\n<p>Anzeige<\/p>\n<p>Die Beamten fanden die Softair-Waffe in seiner Tasche und stellten sie sicher. Offenbar hatte der Jugendliche die m\u00f6glichen Konsequenzen seines Handelns nicht bedacht. Die Polizei informierte die Eltern, die ihren Sohn von der Wache abholten.<\/p>\n<p>Nun wird gepr\u00fcft, ob ein Versto\u00df gegen das Waffengesetz vorliegt. \u00c4hnliche Vorf\u00e4lle mit waffen\u00e4hnlichen Gegenst\u00e4nden haben in letzter Zeit h\u00e4ufiger zu Eins\u00e4tzen gef\u00fchrt, die zu gef\u00e4hrlichen Situationen f\u00fchren k\u00f6nnen. Die Polizei warnt daher davor, solche Gegenst\u00e4nde in der \u00d6ffentlichkeit zu tragen.<\/p>\n<p>Dieser Text basiert auf einer offiziellen Beh\u00f6rden-Information und wurde mit Hilfe von KI erstellt.<\/p>\n","protected":false},"excerpt":{"rendered":"Augsburg \u2013 Ein 14-J\u00e4hriger hat am Samstag, dem 02.08.2025, in der Augsburger Innenstadt einen gr\u00f6\u00dferen Polizeieinsatz ausgel\u00f6st. Der&hellip;\n","protected":false},"author":2,"featured_media":315753,"comment_status":"","ping_status":"","sticky":false,"template":"","format":"standard","meta":{"footnotes":""},"categories":[1846],"tags":[680,772,3364,29,548,663,3934,30,13,2509,14,15,121,12,45,1995],"class_list":{"0":"post-315996","1":"post","2":"type-post","3":"status-publish","4":"format-standard","5":"has-post-thumbnail","7":"category-augsburg","8":"tag-augsburg","9":"tag-bayern","10":"tag-de","11":"tag-deutschland","12":"tag-eu","13":"tag-europa","14":"tag-europe","15":"tag-germany","16":"tag-headlines","17":"tag-ki-ots","18":"tag-nachrichten","19":"tag-news","20":"tag-polizei","21":"tag-schlagzeilen","22":"tag-texttospeech","23":"tag-verbrechen"},"share_on_mastodon":{"url":"https:\/\/pubeurope.com\/@de\/114965317249357918","error":""},"_links":{"self":[{"href":"https:\/\/www.europesays.com\/de\/wp-json\/wp\/v2\/posts\/315996","targetHints":{"allow":["GET"]}}],"collection":[{"href":"https:\/\/www.europesays.com\/de\/wp-json\/wp\/v2\/posts"}],"about":[{"href":"https:\/\/www.europesays.com\/de\/wp-json\/wp\/v2\/types\/post"}],"author":[{"embeddable":true,"href":"https:\/\/www.europesays.com\/de\/wp-json\/wp\/v2\/users\/2"}],"replies":[{"embeddable":true,"href":"https:\/\/www.europesays.com\/de\/wp-json\/wp\/v2\/comments?post=315996"}],"version-history":[{"count":0,"href":"https:\/\/www.europesays.com\/de\/wp-json\/wp\/v2\/posts\/315996\/revisions"}],"wp:featuredmedia":[{"embeddable":true,"href":"https:\/\/www.europesays.com\/de\/wp-json\/wp\/v2\/media\/315753"}],"wp:attachment":[{"href":"https:\/\/www.europesays.com\/de\/wp-json\/wp\/v2\/media?parent=315996"}],"wp:term":[{"taxonomy":"category","embeddable":true,"href":"https:\/\/www.europesays.com\/de\/wp-json\/wp\/v2\/categories?post=315996"},{"taxonomy":"post_tag","embeddable":true,"href":"https:\/\/www.europesays.com\/de\/wp-json\/wp\/v2\/tags?post=315996"}],"curies":[{"name":"wp","href":"https:\/\/api.w.org\/{rel}","templated":true}]}}