{"id":316132,"date":"2025-08-03T15:43:25","date_gmt":"2025-08-03T15:43:25","guid":{"rendered":"https:\/\/www.europesays.com\/de\/316132\/"},"modified":"2025-08-03T15:43:25","modified_gmt":"2025-08-03T15:43:25","slug":"hllanzeiger-polizeimeldungen-vom-sonntag-03-08-2025","status":"publish","type":"post","link":"https:\/\/www.europesays.com\/de\/316132\/","title":{"rendered":"H@llAnzeiger &#8211; Polizeimeldungen vom Sonntag, 03.08.2025"},"content":{"rendered":"<p><img decoding=\"async\" src=\"https:\/\/www.europesays.com\/de\/wp-content\/uploads\/2025\/04\/polizeibericht1-678x381.jpg\" alt=\"Polizei Bericht News Meldungen\" title=\"polizeibericht1\"\/><br \/>\n\u00a9 H@llAnzeiger<\/p>\n<p>Polizeirevier Halle (Saale)<\/p>\n<p><strong>Brand<br \/><\/strong>In der Elsa-Br\u00e4ndstr\u00f6m-Stra\u00dfe in Halle brannte am Sonntag gegen 1 Uhr ein mobiles Toilettenh\u00e4uschen. Dieses konnte von der Feuerwehr gel\u00f6scht werden. Die Polizei ermittelt wegen Sachbesch\u00e4digung durch Feuer.<\/p>\n<p><strong>Einbruch<br \/><\/strong>Unbekannte brachen am Samstag in ein B\u00fcro einer Werkstatt im Blumenauweg ein und entwendeten eine Geldkassette mit einem hohen Bargeldbetrag. Ein Kriminaltechniker kam zur Spurensicherung zum Einsatz.<\/p>\n<p><strong>Diebstahl Simson<br \/><\/strong>Zwischen Freitag und Samstag entwendeten Unbekannte am Neuwerk eine Simson, die an einem Fahrradst\u00e4nder abgestellt und angeschlossen war.<\/p>\n<p><strong>Brand<br \/><\/strong>In der Nietelebener Stra\u00dfe wurde am Samstag gegen 19:30 Uhr auf dem Parkplatz einer Firma ein Transporter in Brand gesetzt. Durch die Hitzeentwicklung wurde ein direkt daneben abgestellter Transporter derselben Firma ebenfalls besch\u00e4digt. Durch einen 20-J\u00e4hrigen, der den Brand beim Vorbeifahren bemerkte, konnte ein noch gr\u00f6\u00dferer Schaden abgewendet werden. Er unternahm mit einem Feuerl\u00f6scher die Brandbek\u00e4mpfung bis zum Eintreffen der Feuerwehr. Da er w\u00e4hrenddessen Rauch einatmete, musste er anschlie\u00dfend zur medizinischen Behandlung in ein Krankenhaus gebracht werden. Es wird wegen schwerer Brandstiftung ermittelt.<\/p>\n<p>Polizeirevier Saalekreis<\/p>\n<p><strong>Diebstahl <br \/><\/strong>Merseburg \u2013 Von Freitag auf Samstag haben unbekannte T\u00e4ter im Fischweg in Merseburg mehrere Paletten mit Aluminium\u00fcberwegsplatten entwendet, die f\u00fcr Bauarbeiten an einem Bahn\u00fcbergang in der Halleschen Stra\u00dfe bestimmt waren. Der Schaden liegt im hohen f\u00fcnfstelligen Bereich.<\/p>\n<p><strong>Hundebiss<br \/><\/strong>Bad D\u00fcrrenberg \u2013 In einer Kleingartenanlage in der L\u00fctzner Stra\u00dfe in Bad D\u00fcrrenberg wurde Samstag gegen 13 Uhr eine 59-j\u00e4hrige Frau von einem Hund ins Bein gebissen. Weder f\u00fcr die Hundehalterin noch f\u00fcr die Gesch\u00e4digte waren daf\u00fcr vorher Anzeichen ersichtlich, sodass sie sich den Grund nicht erkl\u00e4ren konnten. Die Frau wurde leichtverletzt in ein Krankenhaus gebracht.<\/p>\n<p><strong>Brand M\u00e4hdrescher<br \/><\/strong>Holleben \u2013 Auf einem Feld bei Holleben geriet am Samstag gegen 22:30 Uhr ein M\u00e4hdrescher w\u00e4hrend der M\u00e4harbeiten in Brand. Mitarbeiter des Agrarbetriebs konnten das Fahrzeug selbstst\u00e4ndig l\u00f6schen. Es wurde im hinteren Bereich besch\u00e4digt, sodass ein Schaden von ca. 5.000 \u20ac entstanden ist. Brandurs\u00e4chlich war ein technischer Defekt.<\/p>\n<p><strong>Fahren unter Alkohol<br \/><\/strong>Bad Lauchst\u00e4dt \u2013 Sonntag gegen 1:30 Uhr wurde auf der L172 kurz vor Bad Lauchst\u00e4dt ein Pkw kontrolliert, nachdem er zuvor durch unsichere Fahrweise aufgefallen war. Die 39-j\u00e4hrige Fahrzeugf\u00fchrerin hatte einen Atemalkoholwert von 1,72 Promille. Eine Blutentnahme wurde durchgef\u00fchrt und der F\u00fchrerschein beschlagnahmt.<\/p>\n<p>Polizeirevier Mansfeld-S\u00fcdharz<\/p>\n<p><strong>Diebstahl mehrerer Rads\u00e4tze<br \/><\/strong>S\u00fcdharz \u2013 In der Nacht von Freitag auf Samstag haben unbekannte T\u00e4ter bei einem Autohaus in der Gemeinde S\u00fcdharz die R\u00e4der von sechs zum Verkauf stehenden Fahrzeugen demontiert und entwendet. Es entstand ein Schaden in H\u00f6he von mehreren tausend Euro.<\/p>\n<p><strong>Unfall unter Alkohol mit schwerverletzter Person<br \/><\/strong>S\u00fcdharz \u2013 Auf einem Parkplatz in der Stra\u00dfe zum Sportzentrum im S\u00fcdharz fuhr am Samstag gegen 17 Uhr ein 54-j\u00e4hriger Mann mehrere Meter r\u00fcckw\u00e4rts und stie\u00df mit seinem Pkw gegen eine 83-j\u00e4hrige Fu\u00dfg\u00e4ngerin. Diese wurde schwer verletzt. Der Fahrzeugf\u00fchrer war mit 0,98 Promille alkoholisiert. Es wurde eine Blutentnahme angeordnet, und Strafanzeigen wegen Gef\u00e4hrdung des Stra\u00dfenverkehrs sowie fahrl\u00e4ssiger K\u00f6rperverletzung wurden erstattet.<\/p>\n<p><strong>Einbruchsdiebstahl<br \/><\/strong>Wimmelburg \u2013 In Wimmelburg sind unbekannte T\u00e4ter in ein Einfamilienhaus eingebrochen und haben gewaltsam einen Tresor ge\u00f6ffnet. Aus diesem wurden Bargeld und Schmuck entwendet. Der Tatzeitraum kann nicht genau eingegrenzt werden.<\/p>\n<p><strong>Fahren unter Alkohol<br \/><\/strong>Auf einem Feldweg bei Polleben kam am Sonntag gegen 1.15 Uhr ein Fahrradfahrer zu Fall, nachdem er ein Schlagloch durchfuhr. Er verletzte sich dabei am R\u00fccken. Ein Atemalkoholtest ergab 1,68 Promille. Daraufhin wurde eine Blutprobe entnommen.<\/p>\n<p>Polizeirevier Burgenlandkreis<\/p>\n<p><strong>Brandlegung an Bahnstrecke<br \/><\/strong>P\u00f6rsten \u2013 Freitag gegen 19:30 Uhr wurde der Ausfall einer Schrankenanlage an einem Bahn\u00fcbergang der L188 bei L\u00fctzen, OT P\u00f6rsten, gemeldet. Wie sich herausstellte, war ein von Unbekannten gelegtes Feuer an Daten- und Signalkabeln in einem Kabelschacht urs\u00e4chlich. Bei der Strecke handelt es sich um eine eingleisige Nebenstrecke einer Betriebsbahn, auf welcher ausschlie\u00dflich G\u00fcterz\u00fcge fahren. Durch einen Techniker konnte die St\u00f6rung zeitnah behoben werden, sodass der Betrieb wieder gew\u00e4hrleistet ist. Die gesamten Reparaturarbeiten werden sich jedoch \u00fcber die n\u00e4chsten Tage erstrecken. Zwei G\u00fcterz\u00fcge mussten Versp\u00e4tungen in Kauf nehmen. Die Schadensh\u00f6he ist derzeit nicht bezifferbar. Der polizeiliche Staatsschutz hat die Ermittlungen aufgenommen. Die Motivlage ist bislang unklar.<\/p>\n<p><strong>Fahndungserfolg<br \/><\/strong>Wei\u00dfenfels \u2013 Am Samstag gegen 18:30 Uhr stellten Beamte in der Schlachthofstra\u00dfe in Wei\u00dfenfels ein Motorrad fest, welches nach Diebstahl zur Fahndung ausgeschrieben war. Dieses wurde sichergestellt. Ein in diesem Zusammenhang festgestellter 27-j\u00e4hriger Fahrzeugnutzer ist tatverd\u00e4chtig, zudem ohne Fahrerlaubnis gefahren zu sein.<\/p>\n<p><strong>Fahren unter Bet\u00e4ubungsmitteleinfluss<br \/><\/strong>Hohenm\u00f6lsen \u2013 Am Samstag wurde gegen 11:30 Uhr in Hohenm\u00f6lsen in der Fabrikstra\u00dfe ein Motorroller kontrolliert. Ein Drogenschnelltest reagierte positiv. Es wurde eine Blutprobe entnommen und die Weiterfahrt untersagt.<\/p>\n<p><strong>Hundeangriff<br \/><\/strong>Naumburg \u2013 In der Parkstra\u00dfe in Naumburg wurde am Samstag eine 69-j\u00e4hrige Frau von einem Sch\u00e4ferhund attackiert, nachdem sie mit ihrem Hund an einem Grundst\u00fcck vorbei gelaufen war. Der sch\u00e4ferhund konnte eine Umz\u00e4unung verlassen und verletzte die Frau durch mehrere Bisse. Zudem verlor sie durch den Angriff einen Zahn. Die Hundehalterin muss sich nun wegen fahrl\u00e4ssiger K\u00f6rperverletzung verantworten.<\/p>\n<p><strong>Brand<br \/><\/strong>Naumburg \u2013 In Neujanisroda geriet am Samstag gegen 14.30 Uhr eine 25 Meter lange Hecke in Brand, nachdem ein Mann versucht hatte, Unkraut mit einem Brenner zu entfernen. Die Feuerwehr konnte den Brand l\u00f6schen.<\/p>\n<p><strong>R\u00e4uberischer Diebstahl<br \/><\/strong>L\u00fctzen \u2013 In der G\u00f6teborger Stra\u00dfe in L\u00fctzen entwendeten am Samstag gegen 15:30 Uhr drei Unbekannte in einem Supermarkt eine gr\u00f6\u00dfere Anzahl Zigaretten. Dabei stie\u00df einer der T\u00e4ter eine Mitarbeiterin gegen eine Wand, um die Flucht seiner Mitt\u00e4ter zu erm\u00f6glichen. Alle drei fl\u00fcchteten zu Fu\u00df vom Tatort in unbekannte Richtung.<\/p>\n<p><strong>Rettungseinsatz<br \/><\/strong>Naumburg \u2013 Am Samstag gegen 18 Uhr kletterten in Naumburg in der C.-W.-Gehring-Stra\u00dfe zwei jugendliche M\u00e4dchen (15 und 16 Jahre) \u00fcber eine Feuerleiter auf das Dach des alten Heizhauses. Das 16-j\u00e4hrige M\u00e4dchen knickte auf dem Dach um und verletzte sich am Knie, sodass ein selbstst\u00e4ndiger Abstieg nicht mehr m\u00f6glich war. Die H\u00f6henrettung aus Zeitz r\u00fcckte aus, baute eine schr\u00e4g verlaufende Abseilvorrichtung und brachte die Verletzte anschlie\u00dfend nach unten. Sie kam zur Behandlung in ein Krankenhaus.<\/p>\n<p><strong>Brand<br \/><\/strong>Zeitz \u2013 Auf einem Feld an der Hainicher Dorfstra\u00dfe in Zeitz brannte am Samstag gegen 18 Uhr ein Quad. Das Fahrzeug konnte von der Feuerwehr gel\u00f6scht werden. Als Brandursache wurde ein technischer Defekt angegeben. Der Schaden bel\u00e4uft sich auf ca. 8500 \u20ac.<\/p>\n<p><strong>Fahren unter Alkohol<br \/><\/strong>Laucha \u2013 Im Rahmen einer station\u00e4ren Verkehrskontrolle in Laucha, Naumburger Stra\u00dfe, wurde am Samstag gegen 20 Uhr ein Pkw kontrolliert. Ein Atemalkoholtest ergab beim Fahrzeugf\u00fchrer einen Wert von 1,31 Promille. Es wurde eine Blutprobe entnommen, die Weiterfahrt untersagt und der F\u00fchrerschein sichergestellt.<\/p>\n<p><strong>Mehrere Straftaten<br \/><\/strong>Meineweh \u2013 Auf der B180 bei Meineweh, Ortslage Pretzsch, wurde am Sonntag gegen 0:30 Uhr ein Pkw angehalten und kontrolliert. Der Fahrer konnte keinen F\u00fchrerschein vorweisen, und bei der \u00dcberpr\u00fcfung stellte sich heraus, dass ihm die Fahrerlaubnis bereits entzogen worden war. \u00c4u\u00dfere Merkmale sowie Alkoholgeruch in der Atemluft des Fahrzeugf\u00fchrers indizierten zudem eine Fahrunt\u00fcchtigkeit. Ein Alkoholtest sowie ein Drogenschnelltest wurden verweigert, weshalb der Mann zu einer Blutprobenentnahme mitgenommen wurde. Weiterhin befanden sich im Pkw ein zur Fahndung ausgeschriebener E-Scooter sowie ein E-Bike. Beide wurden sichergestellt. Am Pkw waren zur Entstempelung ausgeschriebene Kennzeichen angebracht, sodass f\u00fcr das Fahrzeug kein Versicherungsschutz bestand. Es wurden mehrere Strafanzeigen erstattet.<\/p>\n<p><strong>Fahren unter Alkohol<br \/><\/strong>Zeitz \u2013 Im Ortsteil Kayna wurde am Sonntag gegen 4:30 Uhr ein Pkw kontrolliert. Ein Atemalkoholtest ergab einen Wert von 1,3 Promille. Eine Blutentnahme wurde angeordnet, der F\u00fchrerschein sichergestellt und die Weiterfahrt untersagt.<\/p>\n<p>\u00a0<\/p>\n","protected":false},"excerpt":{"rendered":"\u00a9 H@llAnzeiger Polizeirevier Halle (Saale) BrandIn der Elsa-Br\u00e4ndstr\u00f6m-Stra\u00dfe in Halle brannte am Sonntag gegen 1 Uhr ein mobiles&hellip;\n","protected":false},"author":2,"featured_media":65417,"comment_status":"","ping_status":"","sticky":false,"template":"","format":"standard","meta":{"footnotes":""},"categories":[1860],"tags":[3364,29,548,663,3934,30,4062,17332,13,14,15,17331,860,12],"class_list":{"0":"post-316132","1":"post","2":"type-post","3":"status-publish","4":"format-standard","5":"has-post-thumbnail","7":"category-halle-saale","8":"tag-de","9":"tag-deutschland","10":"tag-eu","11":"tag-europa","12":"tag-europe","13":"tag-germany","14":"tag-halle","15":"tag-halle-saale","16":"tag-headlines","17":"tag-nachrichten","18":"tag-news","19":"tag-saale","20":"tag-sachsen-anhalt","21":"tag-schlagzeilen"},"share_on_mastodon":{"url":"https:\/\/pubeurope.com\/@de\/114965604499847660","error":""},"_links":{"self":[{"href":"https:\/\/www.europesays.com\/de\/wp-json\/wp\/v2\/posts\/316132","targetHints":{"allow":["GET"]}}],"collection":[{"href":"https:\/\/www.europesays.com\/de\/wp-json\/wp\/v2\/posts"}],"about":[{"href":"https:\/\/www.europesays.com\/de\/wp-json\/wp\/v2\/types\/post"}],"author":[{"embeddable":true,"href":"https:\/\/www.europesays.com\/de\/wp-json\/wp\/v2\/users\/2"}],"replies":[{"embeddable":true,"href":"https:\/\/www.europesays.com\/de\/wp-json\/wp\/v2\/comments?post=316132"}],"version-history":[{"count":0,"href":"https:\/\/www.europesays.com\/de\/wp-json\/wp\/v2\/posts\/316132\/revisions"}],"wp:featuredmedia":[{"embeddable":true,"href":"https:\/\/www.europesays.com\/de\/wp-json\/wp\/v2\/media\/65417"}],"wp:attachment":[{"href":"https:\/\/www.europesays.com\/de\/wp-json\/wp\/v2\/media?parent=316132"}],"wp:term":[{"taxonomy":"category","embeddable":true,"href":"https:\/\/www.europesays.com\/de\/wp-json\/wp\/v2\/categories?post=316132"},{"taxonomy":"post_tag","embeddable":true,"href":"https:\/\/www.europesays.com\/de\/wp-json\/wp\/v2\/tags?post=316132"}],"curies":[{"name":"wp","href":"https:\/\/api.w.org\/{rel}","templated":true}]}}