{"id":316139,"date":"2025-08-03T15:47:12","date_gmt":"2025-08-03T15:47:12","guid":{"rendered":"https:\/\/www.europesays.com\/de\/316139\/"},"modified":"2025-08-03T15:47:12","modified_gmt":"2025-08-03T15:47:12","slug":"fussball-2-bundesliga-fcm-start-gegen-braunschweig-die-wucht-der-zuschauer-zu-unserem-vorteil-zu-nutzen","status":"publish","type":"post","link":"https:\/\/www.europesays.com\/de\/316139\/","title":{"rendered":"Fu\u00dfball | 2. Bundesliga: FCM-Start gegen Braunschweig: &#8222;Die Wucht der Zuschauer zu unserem Vorteil zu nutzen&#8220;"},"content":{"rendered":"<p class=\"metatextline\">Stand: 03.08.2025 09:00 Uhr<\/p>\n<p class=\"textabsatz columns twelve  m-ten  m-offset-one l-eight l-offset-two\">\n        <strong><strong>Der 1. FC Magdeburg startet gegen Eintracht Braunschweig in die Zweitligasaison 2025\/26. Neu-Trainer Markus Fiedler gibt dabei sein Pflichtspieldeb\u00fct an der Seitenlinie. Um ihn herum winkt ein Zuschauerrekord in der Arena.<\/strong><\/strong>\n    <\/p>\n<p class=\"textabsatz m-ten m-offset-one l-eight l-offset-two columns twelve\">\nWenn f\u00fcr den 1. FC Magdeburg am Sonntag (3. August, 13:30 Uhr live im Audiostream und Ticker) die neue Spielzeit in der 2. Bundesliga startet, k\u00f6nnte es schon einen Rekord geben. Die Elbest\u00e4dter hoffen, dass der bisherige Zuschauerrekord von 28.350 zum Saisonauftakt gegen Eintracht Braunschweig f\u00e4llt. Keine Pufferbl\u00f6cke gegen einen befreundeten Gegner und neue Pl\u00e4tze auf der Haupttrib\u00fcne k\u00f6nnten das m\u00f6glich machen. Doch viel wichtiger d\u00fcrften die ersten Punkte unter dem neuen <a href=\"https:\/\/www.mdr.de\/sport\/fussball_2bl\/fc-magdeburg-wohin-fuehrt-der-weg-im-jahr-eins-nach-christian-titz-102.html\" title=\"Trainer Markus Fiedler\" class=\"textlink--extern\" target=\"_blank\" rel=\"noopener\">Trainer Markus Fiedler<\/a> gegen den Fast-Absteiger aus Niedersachsen werden.<\/p>\n<ul class=\"buttongroup buttongroup--copytext\">\n<li class=\"buttongroup__item\">\n<p>    <a class=\"btn btn--text btn--standard-secondary btn--fullwidth\" href=\"https:\/\/www.mdr.de\/sport\/ergebnisse\/fussball-liveticker--fc-magdeburg-eintr-braunschweig-erster-spieltag-100.html\" target=\"_blank\" rel=\"noopener\"><br \/>\n        Statistik &amp; Ticker: 1. FC Magdeburg &#8211; Eintr. Braunschweig<br \/>\n        Pfeil rechts<\/p>\n<p>    <\/a>\n<\/li>\n<li class=\"buttongroup__item\">\n<p>    <a class=\"btn btn--text btn--standard-secondary btn--fullwidth\" href=\"https:\/\/www.mdr.de\/sport\/ergebnisse\/fussball-zweite-bundesliga-110.html\" target=\"_blank\" rel=\"noopener\"><br \/>\n        2. Bundesliga: Ergebnisse &amp; Tabellen<br \/>\n        Pfeil rechts<\/p>\n<p>    <\/a>\n<\/li>\n<\/ul>\n<p>    FCM will Stadion mit seinem Spiel erfreuen<\/p>\n<p class=\"textabsatz m-ten m-offset-one l-eight l-offset-two columns twelve\"><a href=\"https:\/\/www.mdr.de\/sport\/fussball_2bl\/fcm-magdeburg-trainingslager-bad-woerishofen-100.html\" title=\"F\u00fcnfeinhalb Wochen ist Fiedler jetzt in Magdeburg\" class=\"textlink--extern\" target=\"_blank\" rel=\"noopener\">F\u00fcnfeinhalb Wochen ist Fiedler jetzt in Magdeburg<\/a>, hat sich und seine Mannschaft auf die Saison eingeschworen. Doch: &#8222;Vorbereitung ist das eine, aber am Ende sind wir dann alle Sportler und freuen uns vor allem auf den Wettkampf&#8220;, so der ehemalige Coach der Zweitvertretung des VfB Stuttgart. &#8222;Ich kann es kaum erwarten, dass es losgeht.&#8220;<\/p>\n<p class=\"textabsatz m-ten m-offset-one l-eight l-offset-two columns twelve\">\nIn einer Liga, die &#8222;unglaublich ausgeglichen ist, noch mehr als im Vorjahr&#8220;, wollen die Blau-Wei\u00dfen einen Start nach Ma\u00df hinlegen. Fiedler will &#8222;ein Stadion, das wir mit unserem Spiel erfreuen&#8220; und die &#8222;Wucht der Zuschauer zu unserem Vorteil zu nutzen.&#8220; Rekordkulisse hin oder her.<\/p>\n<p>    Respekt vor Gegner Braunschweig<\/p>\n<p class=\"textabsatz m-ten m-offset-one l-eight l-offset-two columns twelve\">\nDer Cheftrainer des FCM hat Respekt vor dem Auftaktgegner aus Niedersachsen: &#8222;Uns erwartet eine harte Aufgabe, eine harte Nuss.&#8220; Nach der erfolgreich gestalteten Relegation erwarte den FCM ein Gegner, der unter Neu-Trainer Heiner Backhaus &#8222;mit seinem intensiven Spiel, mit seiner intensiven Art, gegen den Ball zu arbeiten, versuchen wird, Probleme zu bereiten.&#8220; Der Trainer der Elbest\u00e4dter warnt vor dem Umschaltspiel des BTSV. &#8222;Aber darauf sind wir vorbereitet.&#8220;<\/p>\n<p class=\"absatzbild__info__text\">\n                        Heiner Backhaus und Markus Fiedler (unscharf im Vordergrund) kennen sich bereits aus der 3. Liga. Dort trainierten die beiden Alemannia Aachen beziehungsweise Stuttgart II bis zu diesem Sommer.\n                    <\/p>\n<p class=\"textabsatz m-ten m-offset-one l-eight l-offset-two columns twelve\">\nFiedler rechnet damit, dass sich einige Gegner in der 2. Bundesliga darauf einschw\u00f6ren werden, das Ballbesitzspiel der Magdeburger zu st\u00f6ren, nach Balleroberung schnell umzuschalten und die Sachsen-Anhalter so unter Druck zu setzen. &#8222;Das ist keine Situation, die wir nur einzelne Male antreffen werden, sondern der wir sehr h\u00e4ufig ausgesetzt sein werden.&#8220;<\/p>\n<p class=\"textabsatz m-ten m-offset-one l-eight l-offset-two columns twelve\">\nEs gelte, dieser Aufgabe mit Kontrolle und der &#8222;n\u00f6tigen Geduld&#8220; zu begegnen. &#8222;Wir m\u00fcssen erkennen, wann wir das Spiel beschleunigen, wann wir Dynamiken entwickeln m\u00fcssen, um den Gegner vor defensive Aufgaben zu stellen&#8220; \u2013 und das bei gleichzeitiger Konterabsicherung und der Cleverness bei Standards. Keine leichte Aufgabe, doch der Trainer ist zuversichtlich: &#8222;Wir haben an den notwendigen Stellschrauben gedreht, um am Sonntag erfolgreich zu sein.&#8220; Gelingen k\u00f6nne dies nur im Gesamtverbund von Torwart bis zum Mittelst\u00fcrmer.<\/p>\n<p>    Pesch-Einsatz kommt wohl zu fr\u00fch<\/p>\n<p class=\"textabsatz m-ten m-offset-one l-eight l-offset-two columns twelve\">\nDaniel Heber f\u00e4llt derweil zum Saisonstart nach Reha noch aus, ebenso wie Samuel Loric. Dariusz Stalmach (Gehirnersch\u00fctterung) fehlt ebenso wie <a href=\"https:\/\/www.mdr.de\/sport\/fussball_2bl\/fc-magdeburg-verpflichtung-nick-meier-100.html\" title=\"Nick Meier\" class=\"textlink--extern\" target=\"_blank\" rel=\"noopener\">Nick Meier<\/a>. Der Neuzugang von Hannover 96 ist nach einer Roten Karte aus der Vorsaison noch gesperrt. Innenverteidiger Tobias M\u00fcller, der im <a href=\"https:\/\/www.mdr.de\/sport\/fussball_2bl\/fc-magdeburg-vfl-wolfsburg-100.html\" title=\"Test gegen Wolfsburg\" class=\"textlink--extern\" target=\"_blank\" rel=\"noopener\">Test gegen Wolfsburg<\/a> vom Feld musste, k\u00f6nnte rechtzeitig fit werden.<\/p>\n<p class=\"textabsatz m-ten m-offset-one l-eight l-offset-two columns twelve\"><a href=\"https:\/\/www.mdr.de\/sport\/fussball_2bl\/fc-magdeburg-noah-pesch-dominik-reimann-100.html\" title=\"Neuzugang Noah Pesch\" class=\"textlink--extern\" target=\"_blank\" rel=\"noopener\">Neuzugang Noah Pesch<\/a> wird wohl noch nicht zum Einsatz kommen. Der Leihspieler, der von Borussia M\u00f6nchengladbach zum FCM gekommen ist, hat erst zwei Trainingseinheiten absolviert. &#8222;Wir sind froh um den Umstand, dass er unser Trikot tragen wird&#8220;, lobte Fiedler den 20-J\u00e4hrigen, den der \u00dcbungsleiter schon seit Jahren auf dem Schirm hat. Pesch werde noch Zeit brauchen, doch der erste Eindruck sei positiv. &#8222;Noah ist ein Spieler, der sich durch seinen Abschluss auszeichnet, der im letzten Drittel f\u00fcr Aufsehen sorgt.&#8220;<\/p>\n<p class=\"absatzbild__info__text\">\n                        Andi Hoti ist nach Leihe zur\u00fcck in Magdeburg. Ob er im Sommer nach Dresden, wo er zuletzt gespielt hat, zur\u00fcckkehrt, ist ungewiss. Ein Angebot gab es aus Elbflorenz bisher nicht.\n                    <\/p>\n<p>    Kein Angebot f\u00fcr Hoti aus Dresden<\/p>\n<p class=\"textabsatz m-ten m-offset-one l-eight l-offset-two columns twelve\">\nBis zum Ende der Transferperiode am 1. September wird der FCM weiter am Kader schrauben, sich offensiv wie defensiv weiter umschauen. Ob noch Spieler gehen ist ungewiss, konkrete Angebote f\u00fcr Top-Spieler wie <a href=\"https:\/\/www.mdr.de\/sport\/fussball_2bl\/fc-magdeburg-wohin-fuehrt-der-weg-im-jahr-eins-nach-christian-titz-102.html\" title=\"Martijn Kaars oder Jean Hugonet\" class=\"textlink--extern\" target=\"_blank\" rel=\"noopener\">Martijn Kaars oder Jean Hugonet<\/a> habe es bisher nicht gegeben. Gleiches gilt laut Sportchef Otmar Schork auch f\u00fcr Andi Hoti. Der Innenverteidiger war in der abgelaufenen R\u00fcckrunde an Dynamo Dresden ausgeliehen. Entgegen anders lautender Berichte habe es bisher keine spezifischen Gespr\u00e4che mit dem Konkurrenten elbaufw\u00e4rts gegeben.<\/p>\n<p class=\"textabsatz m-ten m-offset-one l-eight l-offset-two columns twelve\">jar<\/p>\n<p>                                        <a class=\"backlink__link\" href=\"https:\/\/www.mdr.de\/sport\/fussball_2bl\/vorschau-zweite-bundesliga-fcm-fc-magdeburg-btsv-eintracht-braunschweig-100.html\" target=\"_blank\" rel=\"noopener\"><\/p>\n<p>                                                <img decoding=\"async\" src=\"https:\/\/images.sportschau.de\/image\/3b6f5760-8e5b-474f-ab60-9f42d5eba8e2\/AAABlap_eyE\/AAABmFUWGAQ\/original\/lra-mdr-logo-100.svg\" alt=\"Mitteldeutscher Rundfunk\"\/><\/p>\n<p>                                        <\/a><\/p>\n","protected":false},"excerpt":{"rendered":"Stand: 03.08.2025 09:00 Uhr Der 1. FC Magdeburg startet gegen Eintracht Braunschweig in die Zweitligasaison 2025\/26. Neu-Trainer Markus&hellip;\n","protected":false},"author":2,"featured_media":316140,"comment_status":"","ping_status":"","sticky":false,"template":"","format":"standard","meta":{"footnotes":""},"categories":[1850],"tags":[7973,621,6429,3364,29,8704,548,663,3934,30,13,36015,81,14,15,1411,88090,12],"class_list":{"0":"post-316139","1":"post","2":"type-post","3":"status-publish","4":"format-standard","5":"has-post-thumbnail","7":"category-braunschweig","8":"tag-1-fc-magdeburg","9":"tag-2-bundesliga","10":"tag-braunschweig","11":"tag-de","12":"tag-deutschland","13":"tag-eintracht-braunschweig","14":"tag-eu","15":"tag-europa","16":"tag-europe","17":"tag-germany","18":"tag-headlines","19":"tag-heiner-backhaus","20":"tag-mdr","21":"tag-nachrichten","22":"tag-news","23":"tag-niedersachsen","24":"tag-otmar-schork","25":"tag-schlagzeilen"},"share_on_mastodon":{"url":"https:\/\/pubeurope.com\/@de\/114965620243207740","error":""},"_links":{"self":[{"href":"https:\/\/www.europesays.com\/de\/wp-json\/wp\/v2\/posts\/316139","targetHints":{"allow":["GET"]}}],"collection":[{"href":"https:\/\/www.europesays.com\/de\/wp-json\/wp\/v2\/posts"}],"about":[{"href":"https:\/\/www.europesays.com\/de\/wp-json\/wp\/v2\/types\/post"}],"author":[{"embeddable":true,"href":"https:\/\/www.europesays.com\/de\/wp-json\/wp\/v2\/users\/2"}],"replies":[{"embeddable":true,"href":"https:\/\/www.europesays.com\/de\/wp-json\/wp\/v2\/comments?post=316139"}],"version-history":[{"count":0,"href":"https:\/\/www.europesays.com\/de\/wp-json\/wp\/v2\/posts\/316139\/revisions"}],"wp:featuredmedia":[{"embeddable":true,"href":"https:\/\/www.europesays.com\/de\/wp-json\/wp\/v2\/media\/316140"}],"wp:attachment":[{"href":"https:\/\/www.europesays.com\/de\/wp-json\/wp\/v2\/media?parent=316139"}],"wp:term":[{"taxonomy":"category","embeddable":true,"href":"https:\/\/www.europesays.com\/de\/wp-json\/wp\/v2\/categories?post=316139"},{"taxonomy":"post_tag","embeddable":true,"href":"https:\/\/www.europesays.com\/de\/wp-json\/wp\/v2\/tags?post=316139"}],"curies":[{"name":"wp","href":"https:\/\/api.w.org\/{rel}","templated":true}]}}