{"id":316168,"date":"2025-08-03T16:02:17","date_gmt":"2025-08-03T16:02:17","guid":{"rendered":"https:\/\/www.europesays.com\/de\/316168\/"},"modified":"2025-08-03T16:02:17","modified_gmt":"2025-08-03T16:02:17","slug":"bochum-sperrung-munscheider-damm-radio-bochum","status":"publish","type":"post","link":"https:\/\/www.europesays.com\/de\/316168\/","title":{"rendered":"Bochum: Sperrung Munscheider Damm &#8211; Radio Bochum"},"content":{"rendered":"<p class=\"small date article__date\">Ver\u00f6ffentlicht:\u00a0Sonntag, 03.08.2025 17:08<\/p>\n<p>Ab dem 4. August wird der Munscheider Damm voll gesperrt. Das f\u00fchrt zu \u00c4nderungen in der Verkehrsf\u00fchrung und Umleitungen.<\/p>\n<p><img decoding=\"async\" alt=\"Hintereinander stehend gestapelte Absperrungen f\u00fcr Stra\u00dfensperrungen mit zwei Lichtern.\" src=\"https:\/\/www.europesays.com\/de\/wp-content\/uploads\/2025\/08\/road-block-2817420.jpg&#038;crop=0x214x3424x2140&#038;resize=1280x800&#038;dt=201907091813160.jpeg\" data-size=\"1280x800\"\/>\u00a9 PixabayBauarbeiten in Bochum-Weitmar<\/p>\n<p>Im Rahmen der Gleisbauarbeiten auf der Hattinger Stra\u00dfe hat am Wochenende die zweite Bauphase begonnen. Nach aktuellem Stand sollen die Arbeiten planm\u00e4\u00dfig am\u00a0Sonntag, 10. August, abgeschlossen werden. Ab\u00a0Montag, 4. August, wird der\u00a0Munscheider Damm voll gesperrt. Dies hat folgende Auswirkungen:<\/p>\n<ul>\n<li>Keine Verbindung\u00a0zwischen Munscheider Damm und Wuppertaler Stra\u00dfe f\u00fcr Fahrzeuge aller Art.<\/li>\n<li>Keine Verbindung\u00a0zwischen Munscheider Damm und Hattinger Stra\u00dfe bis zum Abschluss der Bauarbeiten.<\/li>\n<\/ul>\n<p>Alternative Routen und Hinweise<\/p>\n<p>Die Verbindung zwischen der Hattinger Stra\u00dfe (Seite Weitmar) und der Wuppertaler Stra\u00dfe bleibt trotz der Bauarbeiten bestehen. Umleitungen werden eingerichtet, um den Verkehr umzuleiten. Die BOGESTRA bittet alle Verkehrsteilnehmer, sich auf die ver\u00e4nderte Situation einzustellen und mit\u00a0Verkehrsbehinderungen\u00a0zu rechnen.<\/p>\n","protected":false},"excerpt":{"rendered":"Ver\u00f6ffentlicht:\u00a0Sonntag, 03.08.2025 17:08 Ab dem 4. August wird der Munscheider Damm voll gesperrt. Das f\u00fchrt zu \u00c4nderungen in&hellip;\n","protected":false},"author":2,"featured_media":316169,"comment_status":"","ping_status":"","sticky":false,"template":"","format":"standard","meta":{"footnotes":""},"categories":[1839],"tags":[7507,3364,29,30,1209,2083],"class_list":{"0":"post-316168","1":"post","2":"type-post","3":"status-publish","4":"format-standard","5":"has-post-thumbnail","7":"category-bochum","8":"tag-bochum","9":"tag-de","10":"tag-deutschland","11":"tag-germany","12":"tag-nordrhein-westfalen","13":"tag-sperrungen"},"share_on_mastodon":{"url":"https:\/\/pubeurope.com\/@de\/114965679246343047","error":""},"_links":{"self":[{"href":"https:\/\/www.europesays.com\/de\/wp-json\/wp\/v2\/posts\/316168","targetHints":{"allow":["GET"]}}],"collection":[{"href":"https:\/\/www.europesays.com\/de\/wp-json\/wp\/v2\/posts"}],"about":[{"href":"https:\/\/www.europesays.com\/de\/wp-json\/wp\/v2\/types\/post"}],"author":[{"embeddable":true,"href":"https:\/\/www.europesays.com\/de\/wp-json\/wp\/v2\/users\/2"}],"replies":[{"embeddable":true,"href":"https:\/\/www.europesays.com\/de\/wp-json\/wp\/v2\/comments?post=316168"}],"version-history":[{"count":0,"href":"https:\/\/www.europesays.com\/de\/wp-json\/wp\/v2\/posts\/316168\/revisions"}],"wp:featuredmedia":[{"embeddable":true,"href":"https:\/\/www.europesays.com\/de\/wp-json\/wp\/v2\/media\/316169"}],"wp:attachment":[{"href":"https:\/\/www.europesays.com\/de\/wp-json\/wp\/v2\/media?parent=316168"}],"wp:term":[{"taxonomy":"category","embeddable":true,"href":"https:\/\/www.europesays.com\/de\/wp-json\/wp\/v2\/categories?post=316168"},{"taxonomy":"post_tag","embeddable":true,"href":"https:\/\/www.europesays.com\/de\/wp-json\/wp\/v2\/tags?post=316168"}],"curies":[{"name":"wp","href":"https:\/\/api.w.org\/{rel}","templated":true}]}}