{"id":316188,"date":"2025-08-03T16:13:13","date_gmt":"2025-08-03T16:13:13","guid":{"rendered":"https:\/\/www.europesays.com\/de\/316188\/"},"modified":"2025-08-03T16:13:13","modified_gmt":"2025-08-03T16:13:13","slug":"krieg-in-nahost-deutschland-wirft-erneut-hilfsgueter-ueber-dem-gazastreifen-ab","status":"publish","type":"post","link":"https:\/\/www.europesays.com\/de\/316188\/","title":{"rendered":"Krieg in Nahost &#8211; Deutschland wirft erneut Hilfsg\u00fcter \u00fcber dem Gazastreifen ab"},"content":{"rendered":"<p class=\"article-header-description\">Die Bundeswehr hat erneut Hilfsg\u00fcter \u00fcber dem Gazastreifen abgeworfen.<\/p>\n<p>03.08.2025<\/p>\n<ul class=\"b-social-icons\">\n<li class=\"social-icons-item\">\n<\/li>\n<li class=\"social-icons-item\">\n<p>                      Link kopieren\/teilen<\/p>\n<p class=\"snackbar-content\">Der Link wurde in die Zwischenablage kopiert.<\/p>\n<\/li>\n<li class=\"social-icons-item\"><a title=\"Email\" href=\"mailto:?subject=Deutschland%20wirft%20erneut%20Hilfsg%C3%BCter%20%C3%BCber%20dem%20Gazastreifen%20ab&amp;body=Krieg%20in%20Nahost%0AKrieg%20in%20NahostDeutschland%20wirft%20erneut%20Hilfsg%C3%BCter%20%C3%BCber%20dem%20Gazastreifen%20ab%0ADie%20Bundeswehr%20hat%20erneut%20Hilfsg%C3%BCter%20%C3%BCber%20dem%20Gazastreifen%20abgeworfen.%0Ahttps%3A%2F%2Fwww.deutschlandfunk.de%2Fdeutschland-wirft-erneut-hilfsgueter-ueber-dem-gazastreifen-ab-100.html\" target=\"_blank\" rel=\"noopener noreferrer\" class=\"b-btn-social is-email\" data-tracking=\"{&quot;chapter1&quot;:&quot;Email&quot;,&quot;chapter3&quot;:&quot;Social Media&quot;,&quot;name&quot;:&quot;Social Media&quot;,&quot;chapter2&quot;:&quot;https:\/\/www.deutschlandfunk.de\/deutschland-wirft-erneut-hilfsgueter-ueber-dem-gazastreifen-ab-100.html&quot;,&quot;level2&quot;:&quot;2&quot;}\">\n<p>                      Email<\/a><\/li>\n<\/ul>\n<p>                    <img decoding=\"async\" loading=\"lazy\" class=\"internal-image\" title=\"Eine Palette mit Hilfsg\u00fctern im freien Fall \u00fcber dicht besiedeltem Gebiet - aufgenommen durch die Heckklappe eines Transportflugzeugs. Die Rei\u00dfleine, die den Fallschirm \u00f6ffnet, ist noch mit dem Flugzeug verbunden.\" alt=\"Eine Palette mit Hilfsg\u00fctern im freien Fall \u00fcber dicht besiedeltem Gebiet - aufgenommen durch die Heckklappe eines Transportflugzeugs. Die Rei\u00dfleine, die den Fallschirm \u00f6ffnet, ist noch mit dem Flugzeug verbunden.\" src=\"https:\/\/www.europesays.com\/de\/wp-content\/uploads\/2025\/08\/luftwaffe-airdrop-gaza-hilfsgueter-100-1920x1080.jpg\" \/><\/p>\n<p>                  Die Luftwaffe hat erneut Hilfsg\u00fcter \u00fcber dem Gazastreifen abgeworfen (Archivbild). (Christian Timmig \/ Bundeswehr \/ dpa \/ Christian Timmig)<\/p>\n<p>Ein Sprecher der Luftwaffe sprach gegen\u00fcber der Deutschen Presse-Agentur von insgesamt 44 Paletten. Dabei handele es sich unter anderem um Nahrungsmittel und Medizin-Produkte. F\u00fcr den Wochenbeginn sei ein erneuter Abwurf geplant. Wie das belgische Verteidigungsministerium mitteilte, begann auch die Luftwaffe des Landes damit, in Zusammenarbeit mit Jordanien Hilfsg\u00fcter \u00fcber dem Pal\u00e4stinensischen K\u00fcstenstreifen abzuwerfen.<\/p>\n<p>Diese Nachricht wurde am 03.08.2025 im Programm Deutschlandfunk gesendet.<\/p>\n","protected":false},"excerpt":{"rendered":"Die Bundeswehr hat erneut Hilfsg\u00fcter \u00fcber dem Gazastreifen abgeworfen. 03.08.2025 Link kopieren\/teilen Der Link wurde in die Zwischenablage&hellip;\n","protected":false},"author":2,"featured_media":316189,"comment_status":"","ping_status":"","sticky":false,"template":"","format":"standard","meta":{"footnotes":""},"categories":[2],"tags":[331,3924,332,3922,3364,29,30,13,14,3923,15,3921,12],"class_list":{"0":"post-316188","1":"post","2":"type-post","3":"status-publish","4":"format-standard","5":"has-post-thumbnail","7":"category-deutschland","8":"tag-aktuelle-nachrichten","9":"tag-aktuelle-nachrichten-aus-deutschland","10":"tag-aktuelle-news","11":"tag-aktuelle-news-aus-deutschland","12":"tag-de","13":"tag-deutschland","14":"tag-germany","15":"tag-headlines","16":"tag-nachrichten","17":"tag-nachrichten-aus-deutschland","18":"tag-news","19":"tag-news-aus-deutschland","20":"tag-schlagzeilen"},"share_on_mastodon":{"url":"https:\/\/pubeurope.com\/@de\/114965722806134677","error":""},"_links":{"self":[{"href":"https:\/\/www.europesays.com\/de\/wp-json\/wp\/v2\/posts\/316188","targetHints":{"allow":["GET"]}}],"collection":[{"href":"https:\/\/www.europesays.com\/de\/wp-json\/wp\/v2\/posts"}],"about":[{"href":"https:\/\/www.europesays.com\/de\/wp-json\/wp\/v2\/types\/post"}],"author":[{"embeddable":true,"href":"https:\/\/www.europesays.com\/de\/wp-json\/wp\/v2\/users\/2"}],"replies":[{"embeddable":true,"href":"https:\/\/www.europesays.com\/de\/wp-json\/wp\/v2\/comments?post=316188"}],"version-history":[{"count":0,"href":"https:\/\/www.europesays.com\/de\/wp-json\/wp\/v2\/posts\/316188\/revisions"}],"wp:featuredmedia":[{"embeddable":true,"href":"https:\/\/www.europesays.com\/de\/wp-json\/wp\/v2\/media\/316189"}],"wp:attachment":[{"href":"https:\/\/www.europesays.com\/de\/wp-json\/wp\/v2\/media?parent=316188"}],"wp:term":[{"taxonomy":"category","embeddable":true,"href":"https:\/\/www.europesays.com\/de\/wp-json\/wp\/v2\/categories?post=316188"},{"taxonomy":"post_tag","embeddable":true,"href":"https:\/\/www.europesays.com\/de\/wp-json\/wp\/v2\/tags?post=316188"}],"curies":[{"name":"wp","href":"https:\/\/api.w.org\/{rel}","templated":true}]}}