{"id":316287,"date":"2025-08-03T17:08:26","date_gmt":"2025-08-03T17:08:26","guid":{"rendered":"https:\/\/www.europesays.com\/de\/316287\/"},"modified":"2025-08-03T17:08:26","modified_gmt":"2025-08-03T17:08:26","slug":"braunschweig-bezwingt-magdeburg-in-unterzahl","status":"publish","type":"post","link":"https:\/\/www.europesays.com\/de\/316287\/","title":{"rendered":"Braunschweig bezwingt Magdeburg in Unterzahl"},"content":{"rendered":"<ol class=\"id-DonaldBreadcrumb lp_west_breadcrumb id-DonaldBreadcrumb--default\" data-k5a-pos=\"west_breadcrumb\">\n<li class=\"id-Breadcrumb-item\"><a href=\"https:\/\/www.soester-anzeiger.de\/\" class=\"id-Breadcrumb-link\" data-id-ec=\"{\" shn=\"\" textlink=\"\" anzeiger=\"\" data-k5a-pos=\"1_soesterAnzeiger\" rel=\"nofollow noopener\" target=\"_blank\">Soester Anzeiger<\/a><\/li>\n<li class=\"id-Breadcrumb-item\"><a href=\"https:\/\/www.soester-anzeiger.de\/sport\/\" class=\"id-Breadcrumb-link\" data-id-ec=\"{\" shn=\"\" textlink=\"\" data-k5a-pos=\"2_sport\" rel=\"nofollow noopener\" target=\"_blank\">Sport<\/a><\/li>\n<li class=\"id-Breadcrumb-item\"><a href=\"https:\/\/www.soester-anzeiger.de\/sport\/fussball\/\" class=\"id-Breadcrumb-link\" data-id-ec=\"{\" shn=\"\" textlink=\"\" data-k5a-pos=\"3_fussball\" rel=\"nofollow noopener\" target=\"_blank\">Fu\u00dfball<\/a><\/li>\n<\/ol>\n<p class=\"id-Story-timestamp id-Story-timestamp--default\">Stand: 03.08.2025, 15:40 Uhr<\/p>\n<p class=\"id-Story-interactionBar id-Story-interactionBar--default\">DruckenTeilen<\/p>\n<p><img decoding=\"async\" class=\"id-RatioPlaceholder-element wv_story_el_image\" src=\"https:\/\/www.europesays.com\/de\/wp-content\/uploads\/2025\/08\/39188523-fc-magdeburg-eintracht-braunschweig-1dfe.jpg\" loading=\"eager\" fetchpriority=\"high\"   height=\"619\" width=\"1100\" alt=\"1. FC Magdeburg - Eintracht Braunschweig\"\/>Mehmet Aydin nimmt Ma\u00df zum F\u00fchrungstreffer \u00a9\u00a0Andreas Gora\/dpa<\/p>\n<p class=\"id-StoryElement-leadText\">Beim Saisonauftakt der 2. Bundesliga dominiert der 1. FC Magdeburg \u00fcber weite Strecken die G\u00e4ste aus Braunschweig. Weil Magdeburg aber gl\u00fccklos agiert, reicht den Niedersachsen ein Tor.<\/p>\n<p class=\"id-StoryElement-paragraph\">Magdeburg &#8211; Eintracht Braunschweig hat trotz Unterzahl sein Auftaktspiel in der 2. Fu\u00dfball-Bundesliga beim 1. FC Magdeburg gewonnen. Im Nachbarschaftsduell setzten sich die Niedersachsen vor 28.780 Zuschauern mit 1:0 (0:0) durch. Das sehenswerte Siegtor erzielte Mehmet Aydin (82. Minute). Zuvor hatte sein Mitspieler Kevin Ehlers die Rote Karte gesehen (54.)<\/p>\n<p><img decoding=\"async\" class=\"id-RatioPlaceholder-element wv_story_el_image\" src=\"https:\/\/www.europesays.com\/de\/wp-content\/uploads\/2025\/08\/39188524-fc-magdeburg-eintracht-braunschweig-PABG.jpg\" loading=\"lazy\"   height=\"718\" width=\"1100\" alt=\"1. FC Magdeburg - Eintracht Braunschweig\"\/>Kevin Ehlers (l) sieht die Rote Karte \u00a9\u00a0Andreas Gora\/dpa<\/p>\n<p class=\"id-StoryElement-paragraph\">Beide Trainer gaben ihr Zweitligadeb\u00fct: Markus Fiedler f\u00fcr den FCM und Heiner Backhaus f\u00fcr die Eintracht. Die Teams zeigten ein hohes Tempo, wobei Braunschweig auf Fehler der Magdeburger lauerte.<\/p>\n<p>Hohes Tempo, wenig Chancen<\/p>\n<p class=\"id-StoryElement-paragraph\">Trotz des hohen Tempos entstanden kaum Torchancen, bei der besten setzte Magdeburgs Martijn Kaars einen Schuss an den Pfosten (27.). Magdeburg wurde nun st\u00e4rker, traf aber das Tor nicht. Da auch die G\u00e4ste nur selten L\u00fccken in der FCM-Abwehr fanden, ging es torlos in die Pause.<\/p>\n<p class=\"id-StoryElement-paragraph\">Unver\u00e4ndert kehrten die Teams zur\u00fcck und Braunschweig hatte die erste Gelegenheit, doch Dominik Reimann parierte den Abschluss von Aydin (49.). Inmitten der Braunschweiger Druckphase sah Ehlers nach einem Foul an Marcus Mathisen Rot. Magdeburg wurde im Anschluss noch dominanter, es fehlte aber an Ideen und Pr\u00e4zision. Stattdessen traf Aydin nach einem Ballgewinn an der Mittellinie mit einem fulminanten Abschluss aus der Distanz. dpa<\/p>\n","protected":false},"excerpt":{"rendered":"Soester Anzeiger Sport Fu\u00dfball Stand: 03.08.2025, 15:40 Uhr DruckenTeilen Mehmet Aydin nimmt Ma\u00df zum F\u00fchrungstreffer \u00a9\u00a0Andreas Gora\/dpa Beim&hellip;\n","protected":false},"author":2,"featured_media":316288,"comment_status":"","ping_status":"","sticky":false,"template":"","format":"standard","meta":{"footnotes":""},"categories":[1850],"tags":[6429,3364,29,548,663,3934,30,13,14,15,1411,12],"class_list":{"0":"post-316287","1":"post","2":"type-post","3":"status-publish","4":"format-standard","5":"has-post-thumbnail","7":"category-braunschweig","8":"tag-braunschweig","9":"tag-de","10":"tag-deutschland","11":"tag-eu","12":"tag-europa","13":"tag-europe","14":"tag-germany","15":"tag-headlines","16":"tag-nachrichten","17":"tag-news","18":"tag-niedersachsen","19":"tag-schlagzeilen"},"share_on_mastodon":{"url":"https:\/\/pubeurope.com\/@de\/114965938427612677","error":""},"_links":{"self":[{"href":"https:\/\/www.europesays.com\/de\/wp-json\/wp\/v2\/posts\/316287","targetHints":{"allow":["GET"]}}],"collection":[{"href":"https:\/\/www.europesays.com\/de\/wp-json\/wp\/v2\/posts"}],"about":[{"href":"https:\/\/www.europesays.com\/de\/wp-json\/wp\/v2\/types\/post"}],"author":[{"embeddable":true,"href":"https:\/\/www.europesays.com\/de\/wp-json\/wp\/v2\/users\/2"}],"replies":[{"embeddable":true,"href":"https:\/\/www.europesays.com\/de\/wp-json\/wp\/v2\/comments?post=316287"}],"version-history":[{"count":0,"href":"https:\/\/www.europesays.com\/de\/wp-json\/wp\/v2\/posts\/316287\/revisions"}],"wp:featuredmedia":[{"embeddable":true,"href":"https:\/\/www.europesays.com\/de\/wp-json\/wp\/v2\/media\/316288"}],"wp:attachment":[{"href":"https:\/\/www.europesays.com\/de\/wp-json\/wp\/v2\/media?parent=316287"}],"wp:term":[{"taxonomy":"category","embeddable":true,"href":"https:\/\/www.europesays.com\/de\/wp-json\/wp\/v2\/categories?post=316287"},{"taxonomy":"post_tag","embeddable":true,"href":"https:\/\/www.europesays.com\/de\/wp-json\/wp\/v2\/tags?post=316287"}],"curies":[{"name":"wp","href":"https:\/\/api.w.org\/{rel}","templated":true}]}}